{"id":5916,"date":"2021-12-13T15:00:00","date_gmt":"2021-12-13T18:00:00","guid":{"rendered":"https:\/\/blog.essencialmaquinas.com.br\/?p=5916"},"modified":"2021-12-13T15:16:41","modified_gmt":"2021-12-13T18:16:41","slug":"6-razoes-para-maquina-de-cafe-no-escritorio","status":"publish","type":"post","link":"https:\/\/essencialmaquinas.com.br\/blog\/6-razoes-para-maquina-de-cafe-no-escritorio\/","title":{"rendered":"6 raz\u00f5es para ter uma m\u00e1quina de caf\u00e9 em seu escrit\u00f3rio"},"content":{"rendered":"\n<p>Se voc\u00ea \u00e9 um gestor em um ambiente corporativo e est\u00e1 lendo este artigo, provavelmente, deve estar se perguntando neste momento se vale a pena ou n\u00e3o investir em uma m\u00e1quina de caf\u00e9 para a o seu escrit\u00f3rio.<\/p>\n\n\n\n<p>\u00c9 compreens\u00edvel que voc\u00ea deve ponderar sobre essa decis\u00e3o, por\u00e9m depois de ler a lista a seguir voc\u00ea ter\u00e1 certeza que essa \u00e9 a escolha certa para seus funcion\u00e1rios e para o seu neg\u00f3cio. Os benef\u00edcios claramente superam qualquer capital que voc\u00ea precise investir.<\/p>\n\n\n\n<p>Dito isso, conhe\u00e7a a seguir 6 vantagens de ter uma m\u00e1quina de caf\u00e9 em seu escrit\u00f3rio.<\/p>\n\n\n\n<h2 class=\"wp-block-heading\">1. Aumenta a produtividade<\/h2>\n\n\n\n<p>Este motivo \u00e9 razoavelmente \u00f3bvio, j\u00e1 que muitos funcion\u00e1rios precisam de uma dose de cafe\u00edna para come\u00e7ar a manh\u00e3 ou aquele impulso extra no foco ao logo da tarde.<\/p>\n\n\n\n<p>A ingest\u00e3o de uma dose de cafe\u00edna pode ajudar a aumentar os n\u00edveis de energia, o que, por sua vez, pode resultar em mais produtividade. O caf\u00e9 ajuda as pessoas a se sentirem mais energizadas e \u00e9 conhecido por melhorar os n\u00edveis de aten\u00e7\u00e3o.<\/p>\n\n\n\n<p>A melhoria pode n\u00e3o ser percebida no in\u00edcio, por\u00e9m o aumento na produtividade de seus funcion\u00e1rios tende a trazer retorno no longo prazo. Nada mal para um humilde copo de caf\u00e9, certo?<\/p>\n\n\n\n<h2 class=\"wp-block-heading\">2. Promove networking e socializa\u00e7\u00e3o<\/h2>\n\n\n\n<p>Quando os funcion\u00e1rios fazem uma pausa para o caf\u00e9, eles formam la\u00e7os sociais importantes, conversando sobre trabalho, estresses di\u00e1rios ou conversas triviais em geral. Fazer pausas para o caf\u00e9 pode inclusive melhorar a produtividade geral ao longo do dia.<\/p>\n\n\n\n<p>Al\u00e9m disso, quando fazem pausas para o caf\u00e9, muitos colegas de trabalho, informalmente, fazem um <em>brainstorming<\/em> de diferentes problemas e poss\u00edveis solu\u00e7\u00f5es para os projetos que andam trabalhando &#8211; tudo movido a muita cafe\u00edna na copa do escrit\u00f3rio.<\/p>\n\n\n\n<h2 class=\"wp-block-heading\">3. Melhora o humor<\/h2>\n\n\n\n<p>Para muitos a cafe\u00edna ajuda a melhorar os n\u00edveis de humor. Isso, por sua vez, ajuda a ter mais clareza mental e foco. O ambiente e o fluxo de trabalhos melhorar\u00e3o quando o cansa\u00e7o matinal \u2013 ou pregui\u00e7a matutina &#8211; \u00e9 dissipado com um pouco de cafe\u00edna.<\/p>\n\n\n\n<p>Ao fornecer caf\u00e9 para seus funcion\u00e1rios, voc\u00ea est\u00e1 dando um passo importante na valoriza\u00e7\u00e3o da sa\u00fade e do bem-estar de todos que fazem parte do seu time.<\/p>\n\n\n\n<h2 class=\"wp-block-heading\">4. Promove um ambiente acolhedor<\/h2>\n\n\n\n<p>Uma m\u00e1quina de caf\u00e9 \u00e9 uma maneira f\u00e1cil, e quase garantida, de fazer seus funcion\u00e1rios se sentirem \u00e0 vontade no ambiente de trabalho; \u00e9 uma pequena forma de mostrar que voc\u00ea se importa.<\/p>\n\n\n\n<p>Ao criar um ambiente aconchegante, voc\u00ea pode ajudar at\u00e9 mesmo a reduzir a taxa de rotatividade, por exemplo. Definitivamente, ter uma m\u00e1quina de caf\u00e9 no escrit\u00f3rio ajuda seus funcion\u00e1rios a se sentirem valorizados.<\/p>\n\n\n\n<h2 class=\"wp-block-heading\">5. Mant\u00e9m os funcion\u00e1rios no local de trabalho<\/h2>\n\n\n\n<p>Em vez de fazer seus funcion\u00e1rios correrem para a padaria mais pr\u00f3xima na hora do intervalo, voc\u00ea pode ajud\u00e1-los a economizar tempo e dinheiro fornecendo um caf\u00e9 ali mesmo, no escrit\u00f3rio.<\/p>\n\n\n\n<p>N\u00e3o importa o que aconte\u00e7a, uma pausa de dez ou quinze minutos pode se esticar para mais do que isso, especialmente se eles sa\u00edrem do seu local de trabalho.<\/p>\n\n\n\n<p>Seus funcion\u00e1rios ser\u00e3o capazes de economizar tempo e permanecer focados nas suas tarefas com uma m\u00e1quina de caf\u00e9 a disposi\u00e7\u00e3o dentro do escrit\u00f3rio.<\/p>\n\n\n\n<h2 class=\"wp-block-heading\">6. Melhora o moral do escrit\u00f3rio<\/h2>\n\n\n\n<p>Por fim, o clima geral no local de trabalho melhorar\u00e1 com o fornecimento de uma m\u00e1quina de caf\u00e9 aos funcion\u00e1rios. As pessoas precisam se sentir importantes, e fornecer um cafezinho para as manh\u00e3s frios ou tardes estressantes \u00e9 um \u00f3timo come\u00e7o.<\/p>\n\n\n\n<p>Al\u00e9m disso, o caf\u00e9 pode ajudar a manter as pessoas comprometidas no local de trabalho. A desonestidade e a quebra de regras costumam ocorrer quando as pessoas est\u00e3o cansadas, desmotivadas ou frustradas com seu trabalho.<\/p>\n\n\n\n<h2 class=\"wp-block-heading\">Para finalizar<\/h2>\n\n\n\n<p>O caf\u00e9 \u00e9 uma das bebidas mais populares do mundo por um motivo. Desde seus benef\u00edcios para a sa\u00fade at\u00e9 o aumento dos n\u00edveis de energia, o caf\u00e9 pode ajudar seus funcion\u00e1rios de v\u00e1rias maneiras.<\/p>\n\n\n\n<p>Esperamos que essa lista tenha deixado claro os benef\u00edcios de se ter uma m\u00e1quina de caf\u00e9 em seu escrit\u00f3rio. Seus funcion\u00e1rios se sentir\u00e3o valorizados, a produ\u00e7\u00e3o aumentar\u00e1 e haver\u00e1 uma melhoria geral no clima do escrit\u00f3rio &#8211; e isso \u00e9 algo que todos os gestores desejam e precisam.<\/p>\n\n\n\n<p>Curtiu a ideia? Ent\u00e3o, entre em contato conosco. Adoramos falar sobre m\u00e1quinas de caf\u00e9!<\/p>\n\n\n\n<p>Aqui na <a href=\"https:\/\/essencialmaquinas.com.br\/\" target=\"_blank\" rel=\"noreferrer noopener\">Essencial M\u00e1quinas de caf\u00e9<\/a>, acreditamos que os nossos anos de experi\u00eancia nos colocam na melhor posi\u00e7\u00e3o para ajud\u00e1-lo a escolher a m\u00e1quina de caf\u00e9 certa para suas necessidades.<\/p>\n\n\n\n<div class=\"wp-block-group is-layout-flow wp-block-group-is-layout-flow\">\n<div class=\"wp-block-cover aligncenter has-parallax is-light has-white-color has-text-color has-link-color wp-elements-7bd5d06bb064756df6c127ce23aab4b7\" style=\"min-height:20rem;aspect-ratio:unset;\"><span aria-hidden=\"true\" class=\"wp-block-cover__background has-background-dim-0 has-background-dim\"><\/span><div class=\"wp-block-cover__image-background wp-image-5948 has-parallax\" style=\"background-position:50% 50%;background-image:url(https:\/\/essencialmaquinas.com.br\/blog\/wp-content\/uploads\/2021\/12\/coffee-cup-parallax.jpg)\"><\/div><div class=\"wp-block-cover__inner-container is-layout-flow wp-block-cover-is-layout-flow\">\n<div class=\"wp-block-columns is-layout-flex wp-container-core-columns-is-layout-9d6595d7 wp-block-columns-is-layout-flex\">\n<div class=\"wp-block-column is-layout-flow wp-block-column-is-layout-flow\" style=\"flex-basis:69%\">\n<div class=\"wp-block-buttons is-layout-flex wp-block-buttons-is-layout-flex\">\n<div class=\"wp-block-button has-custom-font-size is-style-outline is-style-outline--1\" style=\"font-size:15px\"><a class=\"wp-block-button__link wp-element-button\" href=\"https:\/\/essencialmaquinas.com.br\/aluguel-de-maquina-de-cafe\" target=\"_blank\" rel=\"noreferrer noopener\"> Aluguel de M\u00e1quina de Caf\u00e9<\/a><\/div>\n\n\n\n<div class=\"wp-block-button has-custom-font-size is-style-outline is-style-outline--2\" style=\"font-size:15px\"><a class=\"wp-block-button__link wp-element-button\" href=\"https:\/\/essencialmaquinas.com.br\/maquina-de-cafe-para-venda\" target=\"_blank\" rel=\"noreferrer noopener\"> M\u00e1quina de Caf\u00e9 para Venda <\/a><\/div>\n\n\n\n<div class=\"wp-block-button has-custom-font-size is-style-outline is-style-outline--3\" style=\"font-size:15px\"><a class=\"wp-block-button__link wp-element-button\" href=\"https:\/\/essencialmaquinas.com.br\/maquina-de-cafe-comodato\" target=\"_blank\" rel=\"noreferrer noopener\">M\u00e1quina de Caf\u00e9 em Comodato<\/a><\/div>\n\n\n\n<div class=\"wp-block-button has-custom-font-size is-style-outline is-style-outline--4\" style=\"font-size:15px\"><a class=\"wp-block-button__link wp-element-button\" href=\"https:\/\/essencialmaquinas.com.br\/maquina-de-cafe-para-evento\" target=\"_blank\" rel=\"noreferrer noopener\">M\u00e1quina de Caf\u00e9 para Evento<\/a><\/div>\n<\/div>\n<\/div>\n\n\n\n<div class=\"wp-block-column is-layout-flow wp-block-column-is-layout-flow\"><\/div>\n<\/div>\n<\/div><\/div>\n\n\n\n<p>Ligue em um dos nossos telefones &#8211; <a href=\"tel:+55-51-35190772\">(51) 3519.0772<\/a> ou <a href=\"tel:+55-51-35190772\">(51) <\/a><a href=\"tel:+55-51-35190776\">3519.0776<\/a>, <a rel=\"noreferrer noopener\" href=\"https:\/\/essencialmaquinas.com.br\/\" target=\"_blank\">visite nosso site<\/a> ou nos chame no <a rel=\"noreferrer noopener\" href=\"https:\/\/api.whatsapp.com\/send?phone=5551997172863\" target=\"_blank\">WhatsApp da Essencial M\u00e1quina de Caf\u00e9<\/a> e fique por dentro de todos os produtos que oferecemos, al\u00e9m das condi\u00e7\u00f5es de contrato e op\u00e7\u00f5es para o seu escrit\u00f3rio.<\/p>\n<\/div>\n\n\n\n<p><\/p>\n","protected":false},"excerpt":{"rendered":"<p>Se voc\u00ea \u00e9 um gestor em um ambiente corporativo e est\u00e1 lendo este artigo, provavelmente, deve estar se perguntando neste momento se vale a pena&#8230;<\/p>\n","protected":false},"author":4,"featured_media":5917,"comment_status":"closed","ping_status":"closed","sticky":false,"template":"","format":"standard","meta":{"footnotes":""},"categories":[23],"tags":[36,40,38,39,37,28,35],"class_list":{"0":"post-5916","1":"post","2":"type-post","3":"status-publish","4":"format-standard","5":"has-post-thumbnail","7":"category-maquinas-de-cafe","8":"tag-aluguel-de-maquina-de-cafe","9":"tag-aumenta-a-produtividade","10":"tag-aumentar-a-produtividade","11":"tag-bem-estar-dos-funcionarios","12":"tag-comprar-maquina-de-cafe","13":"tag-maquina-de-cafe","14":"tag-maquina-de-cafe-no-escritorio"},"yoast_head":"<!-- This site is optimized with the Yoast SEO plugin v27.5 - https:\/\/yoast.com\/product\/yoast-seo-wordpress\/ -->\n<title>6 raz\u00f5es para ter uma m\u00e1quina de caf\u00e9 em seu escrit\u00f3rio<\/title>\n<meta name=\"description\" content=\"Os benef\u00edcios de ter uma m\u00e1quina de caf\u00e9 no escrit\u00f3rio. Funcion\u00e1rios se sentir\u00e3o valorizados, a produ\u00e7\u00e3o aumentar\u00e1 e haver\u00e1 melhoria geral\" \/>\n<meta name=\"robots\" content=\"index, follow, max-snippet:-1, max-image-preview:large, max-video-preview:-1\" \/>\n<link rel=\"canonical\" href=\"https:\/\/essencialmaquinas.com.br\/blog\/6-razoes-para-maquina-de-cafe-no-escritorio\/\" \/>\n<meta property=\"og:locale\" content=\"pt_BR\" \/>\n<meta property=\"og:type\" content=\"article\" \/>\n<meta property=\"og:title\" content=\"6 raz\u00f5es para ter uma m\u00e1quina de caf\u00e9 em seu escrit\u00f3rio\" \/>\n<meta property=\"og:description\" content=\"Os benef\u00edcios de ter uma m\u00e1quina de caf\u00e9 no escrit\u00f3rio. Funcion\u00e1rios se sentir\u00e3o valorizados, a produ\u00e7\u00e3o aumentar\u00e1 e haver\u00e1 melhoria geral\" \/>\n<meta property=\"og:url\" content=\"https:\/\/essencialmaquinas.com.br\/blog\/6-razoes-para-maquina-de-cafe-no-escritorio\/\" \/>\n<meta property=\"og:site_name\" content=\"Essencial M\u00e1quinas de Caf\u00e9\" \/>\n<meta property=\"article:publisher\" content=\"https:\/\/www.facebook.com\/essencialmaquinas\/\" \/>\n<meta property=\"article:published_time\" content=\"2021-12-13T18:00:00+00:00\" \/>\n<meta property=\"article:modified_time\" content=\"2021-12-13T18:16:41+00:00\" \/>\n<meta property=\"og:image\" content=\"https:\/\/essencialmaquinas.com.br\/blog\/wp-content\/uploads\/2021\/12\/maquina-cafe-escritorio.jpg\" \/>\n\t<meta property=\"og:image:width\" content=\"1920\" \/>\n\t<meta property=\"og:image:height\" content=\"1280\" \/>\n\t<meta property=\"og:image:type\" content=\"image\/jpeg\" \/>\n<meta name=\"author\" content=\"Diogo Negrello\" \/>\n<meta name=\"twitter:card\" content=\"summary_large_image\" \/>\n<meta name=\"twitter:label1\" content=\"Escrito por\" \/>\n\t<meta name=\"twitter:data1\" content=\"Diogo Negrello\" \/>\n\t<meta name=\"twitter:label2\" content=\"Est. tempo de leitura\" \/>\n\t<meta name=\"twitter:data2\" content=\"4 minutos\" \/>\n<script type=\"application\/ld+json\" class=\"yoast-schema-graph\">{\"@context\":\"https:\\\/\\\/schema.org\",\"@graph\":[{\"@type\":\"Article\",\"@id\":\"https:\\\/\\\/essencialmaquinas.com.br\\\/blog\\\/6-razoes-para-maquina-de-cafe-no-escritorio\\\/#article\",\"isPartOf\":{\"@id\":\"https:\\\/\\\/essencialmaquinas.com.br\\\/blog\\\/6-razoes-para-maquina-de-cafe-no-escritorio\\\/\"},\"author\":{\"name\":\"Diogo Negrello\",\"@id\":\"https:\\\/\\\/essencialmaquinas.com.br\\\/#\\\/schema\\\/person\\\/c321763d791f5ab47f06f495e1c03e24\"},\"headline\":\"6 raz\u00f5es para ter uma m\u00e1quina de caf\u00e9 em seu escrit\u00f3rio\",\"datePublished\":\"2021-12-13T18:00:00+00:00\",\"dateModified\":\"2021-12-13T18:16:41+00:00\",\"mainEntityOfPage\":{\"@id\":\"https:\\\/\\\/essencialmaquinas.com.br\\\/blog\\\/6-razoes-para-maquina-de-cafe-no-escritorio\\\/\"},\"wordCount\":821,\"publisher\":{\"@id\":\"https:\\\/\\\/essencialmaquinas.com.br\\\/#organization\"},\"image\":{\"@id\":\"https:\\\/\\\/essencialmaquinas.com.br\\\/blog\\\/6-razoes-para-maquina-de-cafe-no-escritorio\\\/#primaryimage\"},\"thumbnailUrl\":\"https:\\\/\\\/essencialmaquinas.com.br\\\/blog\\\/wp-content\\\/uploads\\\/2021\\\/12\\\/maquina-cafe-escritorio.jpg\",\"keywords\":[\"aluguel de m\u00e1quina de caf\u00e9\",\"aumenta a produtividade\",\"aumentar a produtividade\",\"bem-estar dos funcion\u00e1rios\",\"comprar m\u00e1quina de caf\u00e9\",\"m\u00e1quina de caf\u00e9\",\"m\u00e1quina de caf\u00e9 no escrit\u00f3rio\"],\"articleSection\":[\"M\u00e1quinas de Caf\u00e9\"],\"inLanguage\":\"pt-BR\"},{\"@type\":\"WebPage\",\"@id\":\"https:\\\/\\\/essencialmaquinas.com.br\\\/blog\\\/6-razoes-para-maquina-de-cafe-no-escritorio\\\/\",\"url\":\"https:\\\/\\\/essencialmaquinas.com.br\\\/blog\\\/6-razoes-para-maquina-de-cafe-no-escritorio\\\/\",\"name\":\"6 raz\u00f5es para ter uma m\u00e1quina de caf\u00e9 em seu escrit\u00f3rio\",\"isPartOf\":{\"@id\":\"https:\\\/\\\/essencialmaquinas.com.br\\\/#website\"},\"primaryImageOfPage\":{\"@id\":\"https:\\\/\\\/essencialmaquinas.com.br\\\/blog\\\/6-razoes-para-maquina-de-cafe-no-escritorio\\\/#primaryimage\"},\"image\":{\"@id\":\"https:\\\/\\\/essencialmaquinas.com.br\\\/blog\\\/6-razoes-para-maquina-de-cafe-no-escritorio\\\/#primaryimage\"},\"thumbnailUrl\":\"https:\\\/\\\/essencialmaquinas.com.br\\\/blog\\\/wp-content\\\/uploads\\\/2021\\\/12\\\/maquina-cafe-escritorio.jpg\",\"datePublished\":\"2021-12-13T18:00:00+00:00\",\"dateModified\":\"2021-12-13T18:16:41+00:00\",\"description\":\"Os benef\u00edcios de ter uma m\u00e1quina de caf\u00e9 no escrit\u00f3rio. Funcion\u00e1rios se sentir\u00e3o valorizados, a produ\u00e7\u00e3o aumentar\u00e1 e haver\u00e1 melhoria geral\",\"breadcrumb\":{\"@id\":\"https:\\\/\\\/essencialmaquinas.com.br\\\/blog\\\/6-razoes-para-maquina-de-cafe-no-escritorio\\\/#breadcrumb\"},\"inLanguage\":\"pt-BR\",\"potentialAction\":[{\"@type\":\"ReadAction\",\"target\":[\"https:\\\/\\\/essencialmaquinas.com.br\\\/blog\\\/6-razoes-para-maquina-de-cafe-no-escritorio\\\/\"]}]},{\"@type\":\"ImageObject\",\"inLanguage\":\"pt-BR\",\"@id\":\"https:\\\/\\\/essencialmaquinas.com.br\\\/blog\\\/6-razoes-para-maquina-de-cafe-no-escritorio\\\/#primaryimage\",\"url\":\"https:\\\/\\\/essencialmaquinas.com.br\\\/blog\\\/wp-content\\\/uploads\\\/2021\\\/12\\\/maquina-cafe-escritorio.jpg\",\"contentUrl\":\"https:\\\/\\\/essencialmaquinas.com.br\\\/blog\\\/wp-content\\\/uploads\\\/2021\\\/12\\\/maquina-cafe-escritorio.jpg\",\"width\":1920,\"height\":1280,\"caption\":\"Empres\u00e1rios e funcion\u00e1rios fazendo uma pausa para o caf\u00e9\"},{\"@type\":\"BreadcrumbList\",\"@id\":\"https:\\\/\\\/essencialmaquinas.com.br\\\/blog\\\/6-razoes-para-maquina-de-cafe-no-escritorio\\\/#breadcrumb\",\"itemListElement\":[{\"@type\":\"ListItem\",\"position\":1,\"name\":\"In\u00edcio\",\"item\":\"https:\\\/\\\/essencialmaquinas.com.br\\\/blog\\\/\"},{\"@type\":\"ListItem\",\"position\":2,\"name\":\"M\u00e1quinas de Caf\u00e9\",\"item\":\"https:\\\/\\\/essencialmaquinas.com.br\\\/blog\\\/category\\\/maquinas-de-cafe\\\/\"},{\"@type\":\"ListItem\",\"position\":3,\"name\":\"6 raz\u00f5es para ter uma m\u00e1quina de caf\u00e9 em seu escrit\u00f3rio\"}]},{\"@type\":\"WebSite\",\"@id\":\"https:\\\/\\\/essencialmaquinas.com.br\\\/#website\",\"url\":\"https:\\\/\\\/essencialmaquinas.com.br\\\/\",\"name\":\"Essencial M\u00e1quinas de Caf\u00e9\",\"description\":\"Novidades e curiosidades sobre as m\u00e1quinas de caf\u00e9 e insumos\",\"publisher\":{\"@id\":\"https:\\\/\\\/essencialmaquinas.com.br\\\/#organization\"},\"potentialAction\":[{\"@type\":\"SearchAction\",\"target\":{\"@type\":\"EntryPoint\",\"urlTemplate\":\"https:\\\/\\\/essencialmaquinas.com.br\\\/?s={search_term_string}\"},\"query-input\":{\"@type\":\"PropertyValueSpecification\",\"valueRequired\":true,\"valueName\":\"search_term_string\"}}],\"inLanguage\":\"pt-BR\"},{\"@type\":\"Organization\",\"@id\":\"https:\\\/\\\/essencialmaquinas.com.br\\\/#organization\",\"name\":\"Essencial M\u00e1quinas de Caf\u00e9\",\"url\":\"https:\\\/\\\/essencialmaquinas.com.br\\\/\",\"logo\":{\"@type\":\"ImageObject\",\"inLanguage\":\"pt-BR\",\"@id\":\"https:\\\/\\\/essencialmaquinas.com.br\\\/#\\\/schema\\\/logo\\\/image\\\/\",\"url\":\"https:\\\/\\\/essencialmaquinas.com.br\\\/blog\\\/wp-content\\\/uploads\\\/2021\\\/12\\\/essencial-maquinas-logo.png\",\"contentUrl\":\"https:\\\/\\\/essencialmaquinas.com.br\\\/blog\\\/wp-content\\\/uploads\\\/2021\\\/12\\\/essencial-maquinas-logo.png\",\"width\":250,\"height\":67,\"caption\":\"Essencial M\u00e1quinas de Caf\u00e9\"},\"image\":{\"@id\":\"https:\\\/\\\/essencialmaquinas.com.br\\\/#\\\/schema\\\/logo\\\/image\\\/\"},\"sameAs\":[\"https:\\\/\\\/www.facebook.com\\\/essencialmaquinas\\\/\",\"https:\\\/\\\/www.instagram.com\\\/essencial_maquinas\\\/\",\"https:\\\/\\\/www.youtube.com\\\/channel\\\/UCRV9nmg2xPS4gy_Lil7BWVQ\"]},{\"@type\":\"Person\",\"@id\":\"https:\\\/\\\/essencialmaquinas.com.br\\\/#\\\/schema\\\/person\\\/c321763d791f5ab47f06f495e1c03e24\",\"name\":\"Diogo Negrello\",\"image\":{\"@type\":\"ImageObject\",\"inLanguage\":\"pt-BR\",\"@id\":\"https:\\\/\\\/essencialmaquinas.com.br\\\/blog\\\/wp-content\\\/uploads\\\/2025\\\/10\\\/cropped-diogo-negrello-96x96.webp\",\"url\":\"https:\\\/\\\/essencialmaquinas.com.br\\\/blog\\\/wp-content\\\/uploads\\\/2025\\\/10\\\/cropped-diogo-negrello-96x96.webp\",\"contentUrl\":\"https:\\\/\\\/essencialmaquinas.com.br\\\/blog\\\/wp-content\\\/uploads\\\/2025\\\/10\\\/cropped-diogo-negrello-96x96.webp\",\"caption\":\"Diogo Negrello\"},\"description\":\"Diogo Artur Negrello \u00e9 CEO da Essencial M\u00e1quinas de Caf\u00e9, sediada em Porto Alegre (RS). Formado pela PUC-RS, Diogo lidera a empresa desde sua funda\u00e7\u00e3o em 2015, atuando no mercado de loca\u00e7\u00e3o, venda e manuten\u00e7\u00e3o de m\u00e1quinas autom\u00e1ticas de caf\u00e9 para ambientes corporativos e eventos. Com foco em excel\u00eancia, inova\u00e7\u00e3o e experi\u00eancia de consumo, acredita que \u201cuma boa x\u00edcara de caf\u00e9 pode ser o come\u00e7o de grandes ideias\u201d. Fora do expediente, \u00e9 casado, torcedor do SC Internacional e est\u00e1 sempre aprendendo. Siga-o no Instagram @diogonegrello para acompanhar sua vis\u00e3o e a trajet\u00f3ria da Essencial M\u00e1quinas de Caf\u00e9.\",\"sameAs\":[\"https:\\\/\\\/essencialmaquinas.com.br\\\/\",\"https:\\\/\\\/www.instagram.com\\\/diogonegrello\\\/\"],\"url\":\"https:\\\/\\\/essencialmaquinas.com.br\\\/blog\\\/author\\\/negrello_diogo_redator\\\/\"}]}<\/script>\n<!-- \/ Yoast SEO plugin. -->","yoast_head_json":{"title":"6 raz\u00f5es para ter uma m\u00e1quina de caf\u00e9 em seu escrit\u00f3rio","description":"Os benef\u00edcios de ter uma m\u00e1quina de caf\u00e9 no escrit\u00f3rio. Funcion\u00e1rios se sentir\u00e3o valorizados, a produ\u00e7\u00e3o aumentar\u00e1 e haver\u00e1 melhoria geral","robots":{"index":"index","follow":"follow","max-snippet":"max-snippet:-1","max-image-preview":"max-image-preview:large","max-video-preview":"max-video-preview:-1"},"canonical":"https:\/\/essencialmaquinas.com.br\/blog\/6-razoes-para-maquina-de-cafe-no-escritorio\/","og_locale":"pt_BR","og_type":"article","og_title":"6 raz\u00f5es para ter uma m\u00e1quina de caf\u00e9 em seu escrit\u00f3rio","og_description":"Os benef\u00edcios de ter uma m\u00e1quina de caf\u00e9 no escrit\u00f3rio. Funcion\u00e1rios se sentir\u00e3o valorizados, a produ\u00e7\u00e3o aumentar\u00e1 e haver\u00e1 melhoria geral","og_url":"https:\/\/essencialmaquinas.com.br\/blog\/6-razoes-para-maquina-de-cafe-no-escritorio\/","og_site_name":"Essencial M\u00e1quinas de Caf\u00e9","article_publisher":"https:\/\/www.facebook.com\/essencialmaquinas\/","article_published_time":"2021-12-13T18:00:00+00:00","article_modified_time":"2021-12-13T18:16:41+00:00","og_image":[{"width":1920,"height":1280,"url":"https:\/\/essencialmaquinas.com.br\/blog\/wp-content\/uploads\/2021\/12\/maquina-cafe-escritorio.jpg","type":"image\/jpeg"}],"author":"Diogo Negrello","twitter_card":"summary_large_image","twitter_misc":{"Escrito por":"Diogo Negrello","Est. tempo de leitura":"4 minutos"},"schema":{"@context":"https:\/\/schema.org","@graph":[{"@type":"Article","@id":"https:\/\/essencialmaquinas.com.br\/blog\/6-razoes-para-maquina-de-cafe-no-escritorio\/#article","isPartOf":{"@id":"https:\/\/essencialmaquinas.com.br\/blog\/6-razoes-para-maquina-de-cafe-no-escritorio\/"},"author":{"name":"Diogo Negrello","@id":"https:\/\/essencialmaquinas.com.br\/#\/schema\/person\/c321763d791f5ab47f06f495e1c03e24"},"headline":"6 raz\u00f5es para ter uma m\u00e1quina de caf\u00e9 em seu escrit\u00f3rio","datePublished":"2021-12-13T18:00:00+00:00","dateModified":"2021-12-13T18:16:41+00:00","mainEntityOfPage":{"@id":"https:\/\/essencialmaquinas.com.br\/blog\/6-razoes-para-maquina-de-cafe-no-escritorio\/"},"wordCount":821,"publisher":{"@id":"https:\/\/essencialmaquinas.com.br\/#organization"},"image":{"@id":"https:\/\/essencialmaquinas.com.br\/blog\/6-razoes-para-maquina-de-cafe-no-escritorio\/#primaryimage"},"thumbnailUrl":"https:\/\/essencialmaquinas.com.br\/blog\/wp-content\/uploads\/2021\/12\/maquina-cafe-escritorio.jpg","keywords":["aluguel de m\u00e1quina de caf\u00e9","aumenta a produtividade","aumentar a produtividade","bem-estar dos funcion\u00e1rios","comprar m\u00e1quina de caf\u00e9","m\u00e1quina de caf\u00e9","m\u00e1quina de caf\u00e9 no escrit\u00f3rio"],"articleSection":["M\u00e1quinas de Caf\u00e9"],"inLanguage":"pt-BR"},{"@type":"WebPage","@id":"https:\/\/essencialmaquinas.com.br\/blog\/6-razoes-para-maquina-de-cafe-no-escritorio\/","url":"https:\/\/essencialmaquinas.com.br\/blog\/6-razoes-para-maquina-de-cafe-no-escritorio\/","name":"6 raz\u00f5es para ter uma m\u00e1quina de caf\u00e9 em seu escrit\u00f3rio","isPartOf":{"@id":"https:\/\/essencialmaquinas.com.br\/#website"},"primaryImageOfPage":{"@id":"https:\/\/essencialmaquinas.com.br\/blog\/6-razoes-para-maquina-de-cafe-no-escritorio\/#primaryimage"},"image":{"@id":"https:\/\/essencialmaquinas.com.br\/blog\/6-razoes-para-maquina-de-cafe-no-escritorio\/#primaryimage"},"thumbnailUrl":"https:\/\/essencialmaquinas.com.br\/blog\/wp-content\/uploads\/2021\/12\/maquina-cafe-escritorio.jpg","datePublished":"2021-12-13T18:00:00+00:00","dateModified":"2021-12-13T18:16:41+00:00","description":"Os benef\u00edcios de ter uma m\u00e1quina de caf\u00e9 no escrit\u00f3rio. Funcion\u00e1rios se sentir\u00e3o valorizados, a produ\u00e7\u00e3o aumentar\u00e1 e haver\u00e1 melhoria geral","breadcrumb":{"@id":"https:\/\/essencialmaquinas.com.br\/blog\/6-razoes-para-maquina-de-cafe-no-escritorio\/#breadcrumb"},"inLanguage":"pt-BR","potentialAction":[{"@type":"ReadAction","target":["https:\/\/essencialmaquinas.com.br\/blog\/6-razoes-para-maquina-de-cafe-no-escritorio\/"]}]},{"@type":"ImageObject","inLanguage":"pt-BR","@id":"https:\/\/essencialmaquinas.com.br\/blog\/6-razoes-para-maquina-de-cafe-no-escritorio\/#primaryimage","url":"https:\/\/essencialmaquinas.com.br\/blog\/wp-content\/uploads\/2021\/12\/maquina-cafe-escritorio.jpg","contentUrl":"https:\/\/essencialmaquinas.com.br\/blog\/wp-content\/uploads\/2021\/12\/maquina-cafe-escritorio.jpg","width":1920,"height":1280,"caption":"Empres\u00e1rios e funcion\u00e1rios fazendo uma pausa para o caf\u00e9"},{"@type":"BreadcrumbList","@id":"https:\/\/essencialmaquinas.com.br\/blog\/6-razoes-para-maquina-de-cafe-no-escritorio\/#breadcrumb","itemListElement":[{"@type":"ListItem","position":1,"name":"In\u00edcio","item":"https:\/\/essencialmaquinas.com.br\/blog\/"},{"@type":"ListItem","position":2,"name":"M\u00e1quinas de Caf\u00e9","item":"https:\/\/essencialmaquinas.com.br\/blog\/category\/maquinas-de-cafe\/"},{"@type":"ListItem","position":3,"name":"6 raz\u00f5es para ter uma m\u00e1quina de caf\u00e9 em seu escrit\u00f3rio"}]},{"@type":"WebSite","@id":"https:\/\/essencialmaquinas.com.br\/#website","url":"https:\/\/essencialmaquinas.com.br\/","name":"Essencial M\u00e1quinas de Caf\u00e9","description":"Novidades e curiosidades sobre as m\u00e1quinas de caf\u00e9 e insumos","publisher":{"@id":"https:\/\/essencialmaquinas.com.br\/#organization"},"potentialAction":[{"@type":"SearchAction","target":{"@type":"EntryPoint","urlTemplate":"https:\/\/essencialmaquinas.com.br\/?s={search_term_string}"},"query-input":{"@type":"PropertyValueSpecification","valueRequired":true,"valueName":"search_term_string"}}],"inLanguage":"pt-BR"},{"@type":"Organization","@id":"https:\/\/essencialmaquinas.com.br\/#organization","name":"Essencial M\u00e1quinas de Caf\u00e9","url":"https:\/\/essencialmaquinas.com.br\/","logo":{"@type":"ImageObject","inLanguage":"pt-BR","@id":"https:\/\/essencialmaquinas.com.br\/#\/schema\/logo\/image\/","url":"https:\/\/essencialmaquinas.com.br\/blog\/wp-content\/uploads\/2021\/12\/essencial-maquinas-logo.png","contentUrl":"https:\/\/essencialmaquinas.com.br\/blog\/wp-content\/uploads\/2021\/12\/essencial-maquinas-logo.png","width":250,"height":67,"caption":"Essencial M\u00e1quinas de Caf\u00e9"},"image":{"@id":"https:\/\/essencialmaquinas.com.br\/#\/schema\/logo\/image\/"},"sameAs":["https:\/\/www.facebook.com\/essencialmaquinas\/","https:\/\/www.instagram.com\/essencial_maquinas\/","https:\/\/www.youtube.com\/channel\/UCRV9nmg2xPS4gy_Lil7BWVQ"]},{"@type":"Person","@id":"https:\/\/essencialmaquinas.com.br\/#\/schema\/person\/c321763d791f5ab47f06f495e1c03e24","name":"Diogo Negrello","image":{"@type":"ImageObject","inLanguage":"pt-BR","@id":"https:\/\/essencialmaquinas.com.br\/blog\/wp-content\/uploads\/2025\/10\/cropped-diogo-negrello-96x96.webp","url":"https:\/\/essencialmaquinas.com.br\/blog\/wp-content\/uploads\/2025\/10\/cropped-diogo-negrello-96x96.webp","contentUrl":"https:\/\/essencialmaquinas.com.br\/blog\/wp-content\/uploads\/2025\/10\/cropped-diogo-negrello-96x96.webp","caption":"Diogo Negrello"},"description":"Diogo Artur Negrello \u00e9 CEO da Essencial M\u00e1quinas de Caf\u00e9, sediada em Porto Alegre (RS). Formado pela PUC-RS, Diogo lidera a empresa desde sua funda\u00e7\u00e3o em 2015, atuando no mercado de loca\u00e7\u00e3o, venda e manuten\u00e7\u00e3o de m\u00e1quinas autom\u00e1ticas de caf\u00e9 para ambientes corporativos e eventos. Com foco em excel\u00eancia, inova\u00e7\u00e3o e experi\u00eancia de consumo, acredita que \u201cuma boa x\u00edcara de caf\u00e9 pode ser o come\u00e7o de grandes ideias\u201d. Fora do expediente, \u00e9 casado, torcedor do SC Internacional e est\u00e1 sempre aprendendo. Siga-o no Instagram @diogonegrello para acompanhar sua vis\u00e3o e a trajet\u00f3ria da Essencial M\u00e1quinas de Caf\u00e9.","sameAs":["https:\/\/essencialmaquinas.com.br\/","https:\/\/www.instagram.com\/diogonegrello\/"],"url":"https:\/\/essencialmaquinas.com.br\/blog\/author\/negrello_diogo_redator\/"}]}},"_links":{"self":[{"href":"https:\/\/essencialmaquinas.com.br\/blog\/wp-json\/wp\/v2\/posts\/5916","targetHints":{"allow":["GET"]}}],"collection":[{"href":"https:\/\/essencialmaquinas.com.br\/blog\/wp-json\/wp\/v2\/posts"}],"about":[{"href":"https:\/\/essencialmaquinas.com.br\/blog\/wp-json\/wp\/v2\/types\/post"}],"author":[{"embeddable":true,"href":"https:\/\/essencialmaquinas.com.br\/blog\/wp-json\/wp\/v2\/users\/4"}],"replies":[{"embeddable":true,"href":"https:\/\/essencialmaquinas.com.br\/blog\/wp-json\/wp\/v2\/comments?post=5916"}],"version-history":[{"count":5,"href":"https:\/\/essencialmaquinas.com.br\/blog\/wp-json\/wp\/v2\/posts\/5916\/revisions"}],"predecessor-version":[{"id":5927,"href":"https:\/\/essencialmaquinas.com.br\/blog\/wp-json\/wp\/v2\/posts\/5916\/revisions\/5927"}],"wp:featuredmedia":[{"embeddable":true,"href":"https:\/\/essencialmaquinas.com.br\/blog\/wp-json\/wp\/v2\/media\/5917"}],"wp:attachment":[{"href":"https:\/\/essencialmaquinas.com.br\/blog\/wp-json\/wp\/v2\/media?parent=5916"}],"wp:term":[{"taxonomy":"category","embeddable":true,"href":"https:\/\/essencialmaquinas.com.br\/blog\/wp-json\/wp\/v2\/categories?post=5916"},{"taxonomy":"post_tag","embeddable":true,"href":"https:\/\/essencialmaquinas.com.br\/blog\/wp-json\/wp\/v2\/tags?post=5916"}],"curies":[{"name":"wp","href":"https:\/\/api.w.org\/{rel}","templated":true}]}}