{"id":5967,"date":"2022-01-28T15:00:00","date_gmt":"2022-01-28T18:00:00","guid":{"rendered":"https:\/\/blog.essencialmaquinas.com.br\/?p=5967"},"modified":"2022-01-28T16:56:56","modified_gmt":"2022-01-28T19:56:56","slug":"como-escolher-fornecedor-maquina-de-cafe-no-rs","status":"publish","type":"post","link":"https:\/\/essencialmaquinas.com.br\/blog\/como-escolher-fornecedor-maquina-de-cafe-no-rs\/","title":{"rendered":"Como escolher o fornecedor ideal para suas m\u00e1quinas de caf\u00e9?"},"content":{"rendered":"\n<p>Como se escolher uma m\u00e1quina de caf\u00e9 n\u00e3o fosse uma decis\u00e3o dif\u00edcil o suficiente, escolher a empresa que fornecer\u00e1 essa m\u00e1quina a voc\u00ea \u00e9 t\u00e3o ou mais importante do que o pr\u00f3prio aluguel da m\u00e1quina.<\/p>\n\n\n\n<p>Se voc\u00ea est\u00e1 buscando uma <a href=\"https:\/\/essencialmaquinas.com.br\/\" target=\"_blank\" rel=\"noreferrer noopener\">m\u00e1quina de caf\u00e9 para alugar no RS<\/a> n\u00f3s da Essencial M\u00e1quinas de Caf\u00e9 estamos aqui para ajud\u00e1-lo nessa jornada. Neste post iremos responder suas principais d\u00favidas e algumas outras que voc\u00ea ainda nem pensou que precisavam ser esclarecidas!<\/p>\n\n\n\n<h2 class=\"wp-block-heading\" id=\"como-achar-uma-maquina-de-cafe-para-alugar-no-rs\">Como achar uma m\u00e1quina de caf\u00e9 para alugar no RS?<\/h2>\n\n\n\n<p>N\u00f3s escolhemos falar sobre como <a href=\"https:\/\/essencialmaquinas.com.br\/maquina-de-cafe-para-aluguel\" target=\"_blank\" rel=\"noreferrer noopener\">alugar uma m\u00e1quina de caf\u00e9<\/a> para alugar no RS, pois \u00e9 onde estamos localizados. Por\u00e9m, independentemente de onde voc\u00ea esteja, h\u00e1 algumas considera\u00e7\u00f5es a serem feitas no momento de definir um fornecedor.<\/p>\n\n\n\n<p>Em primeiro lugar, procure a reputa\u00e7\u00e3o da marca que est\u00e1 planejando trabalhar \u2013 e confira se \u00e9 algo de longa data.<\/p>\n\n\n\n<p>Pesquise detalhes como suas contas no Facebook\/Instagram e veja como eles lidam com reclama\u00e7\u00f5es ou problemas. Esta \u00e9 uma \u00f3tima indica\u00e7\u00e3o de como voc\u00ea pode ser tratado como cliente.<\/p>\n\n\n\n<p>O pr\u00f3ximo passo a considerar \u00e9 a proximidade entre voc\u00ea e o servi\u00e7o que est\u00e1 considerando contratar. Se a empresa tive uma excelente infraestrutura e uma \u00f3tima reputa\u00e7\u00e3o, por\u00e9m est\u00e1 localizada a 150 km de voc\u00ea, seu servi\u00e7o p\u00f3s-venda provavelmente ficar\u00e1 comprometido puramente por causa da dist\u00e2ncia.<\/p>\n\n\n\n<p>Isso \u00e9 especialmente importante se voc\u00ea estiver buscando especificamente por uma <a href=\"https:\/\/essencialmaquinas.com.br\/\" target=\"_blank\" rel=\"noreferrer noopener\">m\u00e1quina de caf\u00e9 para alugar no RS<\/a>, j\u00e1 que os servi\u00e7os de reparos fazem parte do seu contrato. Firmar contrato com uma empresa de SP sem suporte local, por exemplo, pode gerar muitas dores de cabe\u00e7a a voc\u00ea no futuro.<\/p>\n\n\n\n<h2 class=\"wp-block-heading\" id=\"o-que-voce-precisa-da-sua-maquina-de-cafe\">O que voc\u00ea precisa da sua m\u00e1quina de caf\u00e9?<\/h2>\n\n\n\n<p>H\u00e1 ainda algumas perguntas que voc\u00ea precisa se fazer antes de iniciar suas buscas por um fornecedor. Aqui est\u00e3o os principais pontos para se ter em mente e que costumamos responder com frequ\u00eancia aqui na Essencial M\u00e1quinas de Caf\u00e9:<\/p>\n\n\n\n<ul class=\"wp-block-list\"><li>Onde estar\u00e1 localizada sua m\u00e1quina de caf\u00e9? Voc\u00ea ter\u00e1 requisitos muito diferentes para sua m\u00e1quina de caf\u00e9 se optar por us\u00e1-la em sua casa, escrit\u00f3rio ou restaurante.<\/li><li>O que voc\u00ea precisa da sua m\u00e1quina de caf\u00e9? \u00c9 para atender a uma grande quantidade de pessoas, impressionar clientes em potencial, economizar dinheiro ou simplesmente aproveitar como e quando voc\u00ea ou sua fam\u00edlia quiserem? Cada necessidade ter\u00e1 um tipo diferente de m\u00e1quina de caf\u00e9 que mais se adequa e cabe o fornecedor orient\u00e1-lo a respeito disso.<\/li><li>Voc\u00ea precisa de flexibilidade do prazo de loca\u00e7\u00e3o? Esta \u00e9, de longe, a considera\u00e7\u00e3o mais importante a fazer ao alugar sua m\u00e1quina de caf\u00e9 \u2013 principalmente se voc\u00ea for um locat\u00e1rio de primeira viagem. A \u00faltima coisa que voc\u00ea deseja \u00e9 que voc\u00ea fique preso a um contrato de aluguel de m\u00e1quina de caf\u00e9 de tr\u00eas anos quando voc\u00ea tiver grande incerteza sobre a estabilidade do seu neg\u00f3cio no longo prazo.<\/li><li>Como \u00e9 feito o servi\u00e7o de p\u00f3s-venda? Isso \u00e9 t\u00e3o comumente esquecido na emo\u00e7\u00e3o do momento e, \u00e0s vezes, pode ser o que faz ou destr\u00f3i sua experi\u00eancia. Esse aspecto incluir\u00e1 coisas como reparos, manuten\u00e7\u00e3o, trocas e solu\u00e7\u00e3o de problemas.<\/li><\/ul>\n\n\n\n<p>Al\u00e9m disso, voc\u00ea pode tamb\u00e9m ir ver a m\u00e1quina pessoalmente. Dessa forma, \u00e9 poss\u00edvel ter uma ideia do que voc\u00ea est\u00e1 investindo e decidir se \u00e9 o modelo certo para voc\u00ea e sua empresa.<\/p>\n\n\n\n<h2 class=\"wp-block-heading\" id=\"fique-atento-ao-alugar-uma-maquina-de-cafe\">Fique atento ao alugar uma m\u00e1quina de caf\u00e9<\/h2>\n\n\n\n<p>Ap\u00f3s passar por esses detalhes e encerrar sua jornada em busca de uma m\u00e1quina de caf\u00e9 para alugar no RS ainda \u00e9 preciso se atentar a alguns pontos.<\/p>\n\n\n\n<p>Como voc\u00ea saber\u00e1 se est\u00e1 adquirindo uma m\u00e1quina de caf\u00e9 de segunda m\u00e3o ou usada? Se voc\u00ea est\u00e1 alugando \u00e9 muito prov\u00e1vel que receba uma m\u00e1quina desse tipo da maioria dos fornecedores.<\/p>\n\n\n\n<p>N\u00f3s da Essencial trabalhamos com 2 tipos de loca\u00e7\u00e3o, sendo elas <strong>Normal<\/strong>, onde vai m\u00e1quinas j\u00e1 usadas ou <strong>Loca\u00e7\u00e3o Especial<\/strong>, onde o cliente recebe o modelo escolhido sendo o seu primeiro uso.<\/p>\n\n\n\n<p>Dito isso, esperamos ter ajudado voc\u00ea nessa jornada! Se voc\u00ea estiver em busca de um fornecedor confi\u00e1vel para sua empresa, ou apenas quiser mais informa\u00e7\u00f5es sobre aluguel de m\u00e1quinas de caf\u00e9 em geral, entre em contato conosco. Adoramos falar sobre caf\u00e9!<\/p>\n\n\n\n<div class=\"wp-block-group is-layout-flow wp-block-group-is-layout-flow\">\n<div class=\"wp-block-cover aligncenter has-parallax is-light has-white-color has-text-color has-link-color wp-elements-7bd5d06bb064756df6c127ce23aab4b7\" style=\"min-height:20rem;aspect-ratio:unset;\"><span aria-hidden=\"true\" class=\"wp-block-cover__background has-background-dim-0 has-background-dim\"><\/span><div class=\"wp-block-cover__image-background wp-image-5948 has-parallax\" style=\"background-position:50% 50%;background-image:url(https:\/\/essencialmaquinas.com.br\/blog\/wp-content\/uploads\/2021\/12\/coffee-cup-parallax.jpg)\"><\/div><div class=\"wp-block-cover__inner-container is-layout-flow wp-block-cover-is-layout-flow\">\n<div class=\"wp-block-columns is-layout-flex wp-container-core-columns-is-layout-9d6595d7 wp-block-columns-is-layout-flex\">\n<div class=\"wp-block-column is-layout-flow wp-block-column-is-layout-flow\" style=\"flex-basis:69%\">\n<div class=\"wp-block-buttons is-layout-flex wp-block-buttons-is-layout-flex\">\n<div class=\"wp-block-button has-custom-font-size is-style-outline is-style-outline--1\" style=\"font-size:15px\"><a class=\"wp-block-button__link wp-element-button\" href=\"https:\/\/essencialmaquinas.com.br\/aluguel-de-maquina-de-cafe\" target=\"_blank\" rel=\"noreferrer noopener\"> Aluguel de M\u00e1quina de Caf\u00e9<\/a><\/div>\n\n\n\n<div class=\"wp-block-button has-custom-font-size is-style-outline is-style-outline--2\" style=\"font-size:15px\"><a class=\"wp-block-button__link wp-element-button\" href=\"https:\/\/essencialmaquinas.com.br\/maquina-de-cafe-para-venda\" target=\"_blank\" rel=\"noreferrer noopener\"> M\u00e1quina de Caf\u00e9 para Venda <\/a><\/div>\n\n\n\n<div class=\"wp-block-button has-custom-font-size is-style-outline is-style-outline--3\" style=\"font-size:15px\"><a class=\"wp-block-button__link wp-element-button\" href=\"https:\/\/essencialmaquinas.com.br\/maquina-de-cafe-comodato\" target=\"_blank\" rel=\"noreferrer noopener\">M\u00e1quina de Caf\u00e9 em Comodato<\/a><\/div>\n\n\n\n<div class=\"wp-block-button has-custom-font-size is-style-outline is-style-outline--4\" style=\"font-size:15px\"><a class=\"wp-block-button__link wp-element-button\" href=\"https:\/\/essencialmaquinas.com.br\/maquina-de-cafe-para-evento\" target=\"_blank\" rel=\"noreferrer noopener\">M\u00e1quina de Caf\u00e9 para Evento<\/a><\/div>\n<\/div>\n<\/div>\n\n\n\n<div class=\"wp-block-column is-layout-flow wp-block-column-is-layout-flow\"><\/div>\n<\/div>\n<\/div><\/div>\n\n\n\n<p>Ligue em um dos nossos telefones &#8211; <a href=\"tel:+55-51-35190772\">(51) 3519.0772<\/a> ou <a href=\"tel:+55-51-35190772\">(51) <\/a><a href=\"tel:+55-51-35190776\">3519.0776<\/a>, <a rel=\"noreferrer noopener\" href=\"https:\/\/essencialmaquinas.com.br\/\" target=\"_blank\">visite nosso site<\/a> ou nos chame no <a rel=\"noreferrer noopener\" href=\"https:\/\/api.whatsapp.com\/send?phone=5551997172863\" target=\"_blank\">WhatsApp da Essencial M\u00e1quina de Caf\u00e9<\/a> e fique por dentro de todos os produtos que oferecemos, al\u00e9m das condi\u00e7\u00f5es de contrato e op\u00e7\u00f5es para o seu escrit\u00f3rio.<\/p>\n<\/div>\n\n\n\n<p><\/p>\n","protected":false},"excerpt":{"rendered":"<p>Como se escolher uma m\u00e1quina de caf\u00e9 n\u00e3o fosse uma decis\u00e3o dif\u00edcil o suficiente, escolher a empresa que fornecer\u00e1 essa m\u00e1quina a voc\u00ea \u00e9 t\u00e3o&#8230;<\/p>\n","protected":false},"author":4,"featured_media":5971,"comment_status":"closed","ping_status":"closed","sticky":false,"template":"","format":"standard","meta":{"footnotes":""},"categories":[26,23],"tags":[47,46,28],"class_list":{"0":"post-5967","1":"post","2":"type-post","3":"status-publish","4":"format-standard","5":"has-post-thumbnail","7":"category-dicas","8":"category-maquinas-de-cafe","9":"tag-alugar-maquina-de-cafe-no-rs","10":"tag-fornecedor-de-maquina-de-cafe","11":"tag-maquina-de-cafe"},"yoast_head":"<!-- This site is optimized with the Yoast SEO plugin v27.5 - https:\/\/yoast.com\/product\/yoast-seo-wordpress\/ -->\n<title>Como escolher o fornecedor ideal para suas m\u00e1quinas de caf\u00e9?<\/title>\n<meta name=\"description\" content=\"Informa\u00e7\u00f5es de m\u00e1quina de caf\u00e9 para alugar no RS, suas principais d\u00favidas e algumas outras que ainda nem pensou que precisavam ser esclarecidas\" \/>\n<meta name=\"robots\" content=\"index, follow, max-snippet:-1, max-image-preview:large, max-video-preview:-1\" \/>\n<link rel=\"canonical\" href=\"https:\/\/essencialmaquinas.com.br\/blog\/como-escolher-fornecedor-maquina-de-cafe-no-rs\/\" \/>\n<meta property=\"og:locale\" content=\"pt_BR\" \/>\n<meta property=\"og:type\" content=\"article\" \/>\n<meta property=\"og:title\" content=\"Como escolher o fornecedor ideal para suas m\u00e1quinas de caf\u00e9?\" \/>\n<meta property=\"og:description\" content=\"Informa\u00e7\u00f5es de m\u00e1quina de caf\u00e9 para alugar no RS, suas principais d\u00favidas e algumas outras que ainda nem pensou que precisavam ser esclarecidas\" \/>\n<meta property=\"og:url\" content=\"https:\/\/essencialmaquinas.com.br\/blog\/como-escolher-fornecedor-maquina-de-cafe-no-rs\/\" \/>\n<meta property=\"og:site_name\" content=\"Essencial M\u00e1quinas de Caf\u00e9\" \/>\n<meta property=\"article:publisher\" content=\"https:\/\/www.facebook.com\/essencialmaquinas\/\" \/>\n<meta property=\"article:published_time\" content=\"2022-01-28T18:00:00+00:00\" \/>\n<meta property=\"article:modified_time\" content=\"2022-01-28T19:56:56+00:00\" \/>\n<meta property=\"og:image\" content=\"https:\/\/essencialmaquinas.com.br\/blog\/wp-content\/uploads\/2022\/01\/2022.01-caneca-cafe-mulher.jpg\" \/>\n\t<meta property=\"og:image:width\" content=\"1920\" \/>\n\t<meta property=\"og:image:height\" content=\"1282\" \/>\n\t<meta property=\"og:image:type\" content=\"image\/jpeg\" \/>\n<meta name=\"author\" content=\"Diogo Negrello\" \/>\n<meta name=\"twitter:card\" content=\"summary_large_image\" \/>\n<meta name=\"twitter:label1\" content=\"Escrito por\" \/>\n\t<meta name=\"twitter:data1\" content=\"Diogo Negrello\" \/>\n\t<meta name=\"twitter:label2\" content=\"Est. tempo de leitura\" \/>\n\t<meta name=\"twitter:data2\" content=\"4 minutos\" \/>\n<script type=\"application\/ld+json\" class=\"yoast-schema-graph\">{\"@context\":\"https:\\\/\\\/schema.org\",\"@graph\":[{\"@type\":\"Article\",\"@id\":\"https:\\\/\\\/essencialmaquinas.com.br\\\/blog\\\/como-escolher-fornecedor-maquina-de-cafe-no-rs\\\/#article\",\"isPartOf\":{\"@id\":\"https:\\\/\\\/essencialmaquinas.com.br\\\/blog\\\/como-escolher-fornecedor-maquina-de-cafe-no-rs\\\/\"},\"author\":{\"name\":\"Diogo Negrello\",\"@id\":\"https:\\\/\\\/essencialmaquinas.com.br\\\/#\\\/schema\\\/person\\\/c321763d791f5ab47f06f495e1c03e24\"},\"headline\":\"Como escolher o fornecedor ideal para suas m\u00e1quinas de caf\u00e9?\",\"datePublished\":\"2022-01-28T18:00:00+00:00\",\"dateModified\":\"2022-01-28T19:56:56+00:00\",\"mainEntityOfPage\":{\"@id\":\"https:\\\/\\\/essencialmaquinas.com.br\\\/blog\\\/como-escolher-fornecedor-maquina-de-cafe-no-rs\\\/\"},\"wordCount\":760,\"publisher\":{\"@id\":\"https:\\\/\\\/essencialmaquinas.com.br\\\/#organization\"},\"image\":{\"@id\":\"https:\\\/\\\/essencialmaquinas.com.br\\\/blog\\\/como-escolher-fornecedor-maquina-de-cafe-no-rs\\\/#primaryimage\"},\"thumbnailUrl\":\"https:\\\/\\\/essencialmaquinas.com.br\\\/blog\\\/wp-content\\\/uploads\\\/2022\\\/01\\\/2022.01-caneca-cafe-mulher.jpg\",\"keywords\":[\"alugar m\u00e1quina de caf\u00e9 no RS\",\"fornecedor de m\u00e1quina de caf\u00e9\",\"m\u00e1quina de caf\u00e9\"],\"articleSection\":[\"Dicas\",\"M\u00e1quinas de Caf\u00e9\"],\"inLanguage\":\"pt-BR\"},{\"@type\":\"WebPage\",\"@id\":\"https:\\\/\\\/essencialmaquinas.com.br\\\/blog\\\/como-escolher-fornecedor-maquina-de-cafe-no-rs\\\/\",\"url\":\"https:\\\/\\\/essencialmaquinas.com.br\\\/blog\\\/como-escolher-fornecedor-maquina-de-cafe-no-rs\\\/\",\"name\":\"Como escolher o fornecedor ideal para suas m\u00e1quinas de caf\u00e9?\",\"isPartOf\":{\"@id\":\"https:\\\/\\\/essencialmaquinas.com.br\\\/#website\"},\"primaryImageOfPage\":{\"@id\":\"https:\\\/\\\/essencialmaquinas.com.br\\\/blog\\\/como-escolher-fornecedor-maquina-de-cafe-no-rs\\\/#primaryimage\"},\"image\":{\"@id\":\"https:\\\/\\\/essencialmaquinas.com.br\\\/blog\\\/como-escolher-fornecedor-maquina-de-cafe-no-rs\\\/#primaryimage\"},\"thumbnailUrl\":\"https:\\\/\\\/essencialmaquinas.com.br\\\/blog\\\/wp-content\\\/uploads\\\/2022\\\/01\\\/2022.01-caneca-cafe-mulher.jpg\",\"datePublished\":\"2022-01-28T18:00:00+00:00\",\"dateModified\":\"2022-01-28T19:56:56+00:00\",\"description\":\"Informa\u00e7\u00f5es de m\u00e1quina de caf\u00e9 para alugar no RS, suas principais d\u00favidas e algumas outras que ainda nem pensou que precisavam ser esclarecidas\",\"breadcrumb\":{\"@id\":\"https:\\\/\\\/essencialmaquinas.com.br\\\/blog\\\/como-escolher-fornecedor-maquina-de-cafe-no-rs\\\/#breadcrumb\"},\"inLanguage\":\"pt-BR\",\"potentialAction\":[{\"@type\":\"ReadAction\",\"target\":[\"https:\\\/\\\/essencialmaquinas.com.br\\\/blog\\\/como-escolher-fornecedor-maquina-de-cafe-no-rs\\\/\"]}]},{\"@type\":\"ImageObject\",\"inLanguage\":\"pt-BR\",\"@id\":\"https:\\\/\\\/essencialmaquinas.com.br\\\/blog\\\/como-escolher-fornecedor-maquina-de-cafe-no-rs\\\/#primaryimage\",\"url\":\"https:\\\/\\\/essencialmaquinas.com.br\\\/blog\\\/wp-content\\\/uploads\\\/2022\\\/01\\\/2022.01-caneca-cafe-mulher.jpg\",\"contentUrl\":\"https:\\\/\\\/essencialmaquinas.com.br\\\/blog\\\/wp-content\\\/uploads\\\/2022\\\/01\\\/2022.01-caneca-cafe-mulher.jpg\",\"width\":1920,\"height\":1282,\"caption\":\"alugar uma m\u00e1quina de caf\u00e9 no RS\"},{\"@type\":\"BreadcrumbList\",\"@id\":\"https:\\\/\\\/essencialmaquinas.com.br\\\/blog\\\/como-escolher-fornecedor-maquina-de-cafe-no-rs\\\/#breadcrumb\",\"itemListElement\":[{\"@type\":\"ListItem\",\"position\":1,\"name\":\"In\u00edcio\",\"item\":\"https:\\\/\\\/essencialmaquinas.com.br\\\/blog\\\/\"},{\"@type\":\"ListItem\",\"position\":2,\"name\":\"M\u00e1quinas de Caf\u00e9\",\"item\":\"https:\\\/\\\/essencialmaquinas.com.br\\\/blog\\\/category\\\/maquinas-de-cafe\\\/\"},{\"@type\":\"ListItem\",\"position\":3,\"name\":\"Como escolher o fornecedor ideal para suas m\u00e1quinas de caf\u00e9?\"}]},{\"@type\":\"WebSite\",\"@id\":\"https:\\\/\\\/essencialmaquinas.com.br\\\/#website\",\"url\":\"https:\\\/\\\/essencialmaquinas.com.br\\\/\",\"name\":\"Essencial M\u00e1quinas de Caf\u00e9\",\"description\":\"Novidades e curiosidades sobre as m\u00e1quinas de caf\u00e9 e insumos\",\"publisher\":{\"@id\":\"https:\\\/\\\/essencialmaquinas.com.br\\\/#organization\"},\"potentialAction\":[{\"@type\":\"SearchAction\",\"target\":{\"@type\":\"EntryPoint\",\"urlTemplate\":\"https:\\\/\\\/essencialmaquinas.com.br\\\/?s={search_term_string}\"},\"query-input\":{\"@type\":\"PropertyValueSpecification\",\"valueRequired\":true,\"valueName\":\"search_term_string\"}}],\"inLanguage\":\"pt-BR\"},{\"@type\":\"Organization\",\"@id\":\"https:\\\/\\\/essencialmaquinas.com.br\\\/#organization\",\"name\":\"Essencial M\u00e1quinas de Caf\u00e9\",\"url\":\"https:\\\/\\\/essencialmaquinas.com.br\\\/\",\"logo\":{\"@type\":\"ImageObject\",\"inLanguage\":\"pt-BR\",\"@id\":\"https:\\\/\\\/essencialmaquinas.com.br\\\/#\\\/schema\\\/logo\\\/image\\\/\",\"url\":\"https:\\\/\\\/essencialmaquinas.com.br\\\/blog\\\/wp-content\\\/uploads\\\/2021\\\/12\\\/essencial-maquinas-logo.png\",\"contentUrl\":\"https:\\\/\\\/essencialmaquinas.com.br\\\/blog\\\/wp-content\\\/uploads\\\/2021\\\/12\\\/essencial-maquinas-logo.png\",\"width\":250,\"height\":67,\"caption\":\"Essencial M\u00e1quinas de Caf\u00e9\"},\"image\":{\"@id\":\"https:\\\/\\\/essencialmaquinas.com.br\\\/#\\\/schema\\\/logo\\\/image\\\/\"},\"sameAs\":[\"https:\\\/\\\/www.facebook.com\\\/essencialmaquinas\\\/\",\"https:\\\/\\\/www.instagram.com\\\/essencial_maquinas\\\/\",\"https:\\\/\\\/www.youtube.com\\\/channel\\\/UCRV9nmg2xPS4gy_Lil7BWVQ\"]},{\"@type\":\"Person\",\"@id\":\"https:\\\/\\\/essencialmaquinas.com.br\\\/#\\\/schema\\\/person\\\/c321763d791f5ab47f06f495e1c03e24\",\"name\":\"Diogo Negrello\",\"image\":{\"@type\":\"ImageObject\",\"inLanguage\":\"pt-BR\",\"@id\":\"https:\\\/\\\/essencialmaquinas.com.br\\\/blog\\\/wp-content\\\/uploads\\\/2025\\\/10\\\/cropped-diogo-negrello-96x96.webp\",\"url\":\"https:\\\/\\\/essencialmaquinas.com.br\\\/blog\\\/wp-content\\\/uploads\\\/2025\\\/10\\\/cropped-diogo-negrello-96x96.webp\",\"contentUrl\":\"https:\\\/\\\/essencialmaquinas.com.br\\\/blog\\\/wp-content\\\/uploads\\\/2025\\\/10\\\/cropped-diogo-negrello-96x96.webp\",\"caption\":\"Diogo Negrello\"},\"description\":\"Diogo Artur Negrello \u00e9 CEO da Essencial M\u00e1quinas de Caf\u00e9, sediada em Porto Alegre (RS). Formado pela PUC-RS, Diogo lidera a empresa desde sua funda\u00e7\u00e3o em 2015, atuando no mercado de loca\u00e7\u00e3o, venda e manuten\u00e7\u00e3o de m\u00e1quinas autom\u00e1ticas de caf\u00e9 para ambientes corporativos e eventos. Com foco em excel\u00eancia, inova\u00e7\u00e3o e experi\u00eancia de consumo, acredita que \u201cuma boa x\u00edcara de caf\u00e9 pode ser o come\u00e7o de grandes ideias\u201d. Fora do expediente, \u00e9 casado, torcedor do SC Internacional e est\u00e1 sempre aprendendo. Siga-o no Instagram @diogonegrello para acompanhar sua vis\u00e3o e a trajet\u00f3ria da Essencial M\u00e1quinas de Caf\u00e9.\",\"sameAs\":[\"https:\\\/\\\/essencialmaquinas.com.br\\\/\",\"https:\\\/\\\/www.instagram.com\\\/diogonegrello\\\/\"],\"url\":\"https:\\\/\\\/essencialmaquinas.com.br\\\/blog\\\/author\\\/negrello_diogo_redator\\\/\"}]}<\/script>\n<!-- \/ Yoast SEO plugin. -->","yoast_head_json":{"title":"Como escolher o fornecedor ideal para suas m\u00e1quinas de caf\u00e9?","description":"Informa\u00e7\u00f5es de m\u00e1quina de caf\u00e9 para alugar no RS, suas principais d\u00favidas e algumas outras que ainda nem pensou que precisavam ser esclarecidas","robots":{"index":"index","follow":"follow","max-snippet":"max-snippet:-1","max-image-preview":"max-image-preview:large","max-video-preview":"max-video-preview:-1"},"canonical":"https:\/\/essencialmaquinas.com.br\/blog\/como-escolher-fornecedor-maquina-de-cafe-no-rs\/","og_locale":"pt_BR","og_type":"article","og_title":"Como escolher o fornecedor ideal para suas m\u00e1quinas de caf\u00e9?","og_description":"Informa\u00e7\u00f5es de m\u00e1quina de caf\u00e9 para alugar no RS, suas principais d\u00favidas e algumas outras que ainda nem pensou que precisavam ser esclarecidas","og_url":"https:\/\/essencialmaquinas.com.br\/blog\/como-escolher-fornecedor-maquina-de-cafe-no-rs\/","og_site_name":"Essencial M\u00e1quinas de Caf\u00e9","article_publisher":"https:\/\/www.facebook.com\/essencialmaquinas\/","article_published_time":"2022-01-28T18:00:00+00:00","article_modified_time":"2022-01-28T19:56:56+00:00","og_image":[{"width":1920,"height":1282,"url":"https:\/\/essencialmaquinas.com.br\/blog\/wp-content\/uploads\/2022\/01\/2022.01-caneca-cafe-mulher.jpg","type":"image\/jpeg"}],"author":"Diogo Negrello","twitter_card":"summary_large_image","twitter_misc":{"Escrito por":"Diogo Negrello","Est. tempo de leitura":"4 minutos"},"schema":{"@context":"https:\/\/schema.org","@graph":[{"@type":"Article","@id":"https:\/\/essencialmaquinas.com.br\/blog\/como-escolher-fornecedor-maquina-de-cafe-no-rs\/#article","isPartOf":{"@id":"https:\/\/essencialmaquinas.com.br\/blog\/como-escolher-fornecedor-maquina-de-cafe-no-rs\/"},"author":{"name":"Diogo Negrello","@id":"https:\/\/essencialmaquinas.com.br\/#\/schema\/person\/c321763d791f5ab47f06f495e1c03e24"},"headline":"Como escolher o fornecedor ideal para suas m\u00e1quinas de caf\u00e9?","datePublished":"2022-01-28T18:00:00+00:00","dateModified":"2022-01-28T19:56:56+00:00","mainEntityOfPage":{"@id":"https:\/\/essencialmaquinas.com.br\/blog\/como-escolher-fornecedor-maquina-de-cafe-no-rs\/"},"wordCount":760,"publisher":{"@id":"https:\/\/essencialmaquinas.com.br\/#organization"},"image":{"@id":"https:\/\/essencialmaquinas.com.br\/blog\/como-escolher-fornecedor-maquina-de-cafe-no-rs\/#primaryimage"},"thumbnailUrl":"https:\/\/essencialmaquinas.com.br\/blog\/wp-content\/uploads\/2022\/01\/2022.01-caneca-cafe-mulher.jpg","keywords":["alugar m\u00e1quina de caf\u00e9 no RS","fornecedor de m\u00e1quina de caf\u00e9","m\u00e1quina de caf\u00e9"],"articleSection":["Dicas","M\u00e1quinas de Caf\u00e9"],"inLanguage":"pt-BR"},{"@type":"WebPage","@id":"https:\/\/essencialmaquinas.com.br\/blog\/como-escolher-fornecedor-maquina-de-cafe-no-rs\/","url":"https:\/\/essencialmaquinas.com.br\/blog\/como-escolher-fornecedor-maquina-de-cafe-no-rs\/","name":"Como escolher o fornecedor ideal para suas m\u00e1quinas de caf\u00e9?","isPartOf":{"@id":"https:\/\/essencialmaquinas.com.br\/#website"},"primaryImageOfPage":{"@id":"https:\/\/essencialmaquinas.com.br\/blog\/como-escolher-fornecedor-maquina-de-cafe-no-rs\/#primaryimage"},"image":{"@id":"https:\/\/essencialmaquinas.com.br\/blog\/como-escolher-fornecedor-maquina-de-cafe-no-rs\/#primaryimage"},"thumbnailUrl":"https:\/\/essencialmaquinas.com.br\/blog\/wp-content\/uploads\/2022\/01\/2022.01-caneca-cafe-mulher.jpg","datePublished":"2022-01-28T18:00:00+00:00","dateModified":"2022-01-28T19:56:56+00:00","description":"Informa\u00e7\u00f5es de m\u00e1quina de caf\u00e9 para alugar no RS, suas principais d\u00favidas e algumas outras que ainda nem pensou que precisavam ser esclarecidas","breadcrumb":{"@id":"https:\/\/essencialmaquinas.com.br\/blog\/como-escolher-fornecedor-maquina-de-cafe-no-rs\/#breadcrumb"},"inLanguage":"pt-BR","potentialAction":[{"@type":"ReadAction","target":["https:\/\/essencialmaquinas.com.br\/blog\/como-escolher-fornecedor-maquina-de-cafe-no-rs\/"]}]},{"@type":"ImageObject","inLanguage":"pt-BR","@id":"https:\/\/essencialmaquinas.com.br\/blog\/como-escolher-fornecedor-maquina-de-cafe-no-rs\/#primaryimage","url":"https:\/\/essencialmaquinas.com.br\/blog\/wp-content\/uploads\/2022\/01\/2022.01-caneca-cafe-mulher.jpg","contentUrl":"https:\/\/essencialmaquinas.com.br\/blog\/wp-content\/uploads\/2022\/01\/2022.01-caneca-cafe-mulher.jpg","width":1920,"height":1282,"caption":"alugar uma m\u00e1quina de caf\u00e9 no RS"},{"@type":"BreadcrumbList","@id":"https:\/\/essencialmaquinas.com.br\/blog\/como-escolher-fornecedor-maquina-de-cafe-no-rs\/#breadcrumb","itemListElement":[{"@type":"ListItem","position":1,"name":"In\u00edcio","item":"https:\/\/essencialmaquinas.com.br\/blog\/"},{"@type":"ListItem","position":2,"name":"M\u00e1quinas de Caf\u00e9","item":"https:\/\/essencialmaquinas.com.br\/blog\/category\/maquinas-de-cafe\/"},{"@type":"ListItem","position":3,"name":"Como escolher o fornecedor ideal para suas m\u00e1quinas de caf\u00e9?"}]},{"@type":"WebSite","@id":"https:\/\/essencialmaquinas.com.br\/#website","url":"https:\/\/essencialmaquinas.com.br\/","name":"Essencial M\u00e1quinas de Caf\u00e9","description":"Novidades e curiosidades sobre as m\u00e1quinas de caf\u00e9 e insumos","publisher":{"@id":"https:\/\/essencialmaquinas.com.br\/#organization"},"potentialAction":[{"@type":"SearchAction","target":{"@type":"EntryPoint","urlTemplate":"https:\/\/essencialmaquinas.com.br\/?s={search_term_string}"},"query-input":{"@type":"PropertyValueSpecification","valueRequired":true,"valueName":"search_term_string"}}],"inLanguage":"pt-BR"},{"@type":"Organization","@id":"https:\/\/essencialmaquinas.com.br\/#organization","name":"Essencial M\u00e1quinas de Caf\u00e9","url":"https:\/\/essencialmaquinas.com.br\/","logo":{"@type":"ImageObject","inLanguage":"pt-BR","@id":"https:\/\/essencialmaquinas.com.br\/#\/schema\/logo\/image\/","url":"https:\/\/essencialmaquinas.com.br\/blog\/wp-content\/uploads\/2021\/12\/essencial-maquinas-logo.png","contentUrl":"https:\/\/essencialmaquinas.com.br\/blog\/wp-content\/uploads\/2021\/12\/essencial-maquinas-logo.png","width":250,"height":67,"caption":"Essencial M\u00e1quinas de Caf\u00e9"},"image":{"@id":"https:\/\/essencialmaquinas.com.br\/#\/schema\/logo\/image\/"},"sameAs":["https:\/\/www.facebook.com\/essencialmaquinas\/","https:\/\/www.instagram.com\/essencial_maquinas\/","https:\/\/www.youtube.com\/channel\/UCRV9nmg2xPS4gy_Lil7BWVQ"]},{"@type":"Person","@id":"https:\/\/essencialmaquinas.com.br\/#\/schema\/person\/c321763d791f5ab47f06f495e1c03e24","name":"Diogo Negrello","image":{"@type":"ImageObject","inLanguage":"pt-BR","@id":"https:\/\/essencialmaquinas.com.br\/blog\/wp-content\/uploads\/2025\/10\/cropped-diogo-negrello-96x96.webp","url":"https:\/\/essencialmaquinas.com.br\/blog\/wp-content\/uploads\/2025\/10\/cropped-diogo-negrello-96x96.webp","contentUrl":"https:\/\/essencialmaquinas.com.br\/blog\/wp-content\/uploads\/2025\/10\/cropped-diogo-negrello-96x96.webp","caption":"Diogo Negrello"},"description":"Diogo Artur Negrello \u00e9 CEO da Essencial M\u00e1quinas de Caf\u00e9, sediada em Porto Alegre (RS). Formado pela PUC-RS, Diogo lidera a empresa desde sua funda\u00e7\u00e3o em 2015, atuando no mercado de loca\u00e7\u00e3o, venda e manuten\u00e7\u00e3o de m\u00e1quinas autom\u00e1ticas de caf\u00e9 para ambientes corporativos e eventos. Com foco em excel\u00eancia, inova\u00e7\u00e3o e experi\u00eancia de consumo, acredita que \u201cuma boa x\u00edcara de caf\u00e9 pode ser o come\u00e7o de grandes ideias\u201d. Fora do expediente, \u00e9 casado, torcedor do SC Internacional e est\u00e1 sempre aprendendo. Siga-o no Instagram @diogonegrello para acompanhar sua vis\u00e3o e a trajet\u00f3ria da Essencial M\u00e1quinas de Caf\u00e9.","sameAs":["https:\/\/essencialmaquinas.com.br\/","https:\/\/www.instagram.com\/diogonegrello\/"],"url":"https:\/\/essencialmaquinas.com.br\/blog\/author\/negrello_diogo_redator\/"}]}},"_links":{"self":[{"href":"https:\/\/essencialmaquinas.com.br\/blog\/wp-json\/wp\/v2\/posts\/5967","targetHints":{"allow":["GET"]}}],"collection":[{"href":"https:\/\/essencialmaquinas.com.br\/blog\/wp-json\/wp\/v2\/posts"}],"about":[{"href":"https:\/\/essencialmaquinas.com.br\/blog\/wp-json\/wp\/v2\/types\/post"}],"author":[{"embeddable":true,"href":"https:\/\/essencialmaquinas.com.br\/blog\/wp-json\/wp\/v2\/users\/4"}],"replies":[{"embeddable":true,"href":"https:\/\/essencialmaquinas.com.br\/blog\/wp-json\/wp\/v2\/comments?post=5967"}],"version-history":[{"count":2,"href":"https:\/\/essencialmaquinas.com.br\/blog\/wp-json\/wp\/v2\/posts\/5967\/revisions"}],"predecessor-version":[{"id":5972,"href":"https:\/\/essencialmaquinas.com.br\/blog\/wp-json\/wp\/v2\/posts\/5967\/revisions\/5972"}],"wp:featuredmedia":[{"embeddable":true,"href":"https:\/\/essencialmaquinas.com.br\/blog\/wp-json\/wp\/v2\/media\/5971"}],"wp:attachment":[{"href":"https:\/\/essencialmaquinas.com.br\/blog\/wp-json\/wp\/v2\/media?parent=5967"}],"wp:term":[{"taxonomy":"category","embeddable":true,"href":"https:\/\/essencialmaquinas.com.br\/blog\/wp-json\/wp\/v2\/categories?post=5967"},{"taxonomy":"post_tag","embeddable":true,"href":"https:\/\/essencialmaquinas.com.br\/blog\/wp-json\/wp\/v2\/tags?post=5967"}],"curies":[{"name":"wp","href":"https:\/\/api.w.org\/{rel}","templated":true}]}}