{"id":5974,"date":"2022-02-22T00:22:00","date_gmt":"2022-02-22T03:22:00","guid":{"rendered":"https:\/\/blog.essencialmaquinas.com.br\/?p=5974"},"modified":"2024-08-19T10:49:05","modified_gmt":"2024-08-19T13:49:05","slug":"devo-comprar-ou-alugar-uma-maquina-de-cafe","status":"publish","type":"post","link":"https:\/\/essencialmaquinas.com.br\/blog\/devo-comprar-ou-alugar-uma-maquina-de-cafe\/","title":{"rendered":"Devo comprar ou alugar uma m\u00e1quina de caf\u00e9? Veja a resposta aqui"},"content":{"rendered":"\n<p>Para muitos, o caf\u00e9 se tornou parte de sua rotina matinal no trabalho. Sem d\u00favidas, \u00e9 o combust\u00edvel universal necess\u00e1rio para ter um dia produtivo. Isso torna a decis\u00e3o \u2013 comprar ou alugar uma m\u00e1quina de caf\u00e9 \u2013 algo que realmente deve ser debatido por parte dos empregadores. &nbsp;<\/p>\n\n\n\n<p>Ap\u00f3s identificar a m\u00e1quina de caf\u00e9 ideal, h\u00e1 v\u00e1rios fatores a serem considerados ao determinar se comprar ou <a href=\"https:\/\/essencialmaquinas.com.br\/maquina-de-cafe-para-aluguel\" target=\"_blank\" rel=\"noreferrer noopener\">alugar m\u00e1quina de caf\u00e9<\/a> \u00e9 o caminho certo para um neg\u00f3cio; ambas modalidades oferecem benef\u00edcios e possuem suas contraindica\u00e7\u00f5es.<\/p>\n\n\n\n<p>Para ajud\u00e1-lo nessa decis\u00e3o, a Essencial M\u00e1quinas de Caf\u00e9 preparou este material. A seguir separamos os principais pontos que voc\u00ea deve ter em mente no momento de fazer sua escolha e quais s\u00e3o vantagens e desvantagens das duas op\u00e7\u00f5es.&nbsp;&nbsp;<\/p>\n\n\n\n<h2 class=\"wp-block-heading\">Optando pelo Aluguel de m\u00e1quina de caf\u00e9<\/h2>\n\n\n\n<p>O aluguel, geralmente, \u00e9 mais popular entre os neg\u00f3cios de pequeno e m\u00e9dio porte. Em um contrato de aluguel voc\u00ea paga uma mensalidade pelo uso da m\u00e1quina de caf\u00e9 por um per\u00edodo de tempo determinado em contrato.<\/p>\n\n\n\n<p>Uma das principais vantagens de optar pelo aluguel \u00e9 a flexibilidade; voc\u00ea pode alugar um modelo por um curto per\u00edodo e avaliar se ele funciona bem para a necessidade da sua equipe. Al\u00e9m disso, a manuten\u00e7\u00e3o tamb\u00e9m \u00e9 frequentemente inclu\u00edda no contrato de aluguel.<\/p>\n\n\n\n<p>Entretanto, a principal desvantagem do <a href=\"https:\/\/essencialmaquinas.com.br\/maquina-de-cafe-para-aluguel\" target=\"_blank\" rel=\"noreferrer noopener\">aluguel m\u00e1quina de caf\u00e9<\/a> \u00e9 que, ao final do per\u00edodo de contrato, voc\u00ea n\u00e3o adquiri o equipamento. Essa solu\u00e7\u00e3o n\u00e3o \u00e9 a mais lucrativa a longo prazo, pois o aluguel cont\u00ednuo por um per\u00edodo extenso pode se tornar uma op\u00e7\u00e3o mais cara do que realmente efetivar a compra de sua m\u00e1quina de caf\u00e9.<\/p>\n\n\n\n<h2 class=\"wp-block-heading\">Comprando sua m\u00e1quina de caf\u00e9<\/h2>\n\n\n\n<p>Ao <a href=\"https:\/\/essencialmaquinas.com.br\/maquina-de-cafe-para-venda\" target=\"_blank\" rel=\"noreferrer noopener\">comprar uma m\u00e1quina de<\/a> caf\u00e9 voc\u00ea desembolsa um valor \u00e0 vista (ou parcelado) e, em seguida, o equipamento passa a ser exclusivamente seu.<\/p>\n\n\n\n<p>Os benef\u00edcios de comprar uma m\u00e1quina de caf\u00e9 de forma definitiva incluem, entre algumas vantagens, ter o controle total do modelo que pretende adquirir \u2013 j\u00e1 que a compra n\u00e3o se limita em escolher apenas as op\u00e7\u00f5es disponibilizadas pelo fornecedor como no contrato de aluguel. &nbsp;<\/p>\n\n\n\n<p>Tamb\u00e9m h\u00e1 menos papelada envolvida, pois n\u00e3o h\u00e1 obriga\u00e7\u00f5es contratuais. Muitas m\u00e1quinas tamb\u00e9m v\u00eam com uma extensa garantia, podendo ser substitu\u00eddas pelo fabricante caso venham a apresentar defeitos.<\/p>\n\n\n\n<p>Uma desvantagem \u00e9 que a manuten\u00e7\u00e3o n\u00e3o est\u00e1 inclusa na compra, caso a sua nova m\u00e1quina tenha alguma avaria ap\u00f3s o per\u00edodo de garantia, voc\u00ea precisar\u00e1 pagar o reparo e qualquer outra manuten\u00e7\u00e3o necess\u00e1ria ao longo dos anos.<\/p>\n\n\n\n<h2 class=\"wp-block-heading\">Tomando uma decis\u00e3o em definitivo<\/h2>\n\n\n\n<p>Agora que voc\u00ea j\u00e1 entendeu quais s\u00e3o as principais caracter\u00edsticas das duas op\u00e7\u00f5es separamos a seguir algumas perguntas importantes a serem feitas antes de tomar a decis\u00e3o final de comprar ou <a href=\"https:\/\/essencialmaquinas.com.br\/maquina-de-cafe-para-aluguel\" target=\"_blank\" rel=\"noreferrer noopener\">alugar m\u00e1quina de caf\u00e9<\/a>:<\/p>\n\n\n\n<ul class=\"wp-block-list\"><li><strong>Qual \u00e9 o seu or\u00e7amento?<\/strong> \u00c9 importante, para come\u00e7o de conversa, entender a sua capacidade financeira no momento de comprar ou alugar uma m\u00e1quina de caf\u00e9.<\/li><li><strong>Voc\u00ea est\u00e1 projetando crescimento?<\/strong> Nesse caso, o aluguel pode ser a melhor op\u00e7\u00e3o. O aluguel possibilita que voc\u00ea troque de m\u00e1quina se perceber que um modelo maior ou mais novo se adequar\u00e1 melhor a suas necessidades.<\/li><li><strong>Voc\u00ea tem um equipamento favorito<\/strong>? Se voc\u00ea \u00e9 fiel a uma marca ou m\u00e1quina, comprar pode ser a decis\u00e3o certa pois voc\u00ea j\u00e1 sabe que n\u00e3o vai se arrepender de sua escolha.<\/li><\/ul>\n\n\n\n<p>Em \u00faltima an\u00e1lise, o quanto voc\u00ea tem dispon\u00edvel para investir pode ser o maior fator decisivo. Para empresas pequenas que preveem um fluxo de consumo menor, o aluguel pode ser uma escolha assertiva para evitar altos custos iniciais.<\/p>\n\n\n\n<p>Por outro lado, estabelecimentos maiores podem se beneficiar da aquisi\u00e7\u00e3o de um equipamento, pois t\u00eam uma chance maior de justificar esse investimento inicial devido ao volume de consumo.<\/p>\n\n\n\n<h2 class=\"wp-block-heading\">Para fechar<\/h2>\n\n\n\n<p>Por fim, esperamos que este guia tenha ajudado voc\u00ea a tomar sua decis\u00e3o. Vale ressaltar que aqui na Essencial voc\u00ea tamb\u00e9m pode alugar ou <a href=\"https:\/\/essencialmaquinas.com.br\/maquina-de-cafe-para-venda\" target=\"_blank\" rel=\"noreferrer noopener\">comprar uma m\u00e1quina de caf\u00e9<\/a> para o seu neg\u00f3cio em Porto Alegre e toda a Regi\u00e3o Metropolitana.<\/p>\n\n\n\n<p>Ao optar pela <a href=\"https:\/\/essencialmaquinas.com.br\/maquina-de-cafe-para-aluguel\" target=\"_blank\" rel=\"noreferrer noopener\">loca\u00e7\u00e3o de m\u00e1quina de caf\u00e9<\/a> oferecemos a m\u00e1quina de caf\u00e9 com um pre\u00e7o fixo mensal e sem custos de manuten\u00e7\u00e3o! Al\u00e9m disso, trabalhamos com a venda de m\u00e1quinas novas ou semi novas, sempre com garantia de 1 ano e treinamento gr\u00e1tis.<\/p>\n\n\n\n<p>Ficou interessado? Ficaremos felizes em falar com voc\u00ea sobre as nossas op\u00e7\u00f5es, basta <a href=\"https:\/\/essencialmaquinas.com.br\/#contato\" target=\"_blank\" rel=\"noreferrer noopener\">entrar em contato<\/a> com um membro da equipe. N\u00f3s adoramos falar sobre caf\u00e9!<\/p>\n\n\n\n<div class=\"wp-block-group is-layout-flow wp-block-group-is-layout-flow\">\n<div class=\"wp-block-cover aligncenter has-parallax is-light has-white-color has-text-color has-link-color wp-elements-7bd5d06bb064756df6c127ce23aab4b7\" style=\"min-height:20rem;aspect-ratio:unset;\"><span aria-hidden=\"true\" class=\"wp-block-cover__background has-background-dim-0 has-background-dim\"><\/span><div class=\"wp-block-cover__image-background wp-image-5948 has-parallax\" style=\"background-position:50% 50%;background-image:url(https:\/\/essencialmaquinas.com.br\/blog\/wp-content\/uploads\/2021\/12\/coffee-cup-parallax.jpg)\"><\/div><div class=\"wp-block-cover__inner-container is-layout-flow wp-block-cover-is-layout-flow\">\n<div class=\"wp-block-columns is-layout-flex wp-container-core-columns-is-layout-9d6595d7 wp-block-columns-is-layout-flex\">\n<div class=\"wp-block-column is-layout-flow wp-block-column-is-layout-flow\" style=\"flex-basis:69%\">\n<div class=\"wp-block-buttons is-layout-flex wp-block-buttons-is-layout-flex\">\n<div class=\"wp-block-button has-custom-font-size is-style-outline is-style-outline--1\" style=\"font-size:15px\"><a class=\"wp-block-button__link wp-element-button\" href=\"https:\/\/essencialmaquinas.com.br\/aluguel-de-maquina-de-cafe\" target=\"_blank\" rel=\"noreferrer noopener\"> Aluguel de M\u00e1quina de Caf\u00e9<\/a><\/div>\n\n\n\n<div class=\"wp-block-button has-custom-font-size is-style-outline is-style-outline--2\" style=\"font-size:15px\"><a class=\"wp-block-button__link wp-element-button\" href=\"https:\/\/essencialmaquinas.com.br\/maquina-de-cafe-para-venda\" target=\"_blank\" rel=\"noreferrer noopener\"> M\u00e1quina de Caf\u00e9 para Venda <\/a><\/div>\n\n\n\n<div class=\"wp-block-button has-custom-font-size is-style-outline is-style-outline--3\" style=\"font-size:15px\"><a class=\"wp-block-button__link wp-element-button\" href=\"https:\/\/essencialmaquinas.com.br\/maquina-de-cafe-comodato\" target=\"_blank\" rel=\"noreferrer noopener\">M\u00e1quina de Caf\u00e9 em Comodato<\/a><\/div>\n\n\n\n<div class=\"wp-block-button has-custom-font-size is-style-outline is-style-outline--4\" style=\"font-size:15px\"><a class=\"wp-block-button__link wp-element-button\" href=\"https:\/\/essencialmaquinas.com.br\/maquina-de-cafe-para-evento\" target=\"_blank\" rel=\"noreferrer noopener\">M\u00e1quina de Caf\u00e9 para Evento<\/a><\/div>\n<\/div>\n<\/div>\n\n\n\n<div class=\"wp-block-column is-layout-flow wp-block-column-is-layout-flow\"><\/div>\n<\/div>\n<\/div><\/div>\n\n\n\n<p>Ligue em um dos nossos telefones &#8211; <a href=\"tel:+55-51-35190772\">(51) 3519.0772<\/a> ou <a href=\"tel:+55-51-35190772\">(51) <\/a><a href=\"tel:+55-51-35190776\">3519.0776<\/a>, <a rel=\"noreferrer noopener\" href=\"https:\/\/essencialmaquinas.com.br\/\" target=\"_blank\">visite nosso site<\/a> ou nos chame no <a rel=\"noreferrer noopener\" href=\"https:\/\/api.whatsapp.com\/send?phone=5551997172863\" target=\"_blank\">WhatsApp da Essencial M\u00e1quina de Caf\u00e9<\/a> e fique por dentro de todos os produtos que oferecemos, al\u00e9m das condi\u00e7\u00f5es de contrato e op\u00e7\u00f5es para o seu escrit\u00f3rio.<\/p>\n<\/div>\n\n\n\n<p><strong>Cr\u00e9dito da foto<\/strong><br>Foto por <a href=\"https:\/\/unsplash.com\/@altumcode?utm_source=unsplash&amp;utm_medium=referral&amp;utm_content=creditCopyText\">AltumCode<\/a> em <a href=\"https:\/\/unsplash.com\/s\/photos\/coffee-machine-vending?utm_source=unsplash&amp;utm_medium=referral&amp;utm_content=creditCopyText\">Unsplash<\/a><\/p>\n","protected":false},"excerpt":{"rendered":"<p>Para muitos, o caf\u00e9 se tornou parte de sua rotina matinal no trabalho. Sem d\u00favidas, \u00e9 o combust\u00edvel universal necess\u00e1rio para ter um dia produtivo&#8230;.<\/p>\n","protected":false},"author":4,"featured_media":5978,"comment_status":"closed","ping_status":"closed","sticky":false,"template":"","format":"standard","meta":{"footnotes":""},"categories":[26,23],"tags":[36,39,37,49,48,28],"class_list":{"0":"post-5974","1":"post","2":"type-post","3":"status-publish","4":"format-standard","5":"has-post-thumbnail","7":"category-dicas","8":"category-maquinas-de-cafe","9":"tag-aluguel-de-maquina-de-cafe","10":"tag-bem-estar-dos-funcionarios","11":"tag-comprar-maquina-de-cafe","12":"tag-comprar-ou-alugar","13":"tag-locacao-de-maquina-de-cafe","14":"tag-maquina-de-cafe"},"yoast_head":"<!-- This site is optimized with the Yoast SEO plugin v27.5 - https:\/\/yoast.com\/product\/yoast-seo-wordpress\/ -->\n<title>Devo comprar ou alugar uma m\u00e1quina de caf\u00e9? Veja a resposta aqui<\/title>\n<meta name=\"description\" content=\"Comprar ou alugar uma m\u00e1quina de caf\u00e9? Descubra qual a melhor op\u00e7\u00e3o para seu neg\u00f3cio, considerando fatores como custo-benef\u00edcio, demanda, manuten\u00e7\u00e3o e flexibilidade. Leia mais no blog da Essencial M\u00e1quinas de Caf\u00e9 e tome a decis\u00e3o certa\" \/>\n<meta name=\"robots\" content=\"index, follow, max-snippet:-1, max-image-preview:large, max-video-preview:-1\" \/>\n<link rel=\"canonical\" href=\"https:\/\/essencialmaquinas.com.br\/blog\/devo-comprar-ou-alugar-uma-maquina-de-cafe\/\" \/>\n<meta property=\"og:locale\" content=\"pt_BR\" \/>\n<meta property=\"og:type\" content=\"article\" \/>\n<meta property=\"og:title\" content=\"Devo comprar ou alugar uma m\u00e1quina de caf\u00e9? Veja a resposta aqui\" \/>\n<meta property=\"og:description\" content=\"Comprar ou alugar uma m\u00e1quina de caf\u00e9? Descubra qual a melhor op\u00e7\u00e3o para seu neg\u00f3cio, considerando fatores como custo-benef\u00edcio, demanda, manuten\u00e7\u00e3o e flexibilidade. Leia mais no blog da Essencial M\u00e1quinas de Caf\u00e9 e tome a decis\u00e3o certa\" \/>\n<meta property=\"og:url\" content=\"https:\/\/essencialmaquinas.com.br\/blog\/devo-comprar-ou-alugar-uma-maquina-de-cafe\/\" \/>\n<meta property=\"og:site_name\" content=\"Essencial M\u00e1quinas de Caf\u00e9\" \/>\n<meta property=\"article:publisher\" content=\"https:\/\/www.facebook.com\/essencialmaquinas\/\" \/>\n<meta property=\"article:published_time\" content=\"2022-02-22T03:22:00+00:00\" \/>\n<meta property=\"article:modified_time\" content=\"2024-08-19T13:49:05+00:00\" \/>\n<meta property=\"og:image\" content=\"https:\/\/essencialmaquinas.com.br\/blog\/wp-content\/uploads\/2022\/02\/hand-and-coffee.jpg\" \/>\n\t<meta property=\"og:image:width\" content=\"1920\" \/>\n\t<meta property=\"og:image:height\" content=\"1536\" \/>\n\t<meta property=\"og:image:type\" content=\"image\/jpeg\" \/>\n<meta name=\"author\" content=\"Diogo Negrello\" \/>\n<meta name=\"twitter:card\" content=\"summary_large_image\" \/>\n<meta name=\"twitter:label1\" content=\"Escrito por\" \/>\n\t<meta name=\"twitter:data1\" content=\"Diogo Negrello\" \/>\n\t<meta name=\"twitter:label2\" content=\"Est. tempo de leitura\" \/>\n\t<meta name=\"twitter:data2\" content=\"5 minutos\" \/>\n<script type=\"application\/ld+json\" class=\"yoast-schema-graph\">{\"@context\":\"https:\\\/\\\/schema.org\",\"@graph\":[{\"@type\":\"Article\",\"@id\":\"https:\\\/\\\/essencialmaquinas.com.br\\\/blog\\\/devo-comprar-ou-alugar-uma-maquina-de-cafe\\\/#article\",\"isPartOf\":{\"@id\":\"https:\\\/\\\/essencialmaquinas.com.br\\\/blog\\\/devo-comprar-ou-alugar-uma-maquina-de-cafe\\\/\"},\"author\":{\"name\":\"Diogo Negrello\",\"@id\":\"https:\\\/\\\/essencialmaquinas.com.br\\\/#\\\/schema\\\/person\\\/c321763d791f5ab47f06f495e1c03e24\"},\"headline\":\"Devo comprar ou alugar uma m\u00e1quina de caf\u00e9? Veja a resposta aqui\",\"datePublished\":\"2022-02-22T03:22:00+00:00\",\"dateModified\":\"2024-08-19T13:49:05+00:00\",\"mainEntityOfPage\":{\"@id\":\"https:\\\/\\\/essencialmaquinas.com.br\\\/blog\\\/devo-comprar-ou-alugar-uma-maquina-de-cafe\\\/\"},\"wordCount\":822,\"publisher\":{\"@id\":\"https:\\\/\\\/essencialmaquinas.com.br\\\/#organization\"},\"image\":{\"@id\":\"https:\\\/\\\/essencialmaquinas.com.br\\\/blog\\\/devo-comprar-ou-alugar-uma-maquina-de-cafe\\\/#primaryimage\"},\"thumbnailUrl\":\"https:\\\/\\\/essencialmaquinas.com.br\\\/blog\\\/wp-content\\\/uploads\\\/2022\\\/02\\\/hand-and-coffee.jpg\",\"keywords\":[\"aluguel de m\u00e1quina de caf\u00e9\",\"bem-estar dos funcion\u00e1rios\",\"comprar m\u00e1quina de caf\u00e9\",\"comprar ou alugar\",\"loca\u00e7\u00e3o de m\u00e1quina de caf\u00e9\",\"m\u00e1quina de caf\u00e9\"],\"articleSection\":[\"Dicas\",\"M\u00e1quinas de Caf\u00e9\"],\"inLanguage\":\"pt-BR\"},{\"@type\":\"WebPage\",\"@id\":\"https:\\\/\\\/essencialmaquinas.com.br\\\/blog\\\/devo-comprar-ou-alugar-uma-maquina-de-cafe\\\/\",\"url\":\"https:\\\/\\\/essencialmaquinas.com.br\\\/blog\\\/devo-comprar-ou-alugar-uma-maquina-de-cafe\\\/\",\"name\":\"Devo comprar ou alugar uma m\u00e1quina de caf\u00e9? Veja a resposta aqui\",\"isPartOf\":{\"@id\":\"https:\\\/\\\/essencialmaquinas.com.br\\\/#website\"},\"primaryImageOfPage\":{\"@id\":\"https:\\\/\\\/essencialmaquinas.com.br\\\/blog\\\/devo-comprar-ou-alugar-uma-maquina-de-cafe\\\/#primaryimage\"},\"image\":{\"@id\":\"https:\\\/\\\/essencialmaquinas.com.br\\\/blog\\\/devo-comprar-ou-alugar-uma-maquina-de-cafe\\\/#primaryimage\"},\"thumbnailUrl\":\"https:\\\/\\\/essencialmaquinas.com.br\\\/blog\\\/wp-content\\\/uploads\\\/2022\\\/02\\\/hand-and-coffee.jpg\",\"datePublished\":\"2022-02-22T03:22:00+00:00\",\"dateModified\":\"2024-08-19T13:49:05+00:00\",\"description\":\"Comprar ou alugar uma m\u00e1quina de caf\u00e9? Descubra qual a melhor op\u00e7\u00e3o para seu neg\u00f3cio, considerando fatores como custo-benef\u00edcio, demanda, manuten\u00e7\u00e3o e flexibilidade. Leia mais no blog da Essencial M\u00e1quinas de Caf\u00e9 e tome a decis\u00e3o certa\",\"breadcrumb\":{\"@id\":\"https:\\\/\\\/essencialmaquinas.com.br\\\/blog\\\/devo-comprar-ou-alugar-uma-maquina-de-cafe\\\/#breadcrumb\"},\"inLanguage\":\"pt-BR\",\"potentialAction\":[{\"@type\":\"ReadAction\",\"target\":[\"https:\\\/\\\/essencialmaquinas.com.br\\\/blog\\\/devo-comprar-ou-alugar-uma-maquina-de-cafe\\\/\"]}]},{\"@type\":\"ImageObject\",\"inLanguage\":\"pt-BR\",\"@id\":\"https:\\\/\\\/essencialmaquinas.com.br\\\/blog\\\/devo-comprar-ou-alugar-uma-maquina-de-cafe\\\/#primaryimage\",\"url\":\"https:\\\/\\\/essencialmaquinas.com.br\\\/blog\\\/wp-content\\\/uploads\\\/2022\\\/02\\\/hand-and-coffee.jpg\",\"contentUrl\":\"https:\\\/\\\/essencialmaquinas.com.br\\\/blog\\\/wp-content\\\/uploads\\\/2022\\\/02\\\/hand-and-coffee.jpg\",\"width\":1920,\"height\":1536},{\"@type\":\"BreadcrumbList\",\"@id\":\"https:\\\/\\\/essencialmaquinas.com.br\\\/blog\\\/devo-comprar-ou-alugar-uma-maquina-de-cafe\\\/#breadcrumb\",\"itemListElement\":[{\"@type\":\"ListItem\",\"position\":1,\"name\":\"In\u00edcio\",\"item\":\"https:\\\/\\\/essencialmaquinas.com.br\\\/blog\\\/\"},{\"@type\":\"ListItem\",\"position\":2,\"name\":\"Dicas\",\"item\":\"https:\\\/\\\/essencialmaquinas.com.br\\\/blog\\\/category\\\/dicas\\\/\"},{\"@type\":\"ListItem\",\"position\":3,\"name\":\"Devo comprar ou alugar uma m\u00e1quina de caf\u00e9? Veja a resposta aqui\"}]},{\"@type\":\"WebSite\",\"@id\":\"https:\\\/\\\/essencialmaquinas.com.br\\\/#website\",\"url\":\"https:\\\/\\\/essencialmaquinas.com.br\\\/\",\"name\":\"Essencial M\u00e1quinas de Caf\u00e9\",\"description\":\"Novidades e curiosidades sobre as m\u00e1quinas de caf\u00e9 e insumos\",\"publisher\":{\"@id\":\"https:\\\/\\\/essencialmaquinas.com.br\\\/#organization\"},\"potentialAction\":[{\"@type\":\"SearchAction\",\"target\":{\"@type\":\"EntryPoint\",\"urlTemplate\":\"https:\\\/\\\/essencialmaquinas.com.br\\\/?s={search_term_string}\"},\"query-input\":{\"@type\":\"PropertyValueSpecification\",\"valueRequired\":true,\"valueName\":\"search_term_string\"}}],\"inLanguage\":\"pt-BR\"},{\"@type\":\"Organization\",\"@id\":\"https:\\\/\\\/essencialmaquinas.com.br\\\/#organization\",\"name\":\"Essencial M\u00e1quinas de Caf\u00e9\",\"url\":\"https:\\\/\\\/essencialmaquinas.com.br\\\/\",\"logo\":{\"@type\":\"ImageObject\",\"inLanguage\":\"pt-BR\",\"@id\":\"https:\\\/\\\/essencialmaquinas.com.br\\\/#\\\/schema\\\/logo\\\/image\\\/\",\"url\":\"https:\\\/\\\/essencialmaquinas.com.br\\\/blog\\\/wp-content\\\/uploads\\\/2021\\\/12\\\/essencial-maquinas-logo.png\",\"contentUrl\":\"https:\\\/\\\/essencialmaquinas.com.br\\\/blog\\\/wp-content\\\/uploads\\\/2021\\\/12\\\/essencial-maquinas-logo.png\",\"width\":250,\"height\":67,\"caption\":\"Essencial M\u00e1quinas de Caf\u00e9\"},\"image\":{\"@id\":\"https:\\\/\\\/essencialmaquinas.com.br\\\/#\\\/schema\\\/logo\\\/image\\\/\"},\"sameAs\":[\"https:\\\/\\\/www.facebook.com\\\/essencialmaquinas\\\/\",\"https:\\\/\\\/www.instagram.com\\\/essencial_maquinas\\\/\",\"https:\\\/\\\/www.youtube.com\\\/channel\\\/UCRV9nmg2xPS4gy_Lil7BWVQ\"]},{\"@type\":\"Person\",\"@id\":\"https:\\\/\\\/essencialmaquinas.com.br\\\/#\\\/schema\\\/person\\\/c321763d791f5ab47f06f495e1c03e24\",\"name\":\"Diogo Negrello\",\"image\":{\"@type\":\"ImageObject\",\"inLanguage\":\"pt-BR\",\"@id\":\"https:\\\/\\\/essencialmaquinas.com.br\\\/blog\\\/wp-content\\\/uploads\\\/2025\\\/10\\\/cropped-diogo-negrello-96x96.webp\",\"url\":\"https:\\\/\\\/essencialmaquinas.com.br\\\/blog\\\/wp-content\\\/uploads\\\/2025\\\/10\\\/cropped-diogo-negrello-96x96.webp\",\"contentUrl\":\"https:\\\/\\\/essencialmaquinas.com.br\\\/blog\\\/wp-content\\\/uploads\\\/2025\\\/10\\\/cropped-diogo-negrello-96x96.webp\",\"caption\":\"Diogo Negrello\"},\"description\":\"Diogo Artur Negrello \u00e9 CEO da Essencial M\u00e1quinas de Caf\u00e9, sediada em Porto Alegre (RS). Formado pela PUC-RS, Diogo lidera a empresa desde sua funda\u00e7\u00e3o em 2015, atuando no mercado de loca\u00e7\u00e3o, venda e manuten\u00e7\u00e3o de m\u00e1quinas autom\u00e1ticas de caf\u00e9 para ambientes corporativos e eventos. Com foco em excel\u00eancia, inova\u00e7\u00e3o e experi\u00eancia de consumo, acredita que \u201cuma boa x\u00edcara de caf\u00e9 pode ser o come\u00e7o de grandes ideias\u201d. Fora do expediente, \u00e9 casado, torcedor do SC Internacional e est\u00e1 sempre aprendendo. Siga-o no Instagram @diogonegrello para acompanhar sua vis\u00e3o e a trajet\u00f3ria da Essencial M\u00e1quinas de Caf\u00e9.\",\"sameAs\":[\"https:\\\/\\\/essencialmaquinas.com.br\\\/\",\"https:\\\/\\\/www.instagram.com\\\/diogonegrello\\\/\"],\"url\":\"https:\\\/\\\/essencialmaquinas.com.br\\\/blog\\\/author\\\/negrello_diogo_redator\\\/\"}]}<\/script>\n<!-- \/ Yoast SEO plugin. -->","yoast_head_json":{"title":"Devo comprar ou alugar uma m\u00e1quina de caf\u00e9? Veja a resposta aqui","description":"Comprar ou alugar uma m\u00e1quina de caf\u00e9? Descubra qual a melhor op\u00e7\u00e3o para seu neg\u00f3cio, considerando fatores como custo-benef\u00edcio, demanda, manuten\u00e7\u00e3o e flexibilidade. Leia mais no blog da Essencial M\u00e1quinas de Caf\u00e9 e tome a decis\u00e3o certa","robots":{"index":"index","follow":"follow","max-snippet":"max-snippet:-1","max-image-preview":"max-image-preview:large","max-video-preview":"max-video-preview:-1"},"canonical":"https:\/\/essencialmaquinas.com.br\/blog\/devo-comprar-ou-alugar-uma-maquina-de-cafe\/","og_locale":"pt_BR","og_type":"article","og_title":"Devo comprar ou alugar uma m\u00e1quina de caf\u00e9? Veja a resposta aqui","og_description":"Comprar ou alugar uma m\u00e1quina de caf\u00e9? Descubra qual a melhor op\u00e7\u00e3o para seu neg\u00f3cio, considerando fatores como custo-benef\u00edcio, demanda, manuten\u00e7\u00e3o e flexibilidade. Leia mais no blog da Essencial M\u00e1quinas de Caf\u00e9 e tome a decis\u00e3o certa","og_url":"https:\/\/essencialmaquinas.com.br\/blog\/devo-comprar-ou-alugar-uma-maquina-de-cafe\/","og_site_name":"Essencial M\u00e1quinas de Caf\u00e9","article_publisher":"https:\/\/www.facebook.com\/essencialmaquinas\/","article_published_time":"2022-02-22T03:22:00+00:00","article_modified_time":"2024-08-19T13:49:05+00:00","og_image":[{"width":1920,"height":1536,"url":"https:\/\/essencialmaquinas.com.br\/blog\/wp-content\/uploads\/2022\/02\/hand-and-coffee.jpg","type":"image\/jpeg"}],"author":"Diogo Negrello","twitter_card":"summary_large_image","twitter_misc":{"Escrito por":"Diogo Negrello","Est. tempo de leitura":"5 minutos"},"schema":{"@context":"https:\/\/schema.org","@graph":[{"@type":"Article","@id":"https:\/\/essencialmaquinas.com.br\/blog\/devo-comprar-ou-alugar-uma-maquina-de-cafe\/#article","isPartOf":{"@id":"https:\/\/essencialmaquinas.com.br\/blog\/devo-comprar-ou-alugar-uma-maquina-de-cafe\/"},"author":{"name":"Diogo Negrello","@id":"https:\/\/essencialmaquinas.com.br\/#\/schema\/person\/c321763d791f5ab47f06f495e1c03e24"},"headline":"Devo comprar ou alugar uma m\u00e1quina de caf\u00e9? Veja a resposta aqui","datePublished":"2022-02-22T03:22:00+00:00","dateModified":"2024-08-19T13:49:05+00:00","mainEntityOfPage":{"@id":"https:\/\/essencialmaquinas.com.br\/blog\/devo-comprar-ou-alugar-uma-maquina-de-cafe\/"},"wordCount":822,"publisher":{"@id":"https:\/\/essencialmaquinas.com.br\/#organization"},"image":{"@id":"https:\/\/essencialmaquinas.com.br\/blog\/devo-comprar-ou-alugar-uma-maquina-de-cafe\/#primaryimage"},"thumbnailUrl":"https:\/\/essencialmaquinas.com.br\/blog\/wp-content\/uploads\/2022\/02\/hand-and-coffee.jpg","keywords":["aluguel de m\u00e1quina de caf\u00e9","bem-estar dos funcion\u00e1rios","comprar m\u00e1quina de caf\u00e9","comprar ou alugar","loca\u00e7\u00e3o de m\u00e1quina de caf\u00e9","m\u00e1quina de caf\u00e9"],"articleSection":["Dicas","M\u00e1quinas de Caf\u00e9"],"inLanguage":"pt-BR"},{"@type":"WebPage","@id":"https:\/\/essencialmaquinas.com.br\/blog\/devo-comprar-ou-alugar-uma-maquina-de-cafe\/","url":"https:\/\/essencialmaquinas.com.br\/blog\/devo-comprar-ou-alugar-uma-maquina-de-cafe\/","name":"Devo comprar ou alugar uma m\u00e1quina de caf\u00e9? Veja a resposta aqui","isPartOf":{"@id":"https:\/\/essencialmaquinas.com.br\/#website"},"primaryImageOfPage":{"@id":"https:\/\/essencialmaquinas.com.br\/blog\/devo-comprar-ou-alugar-uma-maquina-de-cafe\/#primaryimage"},"image":{"@id":"https:\/\/essencialmaquinas.com.br\/blog\/devo-comprar-ou-alugar-uma-maquina-de-cafe\/#primaryimage"},"thumbnailUrl":"https:\/\/essencialmaquinas.com.br\/blog\/wp-content\/uploads\/2022\/02\/hand-and-coffee.jpg","datePublished":"2022-02-22T03:22:00+00:00","dateModified":"2024-08-19T13:49:05+00:00","description":"Comprar ou alugar uma m\u00e1quina de caf\u00e9? Descubra qual a melhor op\u00e7\u00e3o para seu neg\u00f3cio, considerando fatores como custo-benef\u00edcio, demanda, manuten\u00e7\u00e3o e flexibilidade. Leia mais no blog da Essencial M\u00e1quinas de Caf\u00e9 e tome a decis\u00e3o certa","breadcrumb":{"@id":"https:\/\/essencialmaquinas.com.br\/blog\/devo-comprar-ou-alugar-uma-maquina-de-cafe\/#breadcrumb"},"inLanguage":"pt-BR","potentialAction":[{"@type":"ReadAction","target":["https:\/\/essencialmaquinas.com.br\/blog\/devo-comprar-ou-alugar-uma-maquina-de-cafe\/"]}]},{"@type":"ImageObject","inLanguage":"pt-BR","@id":"https:\/\/essencialmaquinas.com.br\/blog\/devo-comprar-ou-alugar-uma-maquina-de-cafe\/#primaryimage","url":"https:\/\/essencialmaquinas.com.br\/blog\/wp-content\/uploads\/2022\/02\/hand-and-coffee.jpg","contentUrl":"https:\/\/essencialmaquinas.com.br\/blog\/wp-content\/uploads\/2022\/02\/hand-and-coffee.jpg","width":1920,"height":1536},{"@type":"BreadcrumbList","@id":"https:\/\/essencialmaquinas.com.br\/blog\/devo-comprar-ou-alugar-uma-maquina-de-cafe\/#breadcrumb","itemListElement":[{"@type":"ListItem","position":1,"name":"In\u00edcio","item":"https:\/\/essencialmaquinas.com.br\/blog\/"},{"@type":"ListItem","position":2,"name":"Dicas","item":"https:\/\/essencialmaquinas.com.br\/blog\/category\/dicas\/"},{"@type":"ListItem","position":3,"name":"Devo comprar ou alugar uma m\u00e1quina de caf\u00e9? Veja a resposta aqui"}]},{"@type":"WebSite","@id":"https:\/\/essencialmaquinas.com.br\/#website","url":"https:\/\/essencialmaquinas.com.br\/","name":"Essencial M\u00e1quinas de Caf\u00e9","description":"Novidades e curiosidades sobre as m\u00e1quinas de caf\u00e9 e insumos","publisher":{"@id":"https:\/\/essencialmaquinas.com.br\/#organization"},"potentialAction":[{"@type":"SearchAction","target":{"@type":"EntryPoint","urlTemplate":"https:\/\/essencialmaquinas.com.br\/?s={search_term_string}"},"query-input":{"@type":"PropertyValueSpecification","valueRequired":true,"valueName":"search_term_string"}}],"inLanguage":"pt-BR"},{"@type":"Organization","@id":"https:\/\/essencialmaquinas.com.br\/#organization","name":"Essencial M\u00e1quinas de Caf\u00e9","url":"https:\/\/essencialmaquinas.com.br\/","logo":{"@type":"ImageObject","inLanguage":"pt-BR","@id":"https:\/\/essencialmaquinas.com.br\/#\/schema\/logo\/image\/","url":"https:\/\/essencialmaquinas.com.br\/blog\/wp-content\/uploads\/2021\/12\/essencial-maquinas-logo.png","contentUrl":"https:\/\/essencialmaquinas.com.br\/blog\/wp-content\/uploads\/2021\/12\/essencial-maquinas-logo.png","width":250,"height":67,"caption":"Essencial M\u00e1quinas de Caf\u00e9"},"image":{"@id":"https:\/\/essencialmaquinas.com.br\/#\/schema\/logo\/image\/"},"sameAs":["https:\/\/www.facebook.com\/essencialmaquinas\/","https:\/\/www.instagram.com\/essencial_maquinas\/","https:\/\/www.youtube.com\/channel\/UCRV9nmg2xPS4gy_Lil7BWVQ"]},{"@type":"Person","@id":"https:\/\/essencialmaquinas.com.br\/#\/schema\/person\/c321763d791f5ab47f06f495e1c03e24","name":"Diogo Negrello","image":{"@type":"ImageObject","inLanguage":"pt-BR","@id":"https:\/\/essencialmaquinas.com.br\/blog\/wp-content\/uploads\/2025\/10\/cropped-diogo-negrello-96x96.webp","url":"https:\/\/essencialmaquinas.com.br\/blog\/wp-content\/uploads\/2025\/10\/cropped-diogo-negrello-96x96.webp","contentUrl":"https:\/\/essencialmaquinas.com.br\/blog\/wp-content\/uploads\/2025\/10\/cropped-diogo-negrello-96x96.webp","caption":"Diogo Negrello"},"description":"Diogo Artur Negrello \u00e9 CEO da Essencial M\u00e1quinas de Caf\u00e9, sediada em Porto Alegre (RS). Formado pela PUC-RS, Diogo lidera a empresa desde sua funda\u00e7\u00e3o em 2015, atuando no mercado de loca\u00e7\u00e3o, venda e manuten\u00e7\u00e3o de m\u00e1quinas autom\u00e1ticas de caf\u00e9 para ambientes corporativos e eventos. Com foco em excel\u00eancia, inova\u00e7\u00e3o e experi\u00eancia de consumo, acredita que \u201cuma boa x\u00edcara de caf\u00e9 pode ser o come\u00e7o de grandes ideias\u201d. Fora do expediente, \u00e9 casado, torcedor do SC Internacional e est\u00e1 sempre aprendendo. Siga-o no Instagram @diogonegrello para acompanhar sua vis\u00e3o e a trajet\u00f3ria da Essencial M\u00e1quinas de Caf\u00e9.","sameAs":["https:\/\/essencialmaquinas.com.br\/","https:\/\/www.instagram.com\/diogonegrello\/"],"url":"https:\/\/essencialmaquinas.com.br\/blog\/author\/negrello_diogo_redator\/"}]}},"_links":{"self":[{"href":"https:\/\/essencialmaquinas.com.br\/blog\/wp-json\/wp\/v2\/posts\/5974","targetHints":{"allow":["GET"]}}],"collection":[{"href":"https:\/\/essencialmaquinas.com.br\/blog\/wp-json\/wp\/v2\/posts"}],"about":[{"href":"https:\/\/essencialmaquinas.com.br\/blog\/wp-json\/wp\/v2\/types\/post"}],"author":[{"embeddable":true,"href":"https:\/\/essencialmaquinas.com.br\/blog\/wp-json\/wp\/v2\/users\/4"}],"replies":[{"embeddable":true,"href":"https:\/\/essencialmaquinas.com.br\/blog\/wp-json\/wp\/v2\/comments?post=5974"}],"version-history":[{"count":4,"href":"https:\/\/essencialmaquinas.com.br\/blog\/wp-json\/wp\/v2\/posts\/5974\/revisions"}],"predecessor-version":[{"id":5982,"href":"https:\/\/essencialmaquinas.com.br\/blog\/wp-json\/wp\/v2\/posts\/5974\/revisions\/5982"}],"wp:featuredmedia":[{"embeddable":true,"href":"https:\/\/essencialmaquinas.com.br\/blog\/wp-json\/wp\/v2\/media\/5978"}],"wp:attachment":[{"href":"https:\/\/essencialmaquinas.com.br\/blog\/wp-json\/wp\/v2\/media?parent=5974"}],"wp:term":[{"taxonomy":"category","embeddable":true,"href":"https:\/\/essencialmaquinas.com.br\/blog\/wp-json\/wp\/v2\/categories?post=5974"},{"taxonomy":"post_tag","embeddable":true,"href":"https:\/\/essencialmaquinas.com.br\/blog\/wp-json\/wp\/v2\/tags?post=5974"}],"curies":[{"name":"wp","href":"https:\/\/api.w.org\/{rel}","templated":true}]}}