{"id":5983,"date":"2022-02-22T12:22:00","date_gmt":"2022-02-22T15:22:00","guid":{"rendered":"https:\/\/blog.essencialmaquinas.com.br\/?p=5983"},"modified":"2024-08-19T10:47:52","modified_gmt":"2024-08-19T13:47:52","slug":"maquina-de-cafe-para-evento","status":"publish","type":"post","link":"https:\/\/essencialmaquinas.com.br\/blog\/maquina-de-cafe-para-evento\/","title":{"rendered":"M\u00e1quina de caf\u00e9 para evento: Entenda quais s\u00e3o as vantagens na pr\u00e1tica"},"content":{"rendered":"\n<p>Os brasileiros adoram um cafezinho, isso \u00e9 indiscut\u00edvel! Ao participar de um evento, seja ele corporativo ou familiar, temos o h\u00e1bito de deixar o sal\u00e3o principal em busca de um bom caf\u00e9 se ele n\u00e3o estiver prontamente dispon\u00edvel \u2013 e \u00e9 aqui onde uma <a href=\"https:\/\/essencialmaquinas.com.br\/maquina-de-cafe-para-evento\" target=\"_blank\" rel=\"noreferrer noopener\">m\u00e1quina de caf\u00e9 para um evento<\/a> pode ser \u00fatil.<\/p>\n\n\n\n<p>O grande n\u00famero de fornecedores de m\u00e1quinas de caf\u00e9 e insumos surgindo no Brasil prova que h\u00e1 uma demanda latente por aqui neste setor. Na Essencial M\u00e1quinas de Caf\u00e9 temos o orgulho de dizer que j\u00e1 fizemos parte de grandes eventos e realmente entendemos do assunto.<\/p>\n\n\n\n<p>Ent\u00e3o, como voc\u00ea oferece um caf\u00e9 de \u00f3tima qualidade, um servi\u00e7o eficiente e uma quantidade suficiente para que todos garantam sua dose de cafe\u00edna? Voc\u00ea contrata um fornecedor profissional para o seu evento, \u00e9 claro!<\/p>\n\n\n\n<h2 class=\"wp-block-heading\">Coffe Break? Sim, por favor!<\/h2>\n\n\n\n<p>Um <em>coffe break<\/em>, ou \u201cpausa para o caf\u00e9\u201d em bom portugu\u00eas, \u00e9 uma excelente forma de aliviar o estresse, aumentar a produtividade ou retomar o foco em qualquer evento. Os benef\u00edcios sociais e psicol\u00f3gicos s\u00e3o in\u00fameros, e para refor\u00e7ar o qu\u00e3o importante o caf\u00e9 pode ser para o seu evento separamos alguns deles a seguir:<\/p>\n\n\n\n<h3 class=\"wp-block-heading\">Aumenta a socializa\u00e7\u00e3o<\/h3>\n\n\n\n<p>O aspecto mais importante do <em>coffee break<\/em> \u00e9 que ele incentiva a socializa\u00e7\u00e3o entre colegas de trabalho, clientes, amigos ou seja l\u00e1 quem esteja participando da ocasi\u00e3o \u2013 o que, por sua vez, o torna um verdadeiro evento comunit\u00e1rio.<\/p>\n\n\n\n<p>Voc\u00ea troca ideias e sugest\u00f5es enquanto vai, gole ap\u00f3s gole, alimentando a conversa. Conhecer outras pessoas em um evento ajuda a criar novos relacionamentos garantindo um ambiente confort\u00e1vel e descontra\u00eddo para todos.<\/p>\n\n\n\n<h3 class=\"wp-block-heading\">Alivia o estresse<\/h3>\n\n\n\n<p>Levantar-se e fazer uma pausa mental de uma palestra, apresenta\u00e7\u00e3o e outros compromissos alivia o estresse e libera suas tens\u00f5es. Bastam alguns minutos tomando um cafezinho para voltar com mais motiva\u00e7\u00e3o e concentra\u00e7\u00e3o.<\/p>\n\n\n\n<h3 class=\"wp-block-heading\">Bom para o bem estar f\u00edsico<\/h3>\n\n\n\n<p>Sentar-se (ou ficar de p\u00e9) muitas horas por muito tempo n\u00e3o \u00e9 saud\u00e1vel para nosso corpo e mente. Relaxar por alguns minutos esticando as pernas ou sentando enquanto degustamos um bom copo de caf\u00e9 nos permite reativar a circula\u00e7\u00e3o e descansar nossas mente.<\/p>\n\n\n\n<h2 class=\"wp-block-heading\">Que tipos de eventos demandam uma m\u00e1quina de caf\u00e9?<\/h2>\n\n\n\n<h3 class=\"wp-block-heading\">Reuni\u00f5es e confer\u00eancias<\/h3>\n\n\n\n<p>Esses s\u00e3o os eventos em que voc\u00ea costuma tradicionalmente encontrar uma m\u00e1quina de caf\u00e9. Os organizadores de confer\u00eancias e reuni\u00f5es n\u00e3o gostam que os participantes saiam do local do evento por qualquer motivo, j\u00e1 que podem perder qualquer detalhe importante da reuni\u00e3o.<\/p>\n\n\n\n<p>Da mesma forma, os integrantes de eventos corporativos conhecem bem caf\u00e9s \u2013 e podem at\u00e9 ser especialistas \u2013 logo, n\u00e3o se contentam com algo abaixo do padr\u00e3o. Para manter uma boa impress\u00e3o em seus convidados, garantir uma <a href=\"https:\/\/essencialmaquinas.com.br\/maquina-de-cafe-para-evento\" target=\"_blank\" rel=\"noreferrer noopener\">m\u00e1quina de caf\u00e9 para o evento<\/a> pode ser a solu\u00e7\u00e3o adequada e, quem sabe, at\u00e9 mesmo um diferencial na hora de fechar um contrato.<\/p>\n\n\n\n<h3 class=\"wp-block-heading\">Exposi\u00e7\u00f5es e eventos p\u00fablicos<\/h3>\n\n\n\n<p>Obter uma <a href=\"https:\/\/essencialmaquinas.com.br\/maquina-de-cafe-para-evento\" target=\"_blank\" rel=\"noreferrer noopener\">m\u00e1quina de caf\u00e9 para eventos<\/a> casuais, como exposi\u00e7\u00f5es, exibi\u00e7\u00f5es e outros eventos p\u00fablicos, \u00e9 sempre uma boa ideia.<\/p>\n\n\n\n<p>Os convidados desses eventos geralmente ficam de p\u00e9 por longas horas, ent\u00e3o ter uma m\u00e1quina de caf\u00e9 profissional ao redor \u2013 ou at\u00e9 mesmo um barista \u2013 ajuda a proporcionar uma experi\u00eancia mais agrad\u00e1vel e certamente d\u00e1 a eles um motivo extra para ficar mais tempo.<\/p>\n\n\n\n<h3 class=\"wp-block-heading\">Casamentos<\/h3>\n\n\n\n<p>Quem disse que n\u00e3o se pode servir caf\u00e9 em casamentos? Enquanto a prioridade em quase todos os casamentos s\u00e3o as choperias, muitos casais hoje em dia est\u00e3o inovando e contratando m\u00e1quinas de caf\u00e9 para dar um toque de luxo e exclusividade para a ocasi\u00e3o.<\/p>\n\n\n\n<p>Os convidados ficam impressionados e animados ao ver um barista servindo bebidas especiais para todos. Al\u00e9m disso, ap\u00f3s uma longa noite de festa \u00e9 indispens\u00e1vel um bom cafezinho pela manh\u00e3, certo?<\/p>\n\n\n\n<h2 class=\"wp-block-heading\">Encontrando o fornecedor certo<\/h2>\n\n\n\n<p>Por \u00faltimo, encontrar o fornecedor certo de m\u00e1quinas de caf\u00e9s para o seu evento \u00e9 crucial para garantir que voc\u00ea possa atender aos gostos e necessidades de seus convidados.<\/p>\n\n\n\n<p>Se voc\u00ea estiver organizando um evento em Porto Alegre e Regi\u00e3o considere a Essencial M\u00e1quina de Caf\u00e9 como parceira do seu evento.<\/p>\n\n\n\n<p>Converse um dos nossos consultores, e saiba qual a melhor op\u00e7\u00e3o de equipamento, previs\u00e3o de gasto com insumos e venha tamb\u00e9m fazer parte da nossa hist\u00f3ria de sucesso. N\u00e3o se esque\u00e7a que um bom caf\u00e9 \u00e9 Essencial!<\/p>\n\n\n\n<div class=\"wp-block-group is-layout-flow wp-block-group-is-layout-flow\">\n<div class=\"wp-block-cover aligncenter has-parallax is-light has-white-color has-text-color has-link-color wp-elements-7bd5d06bb064756df6c127ce23aab4b7\" style=\"min-height:20rem;aspect-ratio:unset;\"><span aria-hidden=\"true\" class=\"wp-block-cover__background has-background-dim-0 has-background-dim\"><\/span><div class=\"wp-block-cover__image-background wp-image-5948 has-parallax\" style=\"background-position:50% 50%;background-image:url(https:\/\/essencialmaquinas.com.br\/blog\/wp-content\/uploads\/2021\/12\/coffee-cup-parallax.jpg)\"><\/div><div class=\"wp-block-cover__inner-container is-layout-flow wp-block-cover-is-layout-flow\">\n<div class=\"wp-block-columns is-layout-flex wp-container-core-columns-is-layout-9d6595d7 wp-block-columns-is-layout-flex\">\n<div class=\"wp-block-column is-layout-flow wp-block-column-is-layout-flow\" style=\"flex-basis:69%\">\n<div class=\"wp-block-buttons is-layout-flex wp-block-buttons-is-layout-flex\">\n<div class=\"wp-block-button has-custom-font-size is-style-outline is-style-outline--1\" style=\"font-size:15px\"><a class=\"wp-block-button__link wp-element-button\" href=\"https:\/\/essencialmaquinas.com.br\/aluguel-de-maquina-de-cafe\" target=\"_blank\" rel=\"noreferrer noopener\"> Aluguel de M\u00e1quina de Caf\u00e9<\/a><\/div>\n\n\n\n<div class=\"wp-block-button has-custom-font-size is-style-outline is-style-outline--2\" style=\"font-size:15px\"><a class=\"wp-block-button__link wp-element-button\" href=\"https:\/\/essencialmaquinas.com.br\/maquina-de-cafe-para-venda\" target=\"_blank\" rel=\"noreferrer noopener\"> M\u00e1quina de Caf\u00e9 para Venda <\/a><\/div>\n\n\n\n<div class=\"wp-block-button has-custom-font-size is-style-outline is-style-outline--3\" style=\"font-size:15px\"><a class=\"wp-block-button__link wp-element-button\" href=\"https:\/\/essencialmaquinas.com.br\/maquina-de-cafe-comodato\" target=\"_blank\" rel=\"noreferrer noopener\">M\u00e1quina de Caf\u00e9 em Comodato<\/a><\/div>\n\n\n\n<div class=\"wp-block-button has-custom-font-size is-style-outline is-style-outline--4\" style=\"font-size:15px\"><a class=\"wp-block-button__link wp-element-button\" href=\"https:\/\/essencialmaquinas.com.br\/maquina-de-cafe-para-evento\" target=\"_blank\" rel=\"noreferrer noopener\">M\u00e1quina de Caf\u00e9 para Evento<\/a><\/div>\n<\/div>\n<\/div>\n\n\n\n<div class=\"wp-block-column is-layout-flow wp-block-column-is-layout-flow\"><\/div>\n<\/div>\n<\/div><\/div>\n\n\n\n<p>Ligue em um dos nossos telefones &#8211; <a href=\"tel:+55-51-35190772\">(51) 3519.0772<\/a> ou <a href=\"tel:+55-51-35190772\">(51) <\/a><a href=\"tel:+55-51-35190776\">3519.0776<\/a>, <a rel=\"noreferrer noopener\" href=\"https:\/\/essencialmaquinas.com.br\/\" target=\"_blank\">visite nosso site<\/a> ou nos chame no <a rel=\"noreferrer noopener\" href=\"https:\/\/api.whatsapp.com\/send?phone=5551997172863\" target=\"_blank\">WhatsApp da Essencial M\u00e1quina de Caf\u00e9<\/a> e fique por dentro de todos os produtos que oferecemos, al\u00e9m das condi\u00e7\u00f5es de contrato e op\u00e7\u00f5es para o seu escrit\u00f3rio.<\/p>\n<\/div>\n\n\n\n<p><\/p>\n","protected":false},"excerpt":{"rendered":"<p>Os brasileiros adoram um cafezinho, isso \u00e9 indiscut\u00edvel! Ao participar de um evento, seja ele corporativo ou familiar, temos o h\u00e1bito de deixar o sal\u00e3o&#8230;<\/p>\n","protected":false},"author":4,"featured_media":5988,"comment_status":"closed","ping_status":"closed","sticky":false,"template":"","format":"standard","meta":{"footnotes":""},"categories":[26,23],"tags":[58,59,60,52,61,57,51,50,55,54,53,28,56],"class_list":{"0":"post-5983","1":"post","2":"type-post","3":"status-publish","4":"format-standard","5":"has-post-thumbnail","7":"category-dicas","8":"category-maquinas-de-cafe","9":"tag-alivia-o-estresse","10":"tag-aumenta-a-socializacao","11":"tag-bem-estar-fisico","12":"tag-casamento","13":"tag-coffe-break","14":"tag-conferencia","15":"tag-congresso","16":"tag-evento","17":"tag-evento-publico","18":"tag-exposicao","19":"tag-festa","20":"tag-maquina-de-cafe","21":"tag-reuniao"},"yoast_head":"<!-- This site is optimized with the Yoast SEO plugin v27.5 - https:\/\/yoast.com\/product\/yoast-seo-wordpress\/ -->\n<title>M\u00e1quina de caf\u00e9 para evento: Entenda quais s\u00e3o as vantagens na pr\u00e1tica<\/title>\n<meta name=\"description\" content=\"Como uma m\u00e1quina de caf\u00e9 pode transformar seu evento em um sucesso, proporcionando socializa\u00e7\u00e3o, al\u00edvio do estresse e uma experi\u00eancia memor\u00e1vel para seus convidados. Saiba mais no blog da Essencial M\u00e1quinas de Caf\u00e9.\" \/>\n<meta name=\"robots\" content=\"index, follow, max-snippet:-1, max-image-preview:large, max-video-preview:-1\" \/>\n<link rel=\"canonical\" href=\"https:\/\/essencialmaquinas.com.br\/blog\/maquina-de-cafe-para-evento\/\" \/>\n<meta property=\"og:locale\" content=\"pt_BR\" \/>\n<meta property=\"og:type\" content=\"article\" \/>\n<meta property=\"og:title\" content=\"M\u00e1quina de caf\u00e9 para evento: Entenda quais s\u00e3o as vantagens na pr\u00e1tica\" \/>\n<meta property=\"og:description\" content=\"Como uma m\u00e1quina de caf\u00e9 pode transformar seu evento em um sucesso, proporcionando socializa\u00e7\u00e3o, al\u00edvio do estresse e uma experi\u00eancia memor\u00e1vel para seus convidados. Saiba mais no blog da Essencial M\u00e1quinas de Caf\u00e9.\" \/>\n<meta property=\"og:url\" content=\"https:\/\/essencialmaquinas.com.br\/blog\/maquina-de-cafe-para-evento\/\" \/>\n<meta property=\"og:site_name\" content=\"Essencial M\u00e1quinas de Caf\u00e9\" \/>\n<meta property=\"article:publisher\" content=\"https:\/\/www.facebook.com\/essencialmaquinas\/\" \/>\n<meta property=\"article:published_time\" content=\"2022-02-22T15:22:00+00:00\" \/>\n<meta property=\"article:modified_time\" content=\"2024-08-19T13:47:52+00:00\" \/>\n<meta property=\"og:image\" content=\"https:\/\/essencialmaquinas.com.br\/blog\/wp-content\/uploads\/2022\/02\/maquina-de-cafe-para-evento-casamento.jpg\" \/>\n\t<meta property=\"og:image:width\" content=\"1920\" \/>\n\t<meta property=\"og:image:height\" content=\"1280\" \/>\n\t<meta property=\"og:image:type\" content=\"image\/jpeg\" \/>\n<meta name=\"author\" content=\"Diogo Negrello\" \/>\n<meta name=\"twitter:card\" content=\"summary_large_image\" \/>\n<meta name=\"twitter:label1\" content=\"Escrito por\" \/>\n\t<meta name=\"twitter:data1\" content=\"Diogo Negrello\" \/>\n\t<meta name=\"twitter:label2\" content=\"Est. tempo de leitura\" \/>\n\t<meta name=\"twitter:data2\" content=\"4 minutos\" \/>\n<script type=\"application\/ld+json\" class=\"yoast-schema-graph\">{\"@context\":\"https:\\\/\\\/schema.org\",\"@graph\":[{\"@type\":\"Article\",\"@id\":\"https:\\\/\\\/essencialmaquinas.com.br\\\/blog\\\/maquina-de-cafe-para-evento\\\/#article\",\"isPartOf\":{\"@id\":\"https:\\\/\\\/essencialmaquinas.com.br\\\/blog\\\/maquina-de-cafe-para-evento\\\/\"},\"author\":{\"name\":\"Diogo Negrello\",\"@id\":\"https:\\\/\\\/essencialmaquinas.com.br\\\/#\\\/schema\\\/person\\\/c321763d791f5ab47f06f495e1c03e24\"},\"headline\":\"M\u00e1quina de caf\u00e9 para evento: Entenda quais s\u00e3o as vantagens na pr\u00e1tica\",\"datePublished\":\"2022-02-22T15:22:00+00:00\",\"dateModified\":\"2024-08-19T13:47:52+00:00\",\"mainEntityOfPage\":{\"@id\":\"https:\\\/\\\/essencialmaquinas.com.br\\\/blog\\\/maquina-de-cafe-para-evento\\\/\"},\"wordCount\":783,\"publisher\":{\"@id\":\"https:\\\/\\\/essencialmaquinas.com.br\\\/#organization\"},\"image\":{\"@id\":\"https:\\\/\\\/essencialmaquinas.com.br\\\/blog\\\/maquina-de-cafe-para-evento\\\/#primaryimage\"},\"thumbnailUrl\":\"https:\\\/\\\/essencialmaquinas.com.br\\\/blog\\\/wp-content\\\/uploads\\\/2022\\\/02\\\/maquina-de-cafe-para-evento-casamento.jpg\",\"keywords\":[\"alivia o estresse\",\"aumenta a socializa\u00e7\u00e3o\",\"bem estar f\u00edsico\",\"casamento\",\"coffe break\",\"confer\u00eancia\",\"congresso\",\"evento\",\"evento p\u00fablico\",\"exposi\u00e7\u00e3o\",\"festa\",\"m\u00e1quina de caf\u00e9\",\"reuni\u00e3o\"],\"articleSection\":[\"Dicas\",\"M\u00e1quinas de Caf\u00e9\"],\"inLanguage\":\"pt-BR\"},{\"@type\":\"WebPage\",\"@id\":\"https:\\\/\\\/essencialmaquinas.com.br\\\/blog\\\/maquina-de-cafe-para-evento\\\/\",\"url\":\"https:\\\/\\\/essencialmaquinas.com.br\\\/blog\\\/maquina-de-cafe-para-evento\\\/\",\"name\":\"M\u00e1quina de caf\u00e9 para evento: Entenda quais s\u00e3o as vantagens na pr\u00e1tica\",\"isPartOf\":{\"@id\":\"https:\\\/\\\/essencialmaquinas.com.br\\\/#website\"},\"primaryImageOfPage\":{\"@id\":\"https:\\\/\\\/essencialmaquinas.com.br\\\/blog\\\/maquina-de-cafe-para-evento\\\/#primaryimage\"},\"image\":{\"@id\":\"https:\\\/\\\/essencialmaquinas.com.br\\\/blog\\\/maquina-de-cafe-para-evento\\\/#primaryimage\"},\"thumbnailUrl\":\"https:\\\/\\\/essencialmaquinas.com.br\\\/blog\\\/wp-content\\\/uploads\\\/2022\\\/02\\\/maquina-de-cafe-para-evento-casamento.jpg\",\"datePublished\":\"2022-02-22T15:22:00+00:00\",\"dateModified\":\"2024-08-19T13:47:52+00:00\",\"description\":\"Como uma m\u00e1quina de caf\u00e9 pode transformar seu evento em um sucesso, proporcionando socializa\u00e7\u00e3o, al\u00edvio do estresse e uma experi\u00eancia memor\u00e1vel para seus convidados. Saiba mais no blog da Essencial M\u00e1quinas de Caf\u00e9.\",\"breadcrumb\":{\"@id\":\"https:\\\/\\\/essencialmaquinas.com.br\\\/blog\\\/maquina-de-cafe-para-evento\\\/#breadcrumb\"},\"inLanguage\":\"pt-BR\",\"potentialAction\":[{\"@type\":\"ReadAction\",\"target\":[\"https:\\\/\\\/essencialmaquinas.com.br\\\/blog\\\/maquina-de-cafe-para-evento\\\/\"]}]},{\"@type\":\"ImageObject\",\"inLanguage\":\"pt-BR\",\"@id\":\"https:\\\/\\\/essencialmaquinas.com.br\\\/blog\\\/maquina-de-cafe-para-evento\\\/#primaryimage\",\"url\":\"https:\\\/\\\/essencialmaquinas.com.br\\\/blog\\\/wp-content\\\/uploads\\\/2022\\\/02\\\/maquina-de-cafe-para-evento-casamento.jpg\",\"contentUrl\":\"https:\\\/\\\/essencialmaquinas.com.br\\\/blog\\\/wp-content\\\/uploads\\\/2022\\\/02\\\/maquina-de-cafe-para-evento-casamento.jpg\",\"width\":1920,\"height\":1280},{\"@type\":\"BreadcrumbList\",\"@id\":\"https:\\\/\\\/essencialmaquinas.com.br\\\/blog\\\/maquina-de-cafe-para-evento\\\/#breadcrumb\",\"itemListElement\":[{\"@type\":\"ListItem\",\"position\":1,\"name\":\"In\u00edcio\",\"item\":\"https:\\\/\\\/essencialmaquinas.com.br\\\/blog\\\/\"},{\"@type\":\"ListItem\",\"position\":2,\"name\":\"M\u00e1quinas de Caf\u00e9\",\"item\":\"https:\\\/\\\/essencialmaquinas.com.br\\\/blog\\\/category\\\/maquinas-de-cafe\\\/\"},{\"@type\":\"ListItem\",\"position\":3,\"name\":\"M\u00e1quina de caf\u00e9 para evento: Entenda quais s\u00e3o as vantagens na pr\u00e1tica\"}]},{\"@type\":\"WebSite\",\"@id\":\"https:\\\/\\\/essencialmaquinas.com.br\\\/#website\",\"url\":\"https:\\\/\\\/essencialmaquinas.com.br\\\/\",\"name\":\"Essencial M\u00e1quinas de Caf\u00e9\",\"description\":\"Novidades e curiosidades sobre as m\u00e1quinas de caf\u00e9 e insumos\",\"publisher\":{\"@id\":\"https:\\\/\\\/essencialmaquinas.com.br\\\/#organization\"},\"potentialAction\":[{\"@type\":\"SearchAction\",\"target\":{\"@type\":\"EntryPoint\",\"urlTemplate\":\"https:\\\/\\\/essencialmaquinas.com.br\\\/?s={search_term_string}\"},\"query-input\":{\"@type\":\"PropertyValueSpecification\",\"valueRequired\":true,\"valueName\":\"search_term_string\"}}],\"inLanguage\":\"pt-BR\"},{\"@type\":\"Organization\",\"@id\":\"https:\\\/\\\/essencialmaquinas.com.br\\\/#organization\",\"name\":\"Essencial M\u00e1quinas de Caf\u00e9\",\"url\":\"https:\\\/\\\/essencialmaquinas.com.br\\\/\",\"logo\":{\"@type\":\"ImageObject\",\"inLanguage\":\"pt-BR\",\"@id\":\"https:\\\/\\\/essencialmaquinas.com.br\\\/#\\\/schema\\\/logo\\\/image\\\/\",\"url\":\"https:\\\/\\\/essencialmaquinas.com.br\\\/blog\\\/wp-content\\\/uploads\\\/2021\\\/12\\\/essencial-maquinas-logo.png\",\"contentUrl\":\"https:\\\/\\\/essencialmaquinas.com.br\\\/blog\\\/wp-content\\\/uploads\\\/2021\\\/12\\\/essencial-maquinas-logo.png\",\"width\":250,\"height\":67,\"caption\":\"Essencial M\u00e1quinas de Caf\u00e9\"},\"image\":{\"@id\":\"https:\\\/\\\/essencialmaquinas.com.br\\\/#\\\/schema\\\/logo\\\/image\\\/\"},\"sameAs\":[\"https:\\\/\\\/www.facebook.com\\\/essencialmaquinas\\\/\",\"https:\\\/\\\/www.instagram.com\\\/essencial_maquinas\\\/\",\"https:\\\/\\\/www.youtube.com\\\/channel\\\/UCRV9nmg2xPS4gy_Lil7BWVQ\"]},{\"@type\":\"Person\",\"@id\":\"https:\\\/\\\/essencialmaquinas.com.br\\\/#\\\/schema\\\/person\\\/c321763d791f5ab47f06f495e1c03e24\",\"name\":\"Diogo Negrello\",\"image\":{\"@type\":\"ImageObject\",\"inLanguage\":\"pt-BR\",\"@id\":\"https:\\\/\\\/essencialmaquinas.com.br\\\/blog\\\/wp-content\\\/uploads\\\/2025\\\/10\\\/cropped-diogo-negrello-96x96.webp\",\"url\":\"https:\\\/\\\/essencialmaquinas.com.br\\\/blog\\\/wp-content\\\/uploads\\\/2025\\\/10\\\/cropped-diogo-negrello-96x96.webp\",\"contentUrl\":\"https:\\\/\\\/essencialmaquinas.com.br\\\/blog\\\/wp-content\\\/uploads\\\/2025\\\/10\\\/cropped-diogo-negrello-96x96.webp\",\"caption\":\"Diogo Negrello\"},\"description\":\"Diogo Artur Negrello \u00e9 CEO da Essencial M\u00e1quinas de Caf\u00e9, sediada em Porto Alegre (RS). Formado pela PUC-RS, Diogo lidera a empresa desde sua funda\u00e7\u00e3o em 2015, atuando no mercado de loca\u00e7\u00e3o, venda e manuten\u00e7\u00e3o de m\u00e1quinas autom\u00e1ticas de caf\u00e9 para ambientes corporativos e eventos. Com foco em excel\u00eancia, inova\u00e7\u00e3o e experi\u00eancia de consumo, acredita que \u201cuma boa x\u00edcara de caf\u00e9 pode ser o come\u00e7o de grandes ideias\u201d. Fora do expediente, \u00e9 casado, torcedor do SC Internacional e est\u00e1 sempre aprendendo. Siga-o no Instagram @diogonegrello para acompanhar sua vis\u00e3o e a trajet\u00f3ria da Essencial M\u00e1quinas de Caf\u00e9.\",\"sameAs\":[\"https:\\\/\\\/essencialmaquinas.com.br\\\/\",\"https:\\\/\\\/www.instagram.com\\\/diogonegrello\\\/\"],\"url\":\"https:\\\/\\\/essencialmaquinas.com.br\\\/blog\\\/author\\\/negrello_diogo_redator\\\/\"}]}<\/script>\n<!-- \/ Yoast SEO plugin. -->","yoast_head_json":{"title":"M\u00e1quina de caf\u00e9 para evento: Entenda quais s\u00e3o as vantagens na pr\u00e1tica","description":"Como uma m\u00e1quina de caf\u00e9 pode transformar seu evento em um sucesso, proporcionando socializa\u00e7\u00e3o, al\u00edvio do estresse e uma experi\u00eancia memor\u00e1vel para seus convidados. Saiba mais no blog da Essencial M\u00e1quinas de Caf\u00e9.","robots":{"index":"index","follow":"follow","max-snippet":"max-snippet:-1","max-image-preview":"max-image-preview:large","max-video-preview":"max-video-preview:-1"},"canonical":"https:\/\/essencialmaquinas.com.br\/blog\/maquina-de-cafe-para-evento\/","og_locale":"pt_BR","og_type":"article","og_title":"M\u00e1quina de caf\u00e9 para evento: Entenda quais s\u00e3o as vantagens na pr\u00e1tica","og_description":"Como uma m\u00e1quina de caf\u00e9 pode transformar seu evento em um sucesso, proporcionando socializa\u00e7\u00e3o, al\u00edvio do estresse e uma experi\u00eancia memor\u00e1vel para seus convidados. Saiba mais no blog da Essencial M\u00e1quinas de Caf\u00e9.","og_url":"https:\/\/essencialmaquinas.com.br\/blog\/maquina-de-cafe-para-evento\/","og_site_name":"Essencial M\u00e1quinas de Caf\u00e9","article_publisher":"https:\/\/www.facebook.com\/essencialmaquinas\/","article_published_time":"2022-02-22T15:22:00+00:00","article_modified_time":"2024-08-19T13:47:52+00:00","og_image":[{"width":1920,"height":1280,"url":"https:\/\/essencialmaquinas.com.br\/blog\/wp-content\/uploads\/2022\/02\/maquina-de-cafe-para-evento-casamento.jpg","type":"image\/jpeg"}],"author":"Diogo Negrello","twitter_card":"summary_large_image","twitter_misc":{"Escrito por":"Diogo Negrello","Est. tempo de leitura":"4 minutos"},"schema":{"@context":"https:\/\/schema.org","@graph":[{"@type":"Article","@id":"https:\/\/essencialmaquinas.com.br\/blog\/maquina-de-cafe-para-evento\/#article","isPartOf":{"@id":"https:\/\/essencialmaquinas.com.br\/blog\/maquina-de-cafe-para-evento\/"},"author":{"name":"Diogo Negrello","@id":"https:\/\/essencialmaquinas.com.br\/#\/schema\/person\/c321763d791f5ab47f06f495e1c03e24"},"headline":"M\u00e1quina de caf\u00e9 para evento: Entenda quais s\u00e3o as vantagens na pr\u00e1tica","datePublished":"2022-02-22T15:22:00+00:00","dateModified":"2024-08-19T13:47:52+00:00","mainEntityOfPage":{"@id":"https:\/\/essencialmaquinas.com.br\/blog\/maquina-de-cafe-para-evento\/"},"wordCount":783,"publisher":{"@id":"https:\/\/essencialmaquinas.com.br\/#organization"},"image":{"@id":"https:\/\/essencialmaquinas.com.br\/blog\/maquina-de-cafe-para-evento\/#primaryimage"},"thumbnailUrl":"https:\/\/essencialmaquinas.com.br\/blog\/wp-content\/uploads\/2022\/02\/maquina-de-cafe-para-evento-casamento.jpg","keywords":["alivia o estresse","aumenta a socializa\u00e7\u00e3o","bem estar f\u00edsico","casamento","coffe break","confer\u00eancia","congresso","evento","evento p\u00fablico","exposi\u00e7\u00e3o","festa","m\u00e1quina de caf\u00e9","reuni\u00e3o"],"articleSection":["Dicas","M\u00e1quinas de Caf\u00e9"],"inLanguage":"pt-BR"},{"@type":"WebPage","@id":"https:\/\/essencialmaquinas.com.br\/blog\/maquina-de-cafe-para-evento\/","url":"https:\/\/essencialmaquinas.com.br\/blog\/maquina-de-cafe-para-evento\/","name":"M\u00e1quina de caf\u00e9 para evento: Entenda quais s\u00e3o as vantagens na pr\u00e1tica","isPartOf":{"@id":"https:\/\/essencialmaquinas.com.br\/#website"},"primaryImageOfPage":{"@id":"https:\/\/essencialmaquinas.com.br\/blog\/maquina-de-cafe-para-evento\/#primaryimage"},"image":{"@id":"https:\/\/essencialmaquinas.com.br\/blog\/maquina-de-cafe-para-evento\/#primaryimage"},"thumbnailUrl":"https:\/\/essencialmaquinas.com.br\/blog\/wp-content\/uploads\/2022\/02\/maquina-de-cafe-para-evento-casamento.jpg","datePublished":"2022-02-22T15:22:00+00:00","dateModified":"2024-08-19T13:47:52+00:00","description":"Como uma m\u00e1quina de caf\u00e9 pode transformar seu evento em um sucesso, proporcionando socializa\u00e7\u00e3o, al\u00edvio do estresse e uma experi\u00eancia memor\u00e1vel para seus convidados. Saiba mais no blog da Essencial M\u00e1quinas de Caf\u00e9.","breadcrumb":{"@id":"https:\/\/essencialmaquinas.com.br\/blog\/maquina-de-cafe-para-evento\/#breadcrumb"},"inLanguage":"pt-BR","potentialAction":[{"@type":"ReadAction","target":["https:\/\/essencialmaquinas.com.br\/blog\/maquina-de-cafe-para-evento\/"]}]},{"@type":"ImageObject","inLanguage":"pt-BR","@id":"https:\/\/essencialmaquinas.com.br\/blog\/maquina-de-cafe-para-evento\/#primaryimage","url":"https:\/\/essencialmaquinas.com.br\/blog\/wp-content\/uploads\/2022\/02\/maquina-de-cafe-para-evento-casamento.jpg","contentUrl":"https:\/\/essencialmaquinas.com.br\/blog\/wp-content\/uploads\/2022\/02\/maquina-de-cafe-para-evento-casamento.jpg","width":1920,"height":1280},{"@type":"BreadcrumbList","@id":"https:\/\/essencialmaquinas.com.br\/blog\/maquina-de-cafe-para-evento\/#breadcrumb","itemListElement":[{"@type":"ListItem","position":1,"name":"In\u00edcio","item":"https:\/\/essencialmaquinas.com.br\/blog\/"},{"@type":"ListItem","position":2,"name":"M\u00e1quinas de Caf\u00e9","item":"https:\/\/essencialmaquinas.com.br\/blog\/category\/maquinas-de-cafe\/"},{"@type":"ListItem","position":3,"name":"M\u00e1quina de caf\u00e9 para evento: Entenda quais s\u00e3o as vantagens na pr\u00e1tica"}]},{"@type":"WebSite","@id":"https:\/\/essencialmaquinas.com.br\/#website","url":"https:\/\/essencialmaquinas.com.br\/","name":"Essencial M\u00e1quinas de Caf\u00e9","description":"Novidades e curiosidades sobre as m\u00e1quinas de caf\u00e9 e insumos","publisher":{"@id":"https:\/\/essencialmaquinas.com.br\/#organization"},"potentialAction":[{"@type":"SearchAction","target":{"@type":"EntryPoint","urlTemplate":"https:\/\/essencialmaquinas.com.br\/?s={search_term_string}"},"query-input":{"@type":"PropertyValueSpecification","valueRequired":true,"valueName":"search_term_string"}}],"inLanguage":"pt-BR"},{"@type":"Organization","@id":"https:\/\/essencialmaquinas.com.br\/#organization","name":"Essencial M\u00e1quinas de Caf\u00e9","url":"https:\/\/essencialmaquinas.com.br\/","logo":{"@type":"ImageObject","inLanguage":"pt-BR","@id":"https:\/\/essencialmaquinas.com.br\/#\/schema\/logo\/image\/","url":"https:\/\/essencialmaquinas.com.br\/blog\/wp-content\/uploads\/2021\/12\/essencial-maquinas-logo.png","contentUrl":"https:\/\/essencialmaquinas.com.br\/blog\/wp-content\/uploads\/2021\/12\/essencial-maquinas-logo.png","width":250,"height":67,"caption":"Essencial M\u00e1quinas de Caf\u00e9"},"image":{"@id":"https:\/\/essencialmaquinas.com.br\/#\/schema\/logo\/image\/"},"sameAs":["https:\/\/www.facebook.com\/essencialmaquinas\/","https:\/\/www.instagram.com\/essencial_maquinas\/","https:\/\/www.youtube.com\/channel\/UCRV9nmg2xPS4gy_Lil7BWVQ"]},{"@type":"Person","@id":"https:\/\/essencialmaquinas.com.br\/#\/schema\/person\/c321763d791f5ab47f06f495e1c03e24","name":"Diogo Negrello","image":{"@type":"ImageObject","inLanguage":"pt-BR","@id":"https:\/\/essencialmaquinas.com.br\/blog\/wp-content\/uploads\/2025\/10\/cropped-diogo-negrello-96x96.webp","url":"https:\/\/essencialmaquinas.com.br\/blog\/wp-content\/uploads\/2025\/10\/cropped-diogo-negrello-96x96.webp","contentUrl":"https:\/\/essencialmaquinas.com.br\/blog\/wp-content\/uploads\/2025\/10\/cropped-diogo-negrello-96x96.webp","caption":"Diogo Negrello"},"description":"Diogo Artur Negrello \u00e9 CEO da Essencial M\u00e1quinas de Caf\u00e9, sediada em Porto Alegre (RS). Formado pela PUC-RS, Diogo lidera a empresa desde sua funda\u00e7\u00e3o em 2015, atuando no mercado de loca\u00e7\u00e3o, venda e manuten\u00e7\u00e3o de m\u00e1quinas autom\u00e1ticas de caf\u00e9 para ambientes corporativos e eventos. Com foco em excel\u00eancia, inova\u00e7\u00e3o e experi\u00eancia de consumo, acredita que \u201cuma boa x\u00edcara de caf\u00e9 pode ser o come\u00e7o de grandes ideias\u201d. Fora do expediente, \u00e9 casado, torcedor do SC Internacional e est\u00e1 sempre aprendendo. Siga-o no Instagram @diogonegrello para acompanhar sua vis\u00e3o e a trajet\u00f3ria da Essencial M\u00e1quinas de Caf\u00e9.","sameAs":["https:\/\/essencialmaquinas.com.br\/","https:\/\/www.instagram.com\/diogonegrello\/"],"url":"https:\/\/essencialmaquinas.com.br\/blog\/author\/negrello_diogo_redator\/"}]}},"_links":{"self":[{"href":"https:\/\/essencialmaquinas.com.br\/blog\/wp-json\/wp\/v2\/posts\/5983","targetHints":{"allow":["GET"]}}],"collection":[{"href":"https:\/\/essencialmaquinas.com.br\/blog\/wp-json\/wp\/v2\/posts"}],"about":[{"href":"https:\/\/essencialmaquinas.com.br\/blog\/wp-json\/wp\/v2\/types\/post"}],"author":[{"embeddable":true,"href":"https:\/\/essencialmaquinas.com.br\/blog\/wp-json\/wp\/v2\/users\/4"}],"replies":[{"embeddable":true,"href":"https:\/\/essencialmaquinas.com.br\/blog\/wp-json\/wp\/v2\/comments?post=5983"}],"version-history":[{"count":3,"href":"https:\/\/essencialmaquinas.com.br\/blog\/wp-json\/wp\/v2\/posts\/5983\/revisions"}],"predecessor-version":[{"id":5990,"href":"https:\/\/essencialmaquinas.com.br\/blog\/wp-json\/wp\/v2\/posts\/5983\/revisions\/5990"}],"wp:featuredmedia":[{"embeddable":true,"href":"https:\/\/essencialmaquinas.com.br\/blog\/wp-json\/wp\/v2\/media\/5988"}],"wp:attachment":[{"href":"https:\/\/essencialmaquinas.com.br\/blog\/wp-json\/wp\/v2\/media?parent=5983"}],"wp:term":[{"taxonomy":"category","embeddable":true,"href":"https:\/\/essencialmaquinas.com.br\/blog\/wp-json\/wp\/v2\/categories?post=5983"},{"taxonomy":"post_tag","embeddable":true,"href":"https:\/\/essencialmaquinas.com.br\/blog\/wp-json\/wp\/v2\/tags?post=5983"}],"curies":[{"name":"wp","href":"https:\/\/api.w.org\/{rel}","templated":true}]}}