{"id":5992,"date":"2022-03-17T15:17:00","date_gmt":"2022-03-17T18:17:00","guid":{"rendered":"https:\/\/blog.essencialmaquinas.com.br\/?p=5992"},"modified":"2022-06-13T14:43:48","modified_gmt":"2022-06-13T17:43:48","slug":"qual-agua-no-sabor-do-cafe-expresso","status":"publish","type":"post","link":"https:\/\/essencialmaquinas.com.br\/blog\/qual-agua-no-sabor-do-cafe-expresso\/","title":{"rendered":"Qual \u00e9 o impacto da \u00e1gua no sabor do seu caf\u00e9 expresso?"},"content":{"rendered":"\n<p>Um foco um tanto novo no mundo do caf\u00e9, as propriedades da \u00e1gua difere atrav\u00e9s de filtros, locais e fontes. O que parece ser um simples componente do caf\u00e9, na verdade, pode se tornar um elemento important\u00edssimo quando voc\u00ea busca um sabor espec\u00edfico.<\/p>\n\n\n\n<p>Em certos casos, duas x\u00edcaras alternadas feitas exatamente com os mesmos gr\u00e3os podem ter um sabor completamente diferente quando feitas de fontes de \u00e1gua diferentes. Pode parecer uma quest\u00e3o bem t\u00e9cnica, por\u00e9m, na pr\u00e1tica, faz toda a diferen\u00e7a!<\/p>\n\n\n\n<p>Neste artigo, n\u00f3s da Essencial M\u00e1quinas de caf\u00e9 mostraremos a voc\u00ea como e por que exatamente a escolha da \u00e1gua pode ter tanto influ\u00eancia. Confie em n\u00f3s, voc\u00ea sentir\u00e1 a diferen\u00e7a&#8230;<\/p>\n\n\n\n<h2 class=\"wp-block-heading\">Por que a \u00e1gua faz alguma diferen\u00e7a?<\/h2>\n\n\n\n<p>Todos n\u00f3s sabemos que a \u00e1gua pode ser &#8216;dura&#8217; ou &#8216;mole&#8217; (pelo menos todos aqueles que prestaram aten\u00e7\u00e3o na aula de qu\u00edmica na escola), mas quando se trata de selecionar a \u00e1gua certa para o seu caf\u00e9, voc\u00ea deve ter em mente o TDS (que \u00e9 o total de compostos dissolvidos para n\u00f3s).<\/p>\n\n\n\n<p>Estes geralmente consistem em magn\u00e9sio, c\u00e1lcio e bicarbonato, os elementos minerais mais comuns que t\u00eam um sabor particularmente forte. \u00c9 o equil\u00edbrio deles que traz a do\u00e7ura de alguns gr\u00e3os e o amargor de outros \u2013 \u00e9 uma arte, onde cada detalhe conta.<\/p>\n\n\n\n<p>Voc\u00ea j\u00e1 selecionou os melhores gr\u00e3os, usou as melhores t\u00e9cnicas de preparo apenas para se decepcionar com o resultado no final? Pode ter sido a \u00e1gua. A \u00e1gua que voc\u00ea escolher pode fazer um caf\u00e9 memor\u00e1vel e excepcional ou, infelizmente, um caf\u00e9 amargo ou sem gra\u00e7a.<\/p>\n\n\n\n<div class=\"wp-block-cover has-parallax\" style=\"background-image:url(https:\/\/essencialmaquinas.com.br\/blog\/wp-content\/uploads\/2022\/03\/xicara-de-cafe-maquina-de-cafe.jpg)\"><span aria-hidden=\"true\" class=\"wp-block-cover__gradient-background has-background-dim\"><\/span><div class=\"wp-block-cover__inner-container is-layout-flow wp-block-cover-is-layout-flow\">\n<h2 class=\"wp-block-heading\">Qual \u00e9 a melhor \u00e1gua para usar ao fazer caf\u00e9?<\/h2>\n<\/div><\/div>\n\n\n\n<p>Normalmente voc\u00ea tem tr\u00eas op\u00e7\u00f5es aqui, filtrada, destilada e purificada. Embora sua \u00e1gua deva ser completamente neutra (algo com um pH entre 6,5 e 7,5 \u00e9 aceit\u00e1vel).<\/p>\n\n\n\n<p>N\u00e3o queremos dizer o \u00f3bvio aqui, mas sua \u00e1gua deve ser limpa, clara e fresca &#8211; sem cheiros ou sujeiras que \u00e0s vezes podem ocorrer, principalmente em garrafas de \u00e1gua reutiliz\u00e1veis.<\/p>\n\n\n\n<p>Sua \u00e1gua deve ter um teor mineral de cerca de 150 partes por milh\u00e3o (ppm), enquanto o melhor pH da \u00e1gua para o caf\u00e9 \u00e9 7,0 (neutro). \u00c9 poss\u00edvel entender melhor a diferen\u00e7a entre as tr\u00eas op\u00e7\u00f5es listadas acima a seguir:<\/p>\n\n\n\n<ul class=\"wp-block-list\"><li><strong>Filtrada:<\/strong> Esta \u00e9 simplesmente a \u00e1gua que foi limpa de quaisquer impurezas importantes, mas ainda possui a maioria dos minerais naturais. Um filtro normal (como o filtro de \u00e1gua) remover\u00e1 qualquer excesso de carbono ou pequenas impurezas, permitindo um sabor mais completo.<\/li><li><strong>Purificada:<\/strong> Embora tenha sido completamente limpa, a \u00e1gua purificada geralmente remove todos os elementos ruins, mas tamb\u00e9m a maioria dos bons minerais. Muitas vezes, sistemas de purifica\u00e7\u00e3o, como osmose reversa, podem adicionar os minerais de volta \u00e0 \u00e1gua, mas esse \u00e9 um processo demorado para ser feito diariamente!<\/li><li><strong>Destilado: <\/strong>Bastante semelhante ao filtrado, o destilado n\u00e3o \u00e9 \u00f3timo para fazer caf\u00e9 (a menos que voc\u00ea esteja preparando o p\u00f3 sob press\u00e3o, fazendo um caf\u00e9 expresso, por exemplo). Em suma, ainda sim o destilado \u00e9 muito melhor do que a \u00e1gua da torneira que falaremos a seguir.<\/li><\/ul>\n\n\n\n<h2 class=\"wp-block-heading\">Posso usar \u00e1gua da torneira para fazer caf\u00e9? &nbsp;<\/h2>\n\n\n\n<p>Tudo depende da sua localiza\u00e7\u00e3o. Voc\u00ea pode verificar as especificidades da qualidade da sua \u00e1gua com a empresa de abastecimento local \u2013 a maioria publica seus dados online. Por\u00e9m, definitivamente, n\u00e3o \u00e9 a melhor op\u00e7\u00e3o.<\/p>\n\n\n\n<p>Ent\u00e3o, qual a melhor forma de obter a x\u00edcara perfeita de caf\u00e9? Qual \u00e9 o tipo de \u00e1gua que n\u00e3o \u00e9 muito alta, nem muito baixa em minerais, n\u00e3o sofre com cloro ou sedimentos e tem um pH equilibrado?<\/p>\n\n\n\n<p>Algumas fontes recomendam \u00e1gua mineral, mas temos certeza de que voc\u00ea concorda que essa pr\u00e1tica pode ficar cara no longo prazo. Al\u00e9m disso, a \u00e1gua mineral engarrafada gera res\u00edduos de pl\u00e1stico, portanto, se voc\u00ea \u00e9 algu\u00e9m <em>ecofriendly<\/em>, a \u00e1gua mineral engarrafada \u00e9 dispens\u00e1vel.<\/p>\n\n\n\n<p>Por fim, a quest\u00e3o principal \u00e9: <em>\u201cVale a pena todo esse problema?\u201d<\/em> A resposta \u00e9 sim, caso voc\u00ea realmente for um entusiasta apaixonado por caf\u00e9. Se voc\u00ea est\u00e1 em busca da x\u00edcara de caf\u00e9 perfeita v\u00e1 em frente! Existem diversos estudos que trazem valores de pH, TDS e outros elementos que far\u00e3o diferen\u00e7a no sabor do seu caf\u00e9.<\/p>\n\n\n\n<p>Entretanto, a maioria das pessoas ficar\u00e1 totalmente satisfeita com o sabor usando apenas \u00e1gua filtrada para preparar seu caf\u00e9. Se voc\u00ea desejar ir um pouco al\u00e9m, a \u00e1gua mineral pode ser uma boa pedida vez ou outra.<\/p>\n\n\n\n<div class=\"wp-block-group is-layout-flow wp-block-group-is-layout-flow\">\n<div class=\"wp-block-cover aligncenter has-parallax is-light has-white-color has-text-color has-link-color wp-elements-7bd5d06bb064756df6c127ce23aab4b7\" style=\"min-height:20rem;aspect-ratio:unset;\"><span aria-hidden=\"true\" class=\"wp-block-cover__background has-background-dim-0 has-background-dim\"><\/span><div class=\"wp-block-cover__image-background wp-image-5948 has-parallax\" style=\"background-position:50% 50%;background-image:url(https:\/\/essencialmaquinas.com.br\/blog\/wp-content\/uploads\/2021\/12\/coffee-cup-parallax.jpg)\"><\/div><div class=\"wp-block-cover__inner-container is-layout-flow wp-block-cover-is-layout-flow\">\n<div class=\"wp-block-columns is-layout-flex wp-container-core-columns-is-layout-9d6595d7 wp-block-columns-is-layout-flex\">\n<div class=\"wp-block-column is-layout-flow wp-block-column-is-layout-flow\" style=\"flex-basis:69%\">\n<div class=\"wp-block-buttons is-layout-flex wp-block-buttons-is-layout-flex\">\n<div class=\"wp-block-button has-custom-font-size is-style-outline is-style-outline--1\" style=\"font-size:15px\"><a class=\"wp-block-button__link wp-element-button\" href=\"https:\/\/essencialmaquinas.com.br\/aluguel-de-maquina-de-cafe\" target=\"_blank\" rel=\"noreferrer noopener\"> Aluguel de M\u00e1quina de Caf\u00e9<\/a><\/div>\n\n\n\n<div class=\"wp-block-button has-custom-font-size is-style-outline is-style-outline--2\" style=\"font-size:15px\"><a class=\"wp-block-button__link wp-element-button\" href=\"https:\/\/essencialmaquinas.com.br\/maquina-de-cafe-para-venda\" target=\"_blank\" rel=\"noreferrer noopener\"> M\u00e1quina de Caf\u00e9 para Venda <\/a><\/div>\n\n\n\n<div class=\"wp-block-button has-custom-font-size is-style-outline is-style-outline--3\" style=\"font-size:15px\"><a class=\"wp-block-button__link wp-element-button\" href=\"https:\/\/essencialmaquinas.com.br\/maquina-de-cafe-comodato\" target=\"_blank\" rel=\"noreferrer noopener\">M\u00e1quina de Caf\u00e9 em Comodato<\/a><\/div>\n\n\n\n<div class=\"wp-block-button has-custom-font-size is-style-outline is-style-outline--4\" style=\"font-size:15px\"><a class=\"wp-block-button__link wp-element-button\" href=\"https:\/\/essencialmaquinas.com.br\/maquina-de-cafe-para-evento\" target=\"_blank\" rel=\"noreferrer noopener\">M\u00e1quina de Caf\u00e9 para Evento<\/a><\/div>\n<\/div>\n<\/div>\n\n\n\n<div class=\"wp-block-column is-layout-flow wp-block-column-is-layout-flow\"><\/div>\n<\/div>\n<\/div><\/div>\n\n\n\n<p>Ligue em um dos nossos telefones &#8211; <a href=\"tel:+55-51-35190772\">(51) 3519.0772<\/a> ou <a href=\"tel:+55-51-35190772\">(51) <\/a><a href=\"tel:+55-51-35190776\">3519.0776<\/a>, <a rel=\"noreferrer noopener\" href=\"https:\/\/essencialmaquinas.com.br\/\" target=\"_blank\">visite nosso site<\/a> ou nos chame no <a rel=\"noreferrer noopener\" href=\"https:\/\/api.whatsapp.com\/send?phone=5551997172863\" target=\"_blank\">WhatsApp da Essencial M\u00e1quina de Caf\u00e9<\/a> e fique por dentro de todos os produtos que oferecemos, al\u00e9m das condi\u00e7\u00f5es de contrato e op\u00e7\u00f5es para o seu escrit\u00f3rio.<\/p>\n<\/div>\n\n\n\n<hr class=\"wp-block-separator\"\/>\n\n\n\n<p><strong>Cr\u00e9dito das fotos<\/strong><br>Foto por <a href=\"https:\/\/unsplash.com\/@hg_photo?utm_source=unsplash&amp;utm_medium=referral&amp;utm_content=creditCopyText\">Herbert Goetsch<\/a> em <a href=\"https:\/\/unsplash.com\/s\/photos\/pure-water?utm_source=unsplash&amp;utm_medium=referral&amp;utm_content=creditCopyText\">Unsplash<\/a><br>Foto por <a href=\"https:\/\/unsplash.com\/@photosantiago?utm_source=unsplash&amp;utm_medium=referral&amp;utm_content=creditCopyText\">D Santiag\u00f8<\/a> em <a href=\"https:\/\/unsplash.com\/s\/photos\/caf%C3%A9?utm_source=unsplash&amp;utm_medium=referral&amp;utm_content=creditCopyText\">Unsplash<\/a><\/p>\n\n\n\n<p><\/p>\n","protected":false},"excerpt":{"rendered":"<p>Um foco um tanto novo no mundo do caf\u00e9, as propriedades da \u00e1gua difere atrav\u00e9s de filtros, locais e fontes. O que parece ser um&#8230;<\/p>\n","protected":false},"author":4,"featured_media":6000,"comment_status":"closed","ping_status":"closed","sticky":false,"template":"","format":"standard","meta":{"footnotes":""},"categories":[26,23],"tags":[66,64,62,65,28,63],"class_list":{"0":"post-5992","1":"post","2":"type-post","3":"status-publish","4":"format-standard","5":"has-post-thumbnail","7":"category-dicas","8":"category-maquinas-de-cafe","9":"tag-agua-destilada","10":"tag-agua-filtrada","11":"tag-agua-para-cafe","12":"tag-agua-purificada","13":"tag-maquina-de-cafe","14":"tag-melhor-agua-para-cafe"},"yoast_head":"<!-- This site is optimized with the Yoast SEO plugin v27.5 - https:\/\/yoast.com\/product\/yoast-seo-wordpress\/ -->\n<title>Qual \u00e9 o impacto da \u00e1gua no sabor do seu caf\u00e9 expresso?<\/title>\n<meta name=\"description\" content=\"A escolha da \u00e1gua pode ter influ\u00eancia no sabor do caf\u00e9 preparado na m\u00e1quina de caf\u00e9. O tipo de \u00e1gua \u00e9 essencial para usar na m\u00e1quina de caf\u00e9\" \/>\n<meta name=\"robots\" content=\"index, follow, max-snippet:-1, max-image-preview:large, max-video-preview:-1\" \/>\n<link rel=\"canonical\" href=\"https:\/\/essencialmaquinas.com.br\/blog\/qual-agua-no-sabor-do-cafe-expresso\/\" \/>\n<meta property=\"og:locale\" content=\"pt_BR\" \/>\n<meta property=\"og:type\" content=\"article\" \/>\n<meta property=\"og:title\" content=\"Qual \u00e9 o impacto da \u00e1gua no sabor do seu caf\u00e9 expresso?\" \/>\n<meta property=\"og:description\" content=\"A escolha da \u00e1gua pode ter influ\u00eancia no sabor do caf\u00e9 preparado na m\u00e1quina de caf\u00e9. O tipo de \u00e1gua \u00e9 essencial para usar na m\u00e1quina de caf\u00e9\" \/>\n<meta property=\"og:url\" content=\"https:\/\/essencialmaquinas.com.br\/blog\/qual-agua-no-sabor-do-cafe-expresso\/\" \/>\n<meta property=\"og:site_name\" content=\"Essencial M\u00e1quinas de Caf\u00e9\" \/>\n<meta property=\"article:publisher\" content=\"https:\/\/www.facebook.com\/essencialmaquinas\/\" \/>\n<meta property=\"article:published_time\" content=\"2022-03-17T18:17:00+00:00\" \/>\n<meta property=\"article:modified_time\" content=\"2022-06-13T17:43:48+00:00\" \/>\n<meta property=\"og:image\" content=\"https:\/\/essencialmaquinas.com.br\/blog\/wp-content\/uploads\/2022\/03\/agua-para-cafe-maquina-de-cafe.jpg\" \/>\n\t<meta property=\"og:image:width\" content=\"1920\" \/>\n\t<meta property=\"og:image:height\" content=\"1286\" \/>\n\t<meta property=\"og:image:type\" content=\"image\/jpeg\" \/>\n<meta name=\"author\" content=\"Diogo Negrello\" \/>\n<meta name=\"twitter:card\" content=\"summary_large_image\" \/>\n<meta name=\"twitter:label1\" content=\"Escrito por\" \/>\n\t<meta name=\"twitter:data1\" content=\"Diogo Negrello\" \/>\n\t<meta name=\"twitter:label2\" content=\"Est. tempo de leitura\" \/>\n\t<meta name=\"twitter:data2\" content=\"5 minutos\" \/>\n<script type=\"application\/ld+json\" class=\"yoast-schema-graph\">{\"@context\":\"https:\\\/\\\/schema.org\",\"@graph\":[{\"@type\":\"Article\",\"@id\":\"https:\\\/\\\/essencialmaquinas.com.br\\\/blog\\\/qual-agua-no-sabor-do-cafe-expresso\\\/#article\",\"isPartOf\":{\"@id\":\"https:\\\/\\\/essencialmaquinas.com.br\\\/blog\\\/qual-agua-no-sabor-do-cafe-expresso\\\/\"},\"author\":{\"name\":\"Diogo Negrello\",\"@id\":\"https:\\\/\\\/essencialmaquinas.com.br\\\/#\\\/schema\\\/person\\\/c321763d791f5ab47f06f495e1c03e24\"},\"headline\":\"Qual \u00e9 o impacto da \u00e1gua no sabor do seu caf\u00e9 expresso?\",\"datePublished\":\"2022-03-17T18:17:00+00:00\",\"dateModified\":\"2022-06-13T17:43:48+00:00\",\"mainEntityOfPage\":{\"@id\":\"https:\\\/\\\/essencialmaquinas.com.br\\\/blog\\\/qual-agua-no-sabor-do-cafe-expresso\\\/\"},\"wordCount\":794,\"publisher\":{\"@id\":\"https:\\\/\\\/essencialmaquinas.com.br\\\/#organization\"},\"image\":{\"@id\":\"https:\\\/\\\/essencialmaquinas.com.br\\\/blog\\\/qual-agua-no-sabor-do-cafe-expresso\\\/#primaryimage\"},\"thumbnailUrl\":\"https:\\\/\\\/essencialmaquinas.com.br\\\/blog\\\/wp-content\\\/uploads\\\/2022\\\/03\\\/agua-para-cafe-maquina-de-cafe.jpg\",\"keywords\":[\"\u00e1gua destilada\",\"\u00e1gua filtrada\",\"\u00e1gua para caf\u00e9\",\"\u00e1gua purificada\",\"m\u00e1quina de caf\u00e9\",\"melhor \u00e1gua para caf\u00e9\"],\"articleSection\":[\"Dicas\",\"M\u00e1quinas de Caf\u00e9\"],\"inLanguage\":\"pt-BR\"},{\"@type\":\"WebPage\",\"@id\":\"https:\\\/\\\/essencialmaquinas.com.br\\\/blog\\\/qual-agua-no-sabor-do-cafe-expresso\\\/\",\"url\":\"https:\\\/\\\/essencialmaquinas.com.br\\\/blog\\\/qual-agua-no-sabor-do-cafe-expresso\\\/\",\"name\":\"Qual \u00e9 o impacto da \u00e1gua no sabor do seu caf\u00e9 expresso?\",\"isPartOf\":{\"@id\":\"https:\\\/\\\/essencialmaquinas.com.br\\\/#website\"},\"primaryImageOfPage\":{\"@id\":\"https:\\\/\\\/essencialmaquinas.com.br\\\/blog\\\/qual-agua-no-sabor-do-cafe-expresso\\\/#primaryimage\"},\"image\":{\"@id\":\"https:\\\/\\\/essencialmaquinas.com.br\\\/blog\\\/qual-agua-no-sabor-do-cafe-expresso\\\/#primaryimage\"},\"thumbnailUrl\":\"https:\\\/\\\/essencialmaquinas.com.br\\\/blog\\\/wp-content\\\/uploads\\\/2022\\\/03\\\/agua-para-cafe-maquina-de-cafe.jpg\",\"datePublished\":\"2022-03-17T18:17:00+00:00\",\"dateModified\":\"2022-06-13T17:43:48+00:00\",\"description\":\"A escolha da \u00e1gua pode ter influ\u00eancia no sabor do caf\u00e9 preparado na m\u00e1quina de caf\u00e9. O tipo de \u00e1gua \u00e9 essencial para usar na m\u00e1quina de caf\u00e9\",\"breadcrumb\":{\"@id\":\"https:\\\/\\\/essencialmaquinas.com.br\\\/blog\\\/qual-agua-no-sabor-do-cafe-expresso\\\/#breadcrumb\"},\"inLanguage\":\"pt-BR\",\"potentialAction\":[{\"@type\":\"ReadAction\",\"target\":[\"https:\\\/\\\/essencialmaquinas.com.br\\\/blog\\\/qual-agua-no-sabor-do-cafe-expresso\\\/\"]}]},{\"@type\":\"ImageObject\",\"inLanguage\":\"pt-BR\",\"@id\":\"https:\\\/\\\/essencialmaquinas.com.br\\\/blog\\\/qual-agua-no-sabor-do-cafe-expresso\\\/#primaryimage\",\"url\":\"https:\\\/\\\/essencialmaquinas.com.br\\\/blog\\\/wp-content\\\/uploads\\\/2022\\\/03\\\/agua-para-cafe-maquina-de-cafe.jpg\",\"contentUrl\":\"https:\\\/\\\/essencialmaquinas.com.br\\\/blog\\\/wp-content\\\/uploads\\\/2022\\\/03\\\/agua-para-cafe-maquina-de-cafe.jpg\",\"width\":1920,\"height\":1286},{\"@type\":\"BreadcrumbList\",\"@id\":\"https:\\\/\\\/essencialmaquinas.com.br\\\/blog\\\/qual-agua-no-sabor-do-cafe-expresso\\\/#breadcrumb\",\"itemListElement\":[{\"@type\":\"ListItem\",\"position\":1,\"name\":\"In\u00edcio\",\"item\":\"https:\\\/\\\/essencialmaquinas.com.br\\\/blog\\\/\"},{\"@type\":\"ListItem\",\"position\":2,\"name\":\"Dicas\",\"item\":\"https:\\\/\\\/essencialmaquinas.com.br\\\/blog\\\/category\\\/dicas\\\/\"},{\"@type\":\"ListItem\",\"position\":3,\"name\":\"Qual \u00e9 o impacto da \u00e1gua no sabor do seu caf\u00e9 expresso?\"}]},{\"@type\":\"WebSite\",\"@id\":\"https:\\\/\\\/essencialmaquinas.com.br\\\/#website\",\"url\":\"https:\\\/\\\/essencialmaquinas.com.br\\\/\",\"name\":\"Essencial M\u00e1quinas de Caf\u00e9\",\"description\":\"Novidades e curiosidades sobre as m\u00e1quinas de caf\u00e9 e insumos\",\"publisher\":{\"@id\":\"https:\\\/\\\/essencialmaquinas.com.br\\\/#organization\"},\"potentialAction\":[{\"@type\":\"SearchAction\",\"target\":{\"@type\":\"EntryPoint\",\"urlTemplate\":\"https:\\\/\\\/essencialmaquinas.com.br\\\/?s={search_term_string}\"},\"query-input\":{\"@type\":\"PropertyValueSpecification\",\"valueRequired\":true,\"valueName\":\"search_term_string\"}}],\"inLanguage\":\"pt-BR\"},{\"@type\":\"Organization\",\"@id\":\"https:\\\/\\\/essencialmaquinas.com.br\\\/#organization\",\"name\":\"Essencial M\u00e1quinas de Caf\u00e9\",\"url\":\"https:\\\/\\\/essencialmaquinas.com.br\\\/\",\"logo\":{\"@type\":\"ImageObject\",\"inLanguage\":\"pt-BR\",\"@id\":\"https:\\\/\\\/essencialmaquinas.com.br\\\/#\\\/schema\\\/logo\\\/image\\\/\",\"url\":\"https:\\\/\\\/essencialmaquinas.com.br\\\/blog\\\/wp-content\\\/uploads\\\/2021\\\/12\\\/essencial-maquinas-logo.png\",\"contentUrl\":\"https:\\\/\\\/essencialmaquinas.com.br\\\/blog\\\/wp-content\\\/uploads\\\/2021\\\/12\\\/essencial-maquinas-logo.png\",\"width\":250,\"height\":67,\"caption\":\"Essencial M\u00e1quinas de Caf\u00e9\"},\"image\":{\"@id\":\"https:\\\/\\\/essencialmaquinas.com.br\\\/#\\\/schema\\\/logo\\\/image\\\/\"},\"sameAs\":[\"https:\\\/\\\/www.facebook.com\\\/essencialmaquinas\\\/\",\"https:\\\/\\\/www.instagram.com\\\/essencial_maquinas\\\/\",\"https:\\\/\\\/www.youtube.com\\\/channel\\\/UCRV9nmg2xPS4gy_Lil7BWVQ\"]},{\"@type\":\"Person\",\"@id\":\"https:\\\/\\\/essencialmaquinas.com.br\\\/#\\\/schema\\\/person\\\/c321763d791f5ab47f06f495e1c03e24\",\"name\":\"Diogo Negrello\",\"image\":{\"@type\":\"ImageObject\",\"inLanguage\":\"pt-BR\",\"@id\":\"https:\\\/\\\/essencialmaquinas.com.br\\\/blog\\\/wp-content\\\/uploads\\\/2025\\\/10\\\/cropped-diogo-negrello-96x96.webp\",\"url\":\"https:\\\/\\\/essencialmaquinas.com.br\\\/blog\\\/wp-content\\\/uploads\\\/2025\\\/10\\\/cropped-diogo-negrello-96x96.webp\",\"contentUrl\":\"https:\\\/\\\/essencialmaquinas.com.br\\\/blog\\\/wp-content\\\/uploads\\\/2025\\\/10\\\/cropped-diogo-negrello-96x96.webp\",\"caption\":\"Diogo Negrello\"},\"description\":\"Diogo Artur Negrello \u00e9 CEO da Essencial M\u00e1quinas de Caf\u00e9, sediada em Porto Alegre (RS). Formado pela PUC-RS, Diogo lidera a empresa desde sua funda\u00e7\u00e3o em 2015, atuando no mercado de loca\u00e7\u00e3o, venda e manuten\u00e7\u00e3o de m\u00e1quinas autom\u00e1ticas de caf\u00e9 para ambientes corporativos e eventos. Com foco em excel\u00eancia, inova\u00e7\u00e3o e experi\u00eancia de consumo, acredita que \u201cuma boa x\u00edcara de caf\u00e9 pode ser o come\u00e7o de grandes ideias\u201d. Fora do expediente, \u00e9 casado, torcedor do SC Internacional e est\u00e1 sempre aprendendo. Siga-o no Instagram @diogonegrello para acompanhar sua vis\u00e3o e a trajet\u00f3ria da Essencial M\u00e1quinas de Caf\u00e9.\",\"sameAs\":[\"https:\\\/\\\/essencialmaquinas.com.br\\\/\",\"https:\\\/\\\/www.instagram.com\\\/diogonegrello\\\/\"],\"url\":\"https:\\\/\\\/essencialmaquinas.com.br\\\/blog\\\/author\\\/negrello_diogo_redator\\\/\"}]}<\/script>\n<!-- \/ Yoast SEO plugin. -->","yoast_head_json":{"title":"Qual \u00e9 o impacto da \u00e1gua no sabor do seu caf\u00e9 expresso?","description":"A escolha da \u00e1gua pode ter influ\u00eancia no sabor do caf\u00e9 preparado na m\u00e1quina de caf\u00e9. O tipo de \u00e1gua \u00e9 essencial para usar na m\u00e1quina de caf\u00e9","robots":{"index":"index","follow":"follow","max-snippet":"max-snippet:-1","max-image-preview":"max-image-preview:large","max-video-preview":"max-video-preview:-1"},"canonical":"https:\/\/essencialmaquinas.com.br\/blog\/qual-agua-no-sabor-do-cafe-expresso\/","og_locale":"pt_BR","og_type":"article","og_title":"Qual \u00e9 o impacto da \u00e1gua no sabor do seu caf\u00e9 expresso?","og_description":"A escolha da \u00e1gua pode ter influ\u00eancia no sabor do caf\u00e9 preparado na m\u00e1quina de caf\u00e9. O tipo de \u00e1gua \u00e9 essencial para usar na m\u00e1quina de caf\u00e9","og_url":"https:\/\/essencialmaquinas.com.br\/blog\/qual-agua-no-sabor-do-cafe-expresso\/","og_site_name":"Essencial M\u00e1quinas de Caf\u00e9","article_publisher":"https:\/\/www.facebook.com\/essencialmaquinas\/","article_published_time":"2022-03-17T18:17:00+00:00","article_modified_time":"2022-06-13T17:43:48+00:00","og_image":[{"width":1920,"height":1286,"url":"https:\/\/essencialmaquinas.com.br\/blog\/wp-content\/uploads\/2022\/03\/agua-para-cafe-maquina-de-cafe.jpg","type":"image\/jpeg"}],"author":"Diogo Negrello","twitter_card":"summary_large_image","twitter_misc":{"Escrito por":"Diogo Negrello","Est. tempo de leitura":"5 minutos"},"schema":{"@context":"https:\/\/schema.org","@graph":[{"@type":"Article","@id":"https:\/\/essencialmaquinas.com.br\/blog\/qual-agua-no-sabor-do-cafe-expresso\/#article","isPartOf":{"@id":"https:\/\/essencialmaquinas.com.br\/blog\/qual-agua-no-sabor-do-cafe-expresso\/"},"author":{"name":"Diogo Negrello","@id":"https:\/\/essencialmaquinas.com.br\/#\/schema\/person\/c321763d791f5ab47f06f495e1c03e24"},"headline":"Qual \u00e9 o impacto da \u00e1gua no sabor do seu caf\u00e9 expresso?","datePublished":"2022-03-17T18:17:00+00:00","dateModified":"2022-06-13T17:43:48+00:00","mainEntityOfPage":{"@id":"https:\/\/essencialmaquinas.com.br\/blog\/qual-agua-no-sabor-do-cafe-expresso\/"},"wordCount":794,"publisher":{"@id":"https:\/\/essencialmaquinas.com.br\/#organization"},"image":{"@id":"https:\/\/essencialmaquinas.com.br\/blog\/qual-agua-no-sabor-do-cafe-expresso\/#primaryimage"},"thumbnailUrl":"https:\/\/essencialmaquinas.com.br\/blog\/wp-content\/uploads\/2022\/03\/agua-para-cafe-maquina-de-cafe.jpg","keywords":["\u00e1gua destilada","\u00e1gua filtrada","\u00e1gua para caf\u00e9","\u00e1gua purificada","m\u00e1quina de caf\u00e9","melhor \u00e1gua para caf\u00e9"],"articleSection":["Dicas","M\u00e1quinas de Caf\u00e9"],"inLanguage":"pt-BR"},{"@type":"WebPage","@id":"https:\/\/essencialmaquinas.com.br\/blog\/qual-agua-no-sabor-do-cafe-expresso\/","url":"https:\/\/essencialmaquinas.com.br\/blog\/qual-agua-no-sabor-do-cafe-expresso\/","name":"Qual \u00e9 o impacto da \u00e1gua no sabor do seu caf\u00e9 expresso?","isPartOf":{"@id":"https:\/\/essencialmaquinas.com.br\/#website"},"primaryImageOfPage":{"@id":"https:\/\/essencialmaquinas.com.br\/blog\/qual-agua-no-sabor-do-cafe-expresso\/#primaryimage"},"image":{"@id":"https:\/\/essencialmaquinas.com.br\/blog\/qual-agua-no-sabor-do-cafe-expresso\/#primaryimage"},"thumbnailUrl":"https:\/\/essencialmaquinas.com.br\/blog\/wp-content\/uploads\/2022\/03\/agua-para-cafe-maquina-de-cafe.jpg","datePublished":"2022-03-17T18:17:00+00:00","dateModified":"2022-06-13T17:43:48+00:00","description":"A escolha da \u00e1gua pode ter influ\u00eancia no sabor do caf\u00e9 preparado na m\u00e1quina de caf\u00e9. O tipo de \u00e1gua \u00e9 essencial para usar na m\u00e1quina de caf\u00e9","breadcrumb":{"@id":"https:\/\/essencialmaquinas.com.br\/blog\/qual-agua-no-sabor-do-cafe-expresso\/#breadcrumb"},"inLanguage":"pt-BR","potentialAction":[{"@type":"ReadAction","target":["https:\/\/essencialmaquinas.com.br\/blog\/qual-agua-no-sabor-do-cafe-expresso\/"]}]},{"@type":"ImageObject","inLanguage":"pt-BR","@id":"https:\/\/essencialmaquinas.com.br\/blog\/qual-agua-no-sabor-do-cafe-expresso\/#primaryimage","url":"https:\/\/essencialmaquinas.com.br\/blog\/wp-content\/uploads\/2022\/03\/agua-para-cafe-maquina-de-cafe.jpg","contentUrl":"https:\/\/essencialmaquinas.com.br\/blog\/wp-content\/uploads\/2022\/03\/agua-para-cafe-maquina-de-cafe.jpg","width":1920,"height":1286},{"@type":"BreadcrumbList","@id":"https:\/\/essencialmaquinas.com.br\/blog\/qual-agua-no-sabor-do-cafe-expresso\/#breadcrumb","itemListElement":[{"@type":"ListItem","position":1,"name":"In\u00edcio","item":"https:\/\/essencialmaquinas.com.br\/blog\/"},{"@type":"ListItem","position":2,"name":"Dicas","item":"https:\/\/essencialmaquinas.com.br\/blog\/category\/dicas\/"},{"@type":"ListItem","position":3,"name":"Qual \u00e9 o impacto da \u00e1gua no sabor do seu caf\u00e9 expresso?"}]},{"@type":"WebSite","@id":"https:\/\/essencialmaquinas.com.br\/#website","url":"https:\/\/essencialmaquinas.com.br\/","name":"Essencial M\u00e1quinas de Caf\u00e9","description":"Novidades e curiosidades sobre as m\u00e1quinas de caf\u00e9 e insumos","publisher":{"@id":"https:\/\/essencialmaquinas.com.br\/#organization"},"potentialAction":[{"@type":"SearchAction","target":{"@type":"EntryPoint","urlTemplate":"https:\/\/essencialmaquinas.com.br\/?s={search_term_string}"},"query-input":{"@type":"PropertyValueSpecification","valueRequired":true,"valueName":"search_term_string"}}],"inLanguage":"pt-BR"},{"@type":"Organization","@id":"https:\/\/essencialmaquinas.com.br\/#organization","name":"Essencial M\u00e1quinas de Caf\u00e9","url":"https:\/\/essencialmaquinas.com.br\/","logo":{"@type":"ImageObject","inLanguage":"pt-BR","@id":"https:\/\/essencialmaquinas.com.br\/#\/schema\/logo\/image\/","url":"https:\/\/essencialmaquinas.com.br\/blog\/wp-content\/uploads\/2021\/12\/essencial-maquinas-logo.png","contentUrl":"https:\/\/essencialmaquinas.com.br\/blog\/wp-content\/uploads\/2021\/12\/essencial-maquinas-logo.png","width":250,"height":67,"caption":"Essencial M\u00e1quinas de Caf\u00e9"},"image":{"@id":"https:\/\/essencialmaquinas.com.br\/#\/schema\/logo\/image\/"},"sameAs":["https:\/\/www.facebook.com\/essencialmaquinas\/","https:\/\/www.instagram.com\/essencial_maquinas\/","https:\/\/www.youtube.com\/channel\/UCRV9nmg2xPS4gy_Lil7BWVQ"]},{"@type":"Person","@id":"https:\/\/essencialmaquinas.com.br\/#\/schema\/person\/c321763d791f5ab47f06f495e1c03e24","name":"Diogo Negrello","image":{"@type":"ImageObject","inLanguage":"pt-BR","@id":"https:\/\/essencialmaquinas.com.br\/blog\/wp-content\/uploads\/2025\/10\/cropped-diogo-negrello-96x96.webp","url":"https:\/\/essencialmaquinas.com.br\/blog\/wp-content\/uploads\/2025\/10\/cropped-diogo-negrello-96x96.webp","contentUrl":"https:\/\/essencialmaquinas.com.br\/blog\/wp-content\/uploads\/2025\/10\/cropped-diogo-negrello-96x96.webp","caption":"Diogo Negrello"},"description":"Diogo Artur Negrello \u00e9 CEO da Essencial M\u00e1quinas de Caf\u00e9, sediada em Porto Alegre (RS). Formado pela PUC-RS, Diogo lidera a empresa desde sua funda\u00e7\u00e3o em 2015, atuando no mercado de loca\u00e7\u00e3o, venda e manuten\u00e7\u00e3o de m\u00e1quinas autom\u00e1ticas de caf\u00e9 para ambientes corporativos e eventos. Com foco em excel\u00eancia, inova\u00e7\u00e3o e experi\u00eancia de consumo, acredita que \u201cuma boa x\u00edcara de caf\u00e9 pode ser o come\u00e7o de grandes ideias\u201d. Fora do expediente, \u00e9 casado, torcedor do SC Internacional e est\u00e1 sempre aprendendo. Siga-o no Instagram @diogonegrello para acompanhar sua vis\u00e3o e a trajet\u00f3ria da Essencial M\u00e1quinas de Caf\u00e9.","sameAs":["https:\/\/essencialmaquinas.com.br\/","https:\/\/www.instagram.com\/diogonegrello\/"],"url":"https:\/\/essencialmaquinas.com.br\/blog\/author\/negrello_diogo_redator\/"}]}},"_links":{"self":[{"href":"https:\/\/essencialmaquinas.com.br\/blog\/wp-json\/wp\/v2\/posts\/5992","targetHints":{"allow":["GET"]}}],"collection":[{"href":"https:\/\/essencialmaquinas.com.br\/blog\/wp-json\/wp\/v2\/posts"}],"about":[{"href":"https:\/\/essencialmaquinas.com.br\/blog\/wp-json\/wp\/v2\/types\/post"}],"author":[{"embeddable":true,"href":"https:\/\/essencialmaquinas.com.br\/blog\/wp-json\/wp\/v2\/users\/4"}],"replies":[{"embeddable":true,"href":"https:\/\/essencialmaquinas.com.br\/blog\/wp-json\/wp\/v2\/comments?post=5992"}],"version-history":[{"count":3,"href":"https:\/\/essencialmaquinas.com.br\/blog\/wp-json\/wp\/v2\/posts\/5992\/revisions"}],"predecessor-version":[{"id":5998,"href":"https:\/\/essencialmaquinas.com.br\/blog\/wp-json\/wp\/v2\/posts\/5992\/revisions\/5998"}],"wp:featuredmedia":[{"embeddable":true,"href":"https:\/\/essencialmaquinas.com.br\/blog\/wp-json\/wp\/v2\/media\/6000"}],"wp:attachment":[{"href":"https:\/\/essencialmaquinas.com.br\/blog\/wp-json\/wp\/v2\/media?parent=5992"}],"wp:term":[{"taxonomy":"category","embeddable":true,"href":"https:\/\/essencialmaquinas.com.br\/blog\/wp-json\/wp\/v2\/categories?post=5992"},{"taxonomy":"post_tag","embeddable":true,"href":"https:\/\/essencialmaquinas.com.br\/blog\/wp-json\/wp\/v2\/tags?post=5992"}],"curies":[{"name":"wp","href":"https:\/\/api.w.org\/{rel}","templated":true}]}}