{"id":6015,"date":"2022-04-21T09:00:00","date_gmt":"2022-04-21T12:00:00","guid":{"rendered":"https:\/\/blog.essencialmaquinas.com.br\/?p=6015"},"modified":"2022-04-25T15:46:26","modified_gmt":"2022-04-25T18:46:26","slug":"pausa-para-cafe-entenda-importancia","status":"publish","type":"post","link":"https:\/\/essencialmaquinas.com.br\/blog\/pausa-para-cafe-entenda-importancia\/","title":{"rendered":"Pausa para o caf\u00e9: Entenda sua import\u00e2ncia e porque adotar a pr\u00e1tica"},"content":{"rendered":"\n<p>N\u00e3o h\u00e1 nada como se afastar do computador e fazer uma pausa para socializar com colegas de trabalho ao lado de uma m\u00e1quina de caf\u00e9. \u00c9 extremamente relaxante dar uma pausa em qualquer projeto que voc\u00ea esteja trabalhando e deixar sua mente vagar por alguns minutos.<\/p>\n\n\n\n<p>Mas e do ponto de vista de um empregador, as pausas para o caf\u00e9 n\u00e3o prejudicam prazos de entrega e significam que os funcion\u00e1rios est\u00e3o apenas sendo improdutivos?<\/p>\n\n\n\n<p>Como voc\u00ea ver\u00e1, isso n\u00e3o \u00e9 nem um pouco verdade! Na pr\u00e1tica, pode significar exatamente o contr\u00e1rio. Permitir que os funcion\u00e1rios fa\u00e7am pausas para o caf\u00e9, ou at\u00e9 mesmo promov\u00ea-las em sua cultura, pode fazer muito bem para seus neg\u00f3cios.<\/p>\n\n\n\n<p>Ent\u00e3o, quais s\u00e3o as vantagens das pausas para o caf\u00e9? \u00c9 isso que n\u00f3s da <a href=\"https:\/\/essencialmaquinas.com.br\/\" target=\"_blank\" rel=\"noreferrer noopener\">Essencial M\u00e1quinas de Caf\u00e9<\/a> traremos para voc\u00ea a seguir.<\/p>\n\n\n\n<h2 class=\"wp-block-heading\">Colabora\u00e7\u00e3o em grupo<\/h2>\n\n\n\n<p>As pausas para o caf\u00e9 promovem a colabora\u00e7\u00e3o em grupo, mesmo em projetos individuais. Se v\u00e1rios colegas de trabalho decidirem clarear a mente por alguns momentos na sala de descanso para tomar caf\u00e9, inevitavelmente acabar\u00e3o discutindo sobre o trabalho.<\/p>\n\n\n\n<p>Isso pode promover a colabora\u00e7\u00e3o do grupo, dando a eles novas ideias sobre solu\u00e7\u00f5es exclusivas para seus desafios do dia a dia.<\/p>\n\n\n\n<h2 class=\"wp-block-heading\">Promove uma cultura positiva<\/h2>\n\n\n\n<p>A produtividade aumenta quando as pessoas gostam do trabalho que est\u00e3o fazendo e est\u00e3o cercadas por um ambiente positivo.<\/p>\n\n\n\n<p>N\u00e3o h\u00e1 melhor maneira de criar um ambiente positivo do que quando as pessoas s\u00e3o capazes de socializar e se comunicar umas com as outras sem julgamentos.<\/p>\n\n\n\n<p>Ao se conhecerem e fazerem uma pausa para aliviar o estresse do dia a dia, mesmo que por alguns minutos, o humor dos funcion\u00e1rios pode melhorar imensamente \u2013 assim como sua capacidade de produzir um bom trabalho.<\/p>\n\n\n\n<p>Al\u00e9m disso, o simples ato de ir a <a href=\"https:\/\/essencialmaquinas.com.br\/\" target=\"_blank\" rel=\"noreferrer noopener\">m\u00e1quina de caf\u00e9<\/a> e pegar um copo os manter\u00e1 acordados e alertas por muito mais tempo do que se passarem v\u00e1rias horas seguidas sentados na frente do computador sem pausas.<\/p>\n\n\n\n<h2 class=\"wp-block-heading\">Permite uma nova perspectiva<\/h2>\n\n\n\n<p>Se uma pessoa est\u00e1 presa em um projeto e n\u00e3o consegue pensar na inspira\u00e7\u00e3o de que precisa, ou encontrar a solu\u00e7\u00e3o que procura, \u00e0s vezes realizar uma pausa \u00e9 a melhor coisa a se fazer.<\/p>\n\n\n\n<p>Ao se afastar do projeto e fazer uma visita a m\u00e1quina de caf\u00e9, \u00e9 poss\u00edvel ganhar uma nova perspectiva para enfrentar o desafio proposto novamente. Ao voltar com uma nova vis\u00e3o das coisas, \u00e9 poss\u00edvel enxergar o que antes n\u00e3o era t\u00e3o \u00f3bvio.<\/p>\n\n\n\n<p>Dessa forma, o simples ato de quebrar a concentra\u00e7\u00e3o por alguns instantes far\u00e1 com que o funcion\u00e1rio consiga ver claramente as solu\u00e7\u00f5es ou inspira\u00e7\u00e3o que estava lutando para encontrar antes.<\/p>\n\n\n\n<h2 class=\"wp-block-heading\">Desestressar e relaxar<\/h2>\n\n\n\n<p>Escrit\u00f3rios s\u00e3o frequentemente associados a grandes cargas de trabalho, prazos e tarefas mirabolantes. Muitas empresas criam ambientes estressantes e desnecessariamente estimulantes para os funcion\u00e1rios.<\/p>\n\n\n\n<p>Uma simples pausa para o caf\u00e9 permite que os funcion\u00e1rios se afastem de suas mesas e se distanciem de seu trabalho, aliviando a press\u00e3o psicol\u00f3gica e proporcionando um tempo de relaxamento muito necess\u00e1rio.<\/p>\n\n\n\n<p>Pausas curtas durante o trabalho t\u00eam sido frequentemente associadas a um aumento na produtividade, pois os funcion\u00e1rios conseguem reorganizar sua carga de trabalho, definindo o que \u00e9 urgente e o que n\u00e3o \u00e9; o que torna tudo mais gerenci\u00e1vel.<\/p>\n\n\n\n<h2 class=\"wp-block-heading\">Os benef\u00edcios superam os malef\u00edcios<\/h2>\n\n\n\n<p>Para fechar, com os benef\u00edcios acima que acompanham os intervalos para caf\u00e9 no local de trabalho, fica claro que eles n\u00e3o s\u00e3o apenas bons para as pessoas que trabalham l\u00e1, como tamb\u00e9m s\u00e3o ben\u00e9ficos para o bem-estar da empresa!<\/p>\n\n\n\n<p>Trabalhadores felizes entregam um trabalho bem pensado e de alta qualidade \u2013 ningu\u00e9m fica feliz quando n\u00e3o tem um segundo para se afastar da mesa e descansar um pouco.<\/p>\n\n\n\n<p>Um bom funcion\u00e1rio saber\u00e1 quando \u00e9 produtivo trabalhar e quando \u00e9 necess\u00e1rio fazer uma pausa. Portanto, confie no discernimento dos seus funcion\u00e1rios para saber \u00e9 a hora de relaxar e quando \u00e9 a hora de botar a m\u00e3o na massa. Tudo o que voc\u00ea deve fazer \u00e9 fornecer o combust\u00edvel.<\/p>\n\n\n\n<p>Se voc\u00ea ficou interessado em criar esse ambiente para seu time e est\u00e1 em busca de m\u00e1quinas de caf\u00e9 em Porto Alegre e Regi\u00e3o considere a <a href=\"https:\/\/essencialmaquinas.com.br\/\" target=\"_blank\" rel=\"noreferrer noopener\">Essencial M\u00e1quina de Caf\u00e9<\/a> como parceira para seu neg\u00f3cio!<\/p>\n\n\n\n<p>Converse com um dos nossos consultores, e saiba qual a melhor op\u00e7\u00e3o de <a href=\"https:\/\/essencialmaquinas.com.br\/\" target=\"_blank\" rel=\"noreferrer noopener\">m\u00e1quina de caf\u00e9<\/a>, <a href=\"https:\/\/essencialmaquinas.com.br\/produtos\/insumos-para-maquinas-de-cafe-expresso\">insumos para m\u00e1quina de caf\u00e9<\/a> e venha tamb\u00e9m fazer parte da nossa hist\u00f3ria de sucesso. Para isso, basta entrar em contato com um membro da equipe pelo WhatsApp.<\/p>\n\n\n\n<p>Cr\u00e9dito da foto:<br>Imagem de <a href=\"https:\/\/pixabay.com\/pt\/users\/bigel94-7966928\/?utm_source=link-attribution&amp;utm_medium=referral&amp;utm_campaign=image&amp;utm_content=3137474\">bigel94<\/a> por <a href=\"https:\/\/pixabay.com\/pt\/?utm_source=link-attribution&amp;utm_medium=referral&amp;utm_campaign=image&amp;utm_content=3137474\">Pixabay<\/a><\/p>\n","protected":false},"excerpt":{"rendered":"<p>N\u00e3o h\u00e1 nada como se afastar do computador e fazer uma pausa para socializar com colegas de trabalho ao lado de uma m\u00e1quina de caf\u00e9&#8230;.<\/p>\n","protected":false},"author":4,"featured_media":6019,"comment_status":"closed","ping_status":"closed","sticky":false,"template":"","format":"standard","meta":{"footnotes":""},"categories":[26],"tags":[73,27,72,28,71],"class_list":{"0":"post-6015","1":"post","2":"type-post","3":"status-publish","4":"format-standard","5":"has-post-thumbnail","7":"category-dicas","8":"tag-ambiente-positivo","9":"tag-cafe","10":"tag-colaboracao-em-grupo","11":"tag-maquina-de-cafe","12":"tag-pausa-para-o-cafe"},"yoast_head":"<!-- This site is optimized with the Yoast SEO plugin v27.5 - https:\/\/yoast.com\/product\/yoast-seo-wordpress\/ -->\n<title>Pausa para o caf\u00e9: Entenda sua import\u00e2ncia e porque adotar a pr\u00e1tica<\/title>\n<meta name=\"description\" content=\"\u00c9 muito importante ter uma pausa no trabalho, ainda mais quando se tem um bom caf\u00e9. Veja aqui quais s\u00e3o as vantagens das pausas para o caf\u00e9\" \/>\n<meta name=\"robots\" content=\"index, follow, max-snippet:-1, max-image-preview:large, max-video-preview:-1\" \/>\n<link rel=\"canonical\" href=\"https:\/\/essencialmaquinas.com.br\/blog\/pausa-para-cafe-entenda-importancia\/\" \/>\n<meta property=\"og:locale\" content=\"pt_BR\" \/>\n<meta property=\"og:type\" content=\"article\" \/>\n<meta property=\"og:title\" content=\"Pausa para o caf\u00e9: Entenda sua import\u00e2ncia e porque adotar a pr\u00e1tica\" \/>\n<meta property=\"og:description\" content=\"\u00c9 muito importante ter uma pausa no trabalho, ainda mais quando se tem um bom caf\u00e9. Veja aqui quais s\u00e3o as vantagens das pausas para o caf\u00e9\" \/>\n<meta property=\"og:url\" content=\"https:\/\/essencialmaquinas.com.br\/blog\/pausa-para-cafe-entenda-importancia\/\" \/>\n<meta property=\"og:site_name\" content=\"Essencial M\u00e1quinas de Caf\u00e9\" \/>\n<meta property=\"article:publisher\" content=\"https:\/\/www.facebook.com\/essencialmaquinas\/\" \/>\n<meta property=\"article:published_time\" content=\"2022-04-21T12:00:00+00:00\" \/>\n<meta property=\"article:modified_time\" content=\"2022-04-25T18:46:26+00:00\" \/>\n<meta property=\"og:image\" content=\"https:\/\/essencialmaquinas.com.br\/blog\/wp-content\/uploads\/2022\/04\/woman-3137474_1280.jpg\" \/>\n\t<meta property=\"og:image:width\" content=\"1280\" \/>\n\t<meta property=\"og:image:height\" content=\"720\" \/>\n\t<meta property=\"og:image:type\" content=\"image\/jpeg\" \/>\n<meta name=\"author\" content=\"Diogo Negrello\" \/>\n<meta name=\"twitter:card\" content=\"summary_large_image\" \/>\n<meta name=\"twitter:label1\" content=\"Escrito por\" \/>\n\t<meta name=\"twitter:data1\" content=\"Diogo Negrello\" \/>\n\t<meta name=\"twitter:label2\" content=\"Est. tempo de leitura\" \/>\n\t<meta name=\"twitter:data2\" content=\"5 minutos\" \/>\n<script type=\"application\/ld+json\" class=\"yoast-schema-graph\">{\"@context\":\"https:\\\/\\\/schema.org\",\"@graph\":[{\"@type\":\"Article\",\"@id\":\"https:\\\/\\\/essencialmaquinas.com.br\\\/blog\\\/pausa-para-cafe-entenda-importancia\\\/#article\",\"isPartOf\":{\"@id\":\"https:\\\/\\\/essencialmaquinas.com.br\\\/blog\\\/pausa-para-cafe-entenda-importancia\\\/\"},\"author\":{\"name\":\"Diogo Negrello\",\"@id\":\"https:\\\/\\\/essencialmaquinas.com.br\\\/#\\\/schema\\\/person\\\/c321763d791f5ab47f06f495e1c03e24\"},\"headline\":\"Pausa para o caf\u00e9: Entenda sua import\u00e2ncia e porque adotar a pr\u00e1tica\",\"datePublished\":\"2022-04-21T12:00:00+00:00\",\"dateModified\":\"2022-04-25T18:46:26+00:00\",\"mainEntityOfPage\":{\"@id\":\"https:\\\/\\\/essencialmaquinas.com.br\\\/blog\\\/pausa-para-cafe-entenda-importancia\\\/\"},\"wordCount\":826,\"publisher\":{\"@id\":\"https:\\\/\\\/essencialmaquinas.com.br\\\/#organization\"},\"image\":{\"@id\":\"https:\\\/\\\/essencialmaquinas.com.br\\\/blog\\\/pausa-para-cafe-entenda-importancia\\\/#primaryimage\"},\"thumbnailUrl\":\"https:\\\/\\\/essencialmaquinas.com.br\\\/blog\\\/wp-content\\\/uploads\\\/2022\\\/04\\\/woman-3137474_1280.jpg\",\"keywords\":[\"ambiente positivo\",\"caf\u00e9\",\"colabora\u00e7\u00e3o em grupo\",\"m\u00e1quina de caf\u00e9\",\"pausa para o caf\u00e9\"],\"articleSection\":[\"Dicas\"],\"inLanguage\":\"pt-BR\"},{\"@type\":\"WebPage\",\"@id\":\"https:\\\/\\\/essencialmaquinas.com.br\\\/blog\\\/pausa-para-cafe-entenda-importancia\\\/\",\"url\":\"https:\\\/\\\/essencialmaquinas.com.br\\\/blog\\\/pausa-para-cafe-entenda-importancia\\\/\",\"name\":\"Pausa para o caf\u00e9: Entenda sua import\u00e2ncia e porque adotar a pr\u00e1tica\",\"isPartOf\":{\"@id\":\"https:\\\/\\\/essencialmaquinas.com.br\\\/#website\"},\"primaryImageOfPage\":{\"@id\":\"https:\\\/\\\/essencialmaquinas.com.br\\\/blog\\\/pausa-para-cafe-entenda-importancia\\\/#primaryimage\"},\"image\":{\"@id\":\"https:\\\/\\\/essencialmaquinas.com.br\\\/blog\\\/pausa-para-cafe-entenda-importancia\\\/#primaryimage\"},\"thumbnailUrl\":\"https:\\\/\\\/essencialmaquinas.com.br\\\/blog\\\/wp-content\\\/uploads\\\/2022\\\/04\\\/woman-3137474_1280.jpg\",\"datePublished\":\"2022-04-21T12:00:00+00:00\",\"dateModified\":\"2022-04-25T18:46:26+00:00\",\"description\":\"\u00c9 muito importante ter uma pausa no trabalho, ainda mais quando se tem um bom caf\u00e9. Veja aqui quais s\u00e3o as vantagens das pausas para o caf\u00e9\",\"breadcrumb\":{\"@id\":\"https:\\\/\\\/essencialmaquinas.com.br\\\/blog\\\/pausa-para-cafe-entenda-importancia\\\/#breadcrumb\"},\"inLanguage\":\"pt-BR\",\"potentialAction\":[{\"@type\":\"ReadAction\",\"target\":[\"https:\\\/\\\/essencialmaquinas.com.br\\\/blog\\\/pausa-para-cafe-entenda-importancia\\\/\"]}]},{\"@type\":\"ImageObject\",\"inLanguage\":\"pt-BR\",\"@id\":\"https:\\\/\\\/essencialmaquinas.com.br\\\/blog\\\/pausa-para-cafe-entenda-importancia\\\/#primaryimage\",\"url\":\"https:\\\/\\\/essencialmaquinas.com.br\\\/blog\\\/wp-content\\\/uploads\\\/2022\\\/04\\\/woman-3137474_1280.jpg\",\"contentUrl\":\"https:\\\/\\\/essencialmaquinas.com.br\\\/blog\\\/wp-content\\\/uploads\\\/2022\\\/04\\\/woman-3137474_1280.jpg\",\"width\":1280,\"height\":720,\"caption\":\"Pausa para o caf\u00e9: Entenda sua import\u00e2ncia e porque adotar a pr\u00e1tica\"},{\"@type\":\"BreadcrumbList\",\"@id\":\"https:\\\/\\\/essencialmaquinas.com.br\\\/blog\\\/pausa-para-cafe-entenda-importancia\\\/#breadcrumb\",\"itemListElement\":[{\"@type\":\"ListItem\",\"position\":1,\"name\":\"In\u00edcio\",\"item\":\"https:\\\/\\\/essencialmaquinas.com.br\\\/blog\\\/\"},{\"@type\":\"ListItem\",\"position\":2,\"name\":\"Dicas\",\"item\":\"https:\\\/\\\/essencialmaquinas.com.br\\\/blog\\\/category\\\/dicas\\\/\"},{\"@type\":\"ListItem\",\"position\":3,\"name\":\"Pausa para o caf\u00e9: Entenda sua import\u00e2ncia e porque adotar a pr\u00e1tica\"}]},{\"@type\":\"WebSite\",\"@id\":\"https:\\\/\\\/essencialmaquinas.com.br\\\/#website\",\"url\":\"https:\\\/\\\/essencialmaquinas.com.br\\\/\",\"name\":\"Essencial M\u00e1quinas de Caf\u00e9\",\"description\":\"Novidades e curiosidades sobre as m\u00e1quinas de caf\u00e9 e insumos\",\"publisher\":{\"@id\":\"https:\\\/\\\/essencialmaquinas.com.br\\\/#organization\"},\"potentialAction\":[{\"@type\":\"SearchAction\",\"target\":{\"@type\":\"EntryPoint\",\"urlTemplate\":\"https:\\\/\\\/essencialmaquinas.com.br\\\/?s={search_term_string}\"},\"query-input\":{\"@type\":\"PropertyValueSpecification\",\"valueRequired\":true,\"valueName\":\"search_term_string\"}}],\"inLanguage\":\"pt-BR\"},{\"@type\":\"Organization\",\"@id\":\"https:\\\/\\\/essencialmaquinas.com.br\\\/#organization\",\"name\":\"Essencial M\u00e1quinas de Caf\u00e9\",\"url\":\"https:\\\/\\\/essencialmaquinas.com.br\\\/\",\"logo\":{\"@type\":\"ImageObject\",\"inLanguage\":\"pt-BR\",\"@id\":\"https:\\\/\\\/essencialmaquinas.com.br\\\/#\\\/schema\\\/logo\\\/image\\\/\",\"url\":\"https:\\\/\\\/essencialmaquinas.com.br\\\/blog\\\/wp-content\\\/uploads\\\/2021\\\/12\\\/essencial-maquinas-logo.png\",\"contentUrl\":\"https:\\\/\\\/essencialmaquinas.com.br\\\/blog\\\/wp-content\\\/uploads\\\/2021\\\/12\\\/essencial-maquinas-logo.png\",\"width\":250,\"height\":67,\"caption\":\"Essencial M\u00e1quinas de Caf\u00e9\"},\"image\":{\"@id\":\"https:\\\/\\\/essencialmaquinas.com.br\\\/#\\\/schema\\\/logo\\\/image\\\/\"},\"sameAs\":[\"https:\\\/\\\/www.facebook.com\\\/essencialmaquinas\\\/\",\"https:\\\/\\\/www.instagram.com\\\/essencial_maquinas\\\/\",\"https:\\\/\\\/www.youtube.com\\\/channel\\\/UCRV9nmg2xPS4gy_Lil7BWVQ\"]},{\"@type\":\"Person\",\"@id\":\"https:\\\/\\\/essencialmaquinas.com.br\\\/#\\\/schema\\\/person\\\/c321763d791f5ab47f06f495e1c03e24\",\"name\":\"Diogo Negrello\",\"image\":{\"@type\":\"ImageObject\",\"inLanguage\":\"pt-BR\",\"@id\":\"https:\\\/\\\/essencialmaquinas.com.br\\\/blog\\\/wp-content\\\/uploads\\\/2025\\\/10\\\/cropped-diogo-negrello-96x96.webp\",\"url\":\"https:\\\/\\\/essencialmaquinas.com.br\\\/blog\\\/wp-content\\\/uploads\\\/2025\\\/10\\\/cropped-diogo-negrello-96x96.webp\",\"contentUrl\":\"https:\\\/\\\/essencialmaquinas.com.br\\\/blog\\\/wp-content\\\/uploads\\\/2025\\\/10\\\/cropped-diogo-negrello-96x96.webp\",\"caption\":\"Diogo Negrello\"},\"description\":\"Diogo Artur Negrello \u00e9 CEO da Essencial M\u00e1quinas de Caf\u00e9, sediada em Porto Alegre (RS). Formado pela PUC-RS, Diogo lidera a empresa desde sua funda\u00e7\u00e3o em 2015, atuando no mercado de loca\u00e7\u00e3o, venda e manuten\u00e7\u00e3o de m\u00e1quinas autom\u00e1ticas de caf\u00e9 para ambientes corporativos e eventos. Com foco em excel\u00eancia, inova\u00e7\u00e3o e experi\u00eancia de consumo, acredita que \u201cuma boa x\u00edcara de caf\u00e9 pode ser o come\u00e7o de grandes ideias\u201d. Fora do expediente, \u00e9 casado, torcedor do SC Internacional e est\u00e1 sempre aprendendo. Siga-o no Instagram @diogonegrello para acompanhar sua vis\u00e3o e a trajet\u00f3ria da Essencial M\u00e1quinas de Caf\u00e9.\",\"sameAs\":[\"https:\\\/\\\/essencialmaquinas.com.br\\\/\",\"https:\\\/\\\/www.instagram.com\\\/diogonegrello\\\/\"],\"url\":\"https:\\\/\\\/essencialmaquinas.com.br\\\/blog\\\/author\\\/negrello_diogo_redator\\\/\"}]}<\/script>\n<!-- \/ Yoast SEO plugin. -->","yoast_head_json":{"title":"Pausa para o caf\u00e9: Entenda sua import\u00e2ncia e porque adotar a pr\u00e1tica","description":"\u00c9 muito importante ter uma pausa no trabalho, ainda mais quando se tem um bom caf\u00e9. Veja aqui quais s\u00e3o as vantagens das pausas para o caf\u00e9","robots":{"index":"index","follow":"follow","max-snippet":"max-snippet:-1","max-image-preview":"max-image-preview:large","max-video-preview":"max-video-preview:-1"},"canonical":"https:\/\/essencialmaquinas.com.br\/blog\/pausa-para-cafe-entenda-importancia\/","og_locale":"pt_BR","og_type":"article","og_title":"Pausa para o caf\u00e9: Entenda sua import\u00e2ncia e porque adotar a pr\u00e1tica","og_description":"\u00c9 muito importante ter uma pausa no trabalho, ainda mais quando se tem um bom caf\u00e9. Veja aqui quais s\u00e3o as vantagens das pausas para o caf\u00e9","og_url":"https:\/\/essencialmaquinas.com.br\/blog\/pausa-para-cafe-entenda-importancia\/","og_site_name":"Essencial M\u00e1quinas de Caf\u00e9","article_publisher":"https:\/\/www.facebook.com\/essencialmaquinas\/","article_published_time":"2022-04-21T12:00:00+00:00","article_modified_time":"2022-04-25T18:46:26+00:00","og_image":[{"width":1280,"height":720,"url":"https:\/\/essencialmaquinas.com.br\/blog\/wp-content\/uploads\/2022\/04\/woman-3137474_1280.jpg","type":"image\/jpeg"}],"author":"Diogo Negrello","twitter_card":"summary_large_image","twitter_misc":{"Escrito por":"Diogo Negrello","Est. tempo de leitura":"5 minutos"},"schema":{"@context":"https:\/\/schema.org","@graph":[{"@type":"Article","@id":"https:\/\/essencialmaquinas.com.br\/blog\/pausa-para-cafe-entenda-importancia\/#article","isPartOf":{"@id":"https:\/\/essencialmaquinas.com.br\/blog\/pausa-para-cafe-entenda-importancia\/"},"author":{"name":"Diogo Negrello","@id":"https:\/\/essencialmaquinas.com.br\/#\/schema\/person\/c321763d791f5ab47f06f495e1c03e24"},"headline":"Pausa para o caf\u00e9: Entenda sua import\u00e2ncia e porque adotar a pr\u00e1tica","datePublished":"2022-04-21T12:00:00+00:00","dateModified":"2022-04-25T18:46:26+00:00","mainEntityOfPage":{"@id":"https:\/\/essencialmaquinas.com.br\/blog\/pausa-para-cafe-entenda-importancia\/"},"wordCount":826,"publisher":{"@id":"https:\/\/essencialmaquinas.com.br\/#organization"},"image":{"@id":"https:\/\/essencialmaquinas.com.br\/blog\/pausa-para-cafe-entenda-importancia\/#primaryimage"},"thumbnailUrl":"https:\/\/essencialmaquinas.com.br\/blog\/wp-content\/uploads\/2022\/04\/woman-3137474_1280.jpg","keywords":["ambiente positivo","caf\u00e9","colabora\u00e7\u00e3o em grupo","m\u00e1quina de caf\u00e9","pausa para o caf\u00e9"],"articleSection":["Dicas"],"inLanguage":"pt-BR"},{"@type":"WebPage","@id":"https:\/\/essencialmaquinas.com.br\/blog\/pausa-para-cafe-entenda-importancia\/","url":"https:\/\/essencialmaquinas.com.br\/blog\/pausa-para-cafe-entenda-importancia\/","name":"Pausa para o caf\u00e9: Entenda sua import\u00e2ncia e porque adotar a pr\u00e1tica","isPartOf":{"@id":"https:\/\/essencialmaquinas.com.br\/#website"},"primaryImageOfPage":{"@id":"https:\/\/essencialmaquinas.com.br\/blog\/pausa-para-cafe-entenda-importancia\/#primaryimage"},"image":{"@id":"https:\/\/essencialmaquinas.com.br\/blog\/pausa-para-cafe-entenda-importancia\/#primaryimage"},"thumbnailUrl":"https:\/\/essencialmaquinas.com.br\/blog\/wp-content\/uploads\/2022\/04\/woman-3137474_1280.jpg","datePublished":"2022-04-21T12:00:00+00:00","dateModified":"2022-04-25T18:46:26+00:00","description":"\u00c9 muito importante ter uma pausa no trabalho, ainda mais quando se tem um bom caf\u00e9. Veja aqui quais s\u00e3o as vantagens das pausas para o caf\u00e9","breadcrumb":{"@id":"https:\/\/essencialmaquinas.com.br\/blog\/pausa-para-cafe-entenda-importancia\/#breadcrumb"},"inLanguage":"pt-BR","potentialAction":[{"@type":"ReadAction","target":["https:\/\/essencialmaquinas.com.br\/blog\/pausa-para-cafe-entenda-importancia\/"]}]},{"@type":"ImageObject","inLanguage":"pt-BR","@id":"https:\/\/essencialmaquinas.com.br\/blog\/pausa-para-cafe-entenda-importancia\/#primaryimage","url":"https:\/\/essencialmaquinas.com.br\/blog\/wp-content\/uploads\/2022\/04\/woman-3137474_1280.jpg","contentUrl":"https:\/\/essencialmaquinas.com.br\/blog\/wp-content\/uploads\/2022\/04\/woman-3137474_1280.jpg","width":1280,"height":720,"caption":"Pausa para o caf\u00e9: Entenda sua import\u00e2ncia e porque adotar a pr\u00e1tica"},{"@type":"BreadcrumbList","@id":"https:\/\/essencialmaquinas.com.br\/blog\/pausa-para-cafe-entenda-importancia\/#breadcrumb","itemListElement":[{"@type":"ListItem","position":1,"name":"In\u00edcio","item":"https:\/\/essencialmaquinas.com.br\/blog\/"},{"@type":"ListItem","position":2,"name":"Dicas","item":"https:\/\/essencialmaquinas.com.br\/blog\/category\/dicas\/"},{"@type":"ListItem","position":3,"name":"Pausa para o caf\u00e9: Entenda sua import\u00e2ncia e porque adotar a pr\u00e1tica"}]},{"@type":"WebSite","@id":"https:\/\/essencialmaquinas.com.br\/#website","url":"https:\/\/essencialmaquinas.com.br\/","name":"Essencial M\u00e1quinas de Caf\u00e9","description":"Novidades e curiosidades sobre as m\u00e1quinas de caf\u00e9 e insumos","publisher":{"@id":"https:\/\/essencialmaquinas.com.br\/#organization"},"potentialAction":[{"@type":"SearchAction","target":{"@type":"EntryPoint","urlTemplate":"https:\/\/essencialmaquinas.com.br\/?s={search_term_string}"},"query-input":{"@type":"PropertyValueSpecification","valueRequired":true,"valueName":"search_term_string"}}],"inLanguage":"pt-BR"},{"@type":"Organization","@id":"https:\/\/essencialmaquinas.com.br\/#organization","name":"Essencial M\u00e1quinas de Caf\u00e9","url":"https:\/\/essencialmaquinas.com.br\/","logo":{"@type":"ImageObject","inLanguage":"pt-BR","@id":"https:\/\/essencialmaquinas.com.br\/#\/schema\/logo\/image\/","url":"https:\/\/essencialmaquinas.com.br\/blog\/wp-content\/uploads\/2021\/12\/essencial-maquinas-logo.png","contentUrl":"https:\/\/essencialmaquinas.com.br\/blog\/wp-content\/uploads\/2021\/12\/essencial-maquinas-logo.png","width":250,"height":67,"caption":"Essencial M\u00e1quinas de Caf\u00e9"},"image":{"@id":"https:\/\/essencialmaquinas.com.br\/#\/schema\/logo\/image\/"},"sameAs":["https:\/\/www.facebook.com\/essencialmaquinas\/","https:\/\/www.instagram.com\/essencial_maquinas\/","https:\/\/www.youtube.com\/channel\/UCRV9nmg2xPS4gy_Lil7BWVQ"]},{"@type":"Person","@id":"https:\/\/essencialmaquinas.com.br\/#\/schema\/person\/c321763d791f5ab47f06f495e1c03e24","name":"Diogo Negrello","image":{"@type":"ImageObject","inLanguage":"pt-BR","@id":"https:\/\/essencialmaquinas.com.br\/blog\/wp-content\/uploads\/2025\/10\/cropped-diogo-negrello-96x96.webp","url":"https:\/\/essencialmaquinas.com.br\/blog\/wp-content\/uploads\/2025\/10\/cropped-diogo-negrello-96x96.webp","contentUrl":"https:\/\/essencialmaquinas.com.br\/blog\/wp-content\/uploads\/2025\/10\/cropped-diogo-negrello-96x96.webp","caption":"Diogo Negrello"},"description":"Diogo Artur Negrello \u00e9 CEO da Essencial M\u00e1quinas de Caf\u00e9, sediada em Porto Alegre (RS). Formado pela PUC-RS, Diogo lidera a empresa desde sua funda\u00e7\u00e3o em 2015, atuando no mercado de loca\u00e7\u00e3o, venda e manuten\u00e7\u00e3o de m\u00e1quinas autom\u00e1ticas de caf\u00e9 para ambientes corporativos e eventos. Com foco em excel\u00eancia, inova\u00e7\u00e3o e experi\u00eancia de consumo, acredita que \u201cuma boa x\u00edcara de caf\u00e9 pode ser o come\u00e7o de grandes ideias\u201d. Fora do expediente, \u00e9 casado, torcedor do SC Internacional e est\u00e1 sempre aprendendo. Siga-o no Instagram @diogonegrello para acompanhar sua vis\u00e3o e a trajet\u00f3ria da Essencial M\u00e1quinas de Caf\u00e9.","sameAs":["https:\/\/essencialmaquinas.com.br\/","https:\/\/www.instagram.com\/diogonegrello\/"],"url":"https:\/\/essencialmaquinas.com.br\/blog\/author\/negrello_diogo_redator\/"}]}},"_links":{"self":[{"href":"https:\/\/essencialmaquinas.com.br\/blog\/wp-json\/wp\/v2\/posts\/6015","targetHints":{"allow":["GET"]}}],"collection":[{"href":"https:\/\/essencialmaquinas.com.br\/blog\/wp-json\/wp\/v2\/posts"}],"about":[{"href":"https:\/\/essencialmaquinas.com.br\/blog\/wp-json\/wp\/v2\/types\/post"}],"author":[{"embeddable":true,"href":"https:\/\/essencialmaquinas.com.br\/blog\/wp-json\/wp\/v2\/users\/4"}],"replies":[{"embeddable":true,"href":"https:\/\/essencialmaquinas.com.br\/blog\/wp-json\/wp\/v2\/comments?post=6015"}],"version-history":[{"count":4,"href":"https:\/\/essencialmaquinas.com.br\/blog\/wp-json\/wp\/v2\/posts\/6015\/revisions"}],"predecessor-version":[{"id":6024,"href":"https:\/\/essencialmaquinas.com.br\/blog\/wp-json\/wp\/v2\/posts\/6015\/revisions\/6024"}],"wp:featuredmedia":[{"embeddable":true,"href":"https:\/\/essencialmaquinas.com.br\/blog\/wp-json\/wp\/v2\/media\/6019"}],"wp:attachment":[{"href":"https:\/\/essencialmaquinas.com.br\/blog\/wp-json\/wp\/v2\/media?parent=6015"}],"wp:term":[{"taxonomy":"category","embeddable":true,"href":"https:\/\/essencialmaquinas.com.br\/blog\/wp-json\/wp\/v2\/categories?post=6015"},{"taxonomy":"post_tag","embeddable":true,"href":"https:\/\/essencialmaquinas.com.br\/blog\/wp-json\/wp\/v2\/tags?post=6015"}],"curies":[{"name":"wp","href":"https:\/\/api.w.org\/{rel}","templated":true}]}}