{"id":6028,"date":"2022-06-09T09:11:00","date_gmt":"2022-06-09T12:11:00","guid":{"rendered":"https:\/\/blog.essencialmaquinas.com.br\/?p=6028"},"modified":"2022-06-13T14:27:18","modified_gmt":"2022-06-13T17:27:18","slug":"ideias-para-sua-cafeteria-se-destacar","status":"publish","type":"post","link":"https:\/\/essencialmaquinas.com.br\/blog\/ideias-para-sua-cafeteria-se-destacar\/","title":{"rendered":"7 ideias para fazer sua cafeteria se destacar no mercado"},"content":{"rendered":"\n<p>Possuir uma cafeteria n\u00e3o \u00e9 tarefa f\u00e1cil. Voc\u00ea pode estar na melhor localiza\u00e7\u00e3o, com os melhores baristas, servindo o melhor caf\u00e9 e sua loja ainda assim pode estar enfrentando dificuldades para atrair novos clientes.<\/p>\n\n\n\n<p>Fazer o seu espa\u00e7o se destacar da concorr\u00eancia \u00e9 essencial para criar um neg\u00f3cio de sucesso. Ent\u00e3o, o que voc\u00ea pode fazer para n\u00e3o apenas sobreviver, mas sim inovar e crescer seu neg\u00f3cio?<\/p>\n\n\n\n<p>Se voc\u00ea est\u00e1 procurando ideias de como melhorar seu servi\u00e7o, pode contar conosco. A seguir, o time da <a href=\"https:\/\/essencialmaquinas.com.br\/\" target=\"_blank\" rel=\"noreferrer noopener\">Essencial M\u00e1quinas de Caf\u00e9<\/a> separou 7 ideias que poder\u00e3o fazer toda a diferen\u00e7a e mudar a cara da sua cafeteria daqui para frente.<\/p>\n\n\n\n<h2 class=\"wp-block-heading\">#1. Bebidas sazonais<\/h2>\n\n\n\n<p>Se voc\u00ea est\u00e1 servindo os mesmos caf\u00e9s, bebidas quentes e ch\u00e1s durante todo o ano, pouco impede que um cliente pare na porta da concorr\u00eancia na pr\u00f3xima vez que for comprar um caf\u00e9.<\/p>\n\n\n\n<p>Ent\u00e3o, para manter as pessoas curiosas e sua loja relevante para o p\u00fablico, explore os sabores da esta\u00e7\u00e3o em que voc\u00ea se encontra. Abrace as notas florais na primavera, os sabores natalinos durante o fim do ano ou adicione o fresco do ver\u00e3o ao seu card\u00e1pio.<\/p>\n\n\n\n<p>Para uma estrat\u00e9gia de marketing mais robusta, considere tamb\u00e9m vender \u201c<a href=\"https:\/\/www.raizler.com.br\/brindes-personalizados\" target=\"_blank\" rel=\"noreferrer noopener\">brindes personalizados<\/a>\u201d na forma de canecas, copos e adesivos, por exemplo.<\/p>\n\n\n\n<p>Fazer isso n\u00e3o apenas ajuda a aumentar as receitas, mas tamb\u00e9m atua como uma forma de \u201cmarketing passivo\u201d; pessoas usando seus produtos colocar\u00e3o o nome da sua cafeteria no radar de novos clientes.<\/p>\n\n\n\n<h2 class=\"wp-block-heading\">#2. Abrace as redes sociais<\/h2>\n\n\n\n<p>N\u00e3o h\u00e1 quem n\u00e3o esteja em pelo menos uma rede social hoje em dia. Ent\u00e3o, \u00e9 quase desnecess\u00e1rio dizer que \u00e9 preciso que voc\u00ea utilize essas plataformas a seu favor.<\/p>\n\n\n\n<p>Tente manter uma presen\u00e7a ativa, animada e engajada em suas contas sociais, certificando-se de permanecer \u201cna marca\u201d e responder a perguntas e coment\u00e1rios de maneira pontual e envolvente.<\/p>\n\n\n\n<p>O Instagram \u00e9 considerado por muitos especialistas do setor como a rede social para quem gosta de caf\u00e9 e gastronomia. Se voc\u00ea estiver com pouco tempo e quiser gerenciar apenas uma conta de rede social, nossa sugest\u00e3o \u00e9 que voc\u00ea opte pelo Instagram.<\/p>\n\n\n\n<h2 class=\"wp-block-heading\">#3. Coloque as pessoas em primeiro lugar<\/h2>\n\n\n\n<p>A maioria das cafeterias \u2013 e a maioria dos empreendimentos comerciais \u2013 n\u00e3o falham por causa dos produtos que est\u00e3o servindo. Eles falham, na verdade, porque colocam suas necessidades acima das de seus clientes.<\/p>\n\n\n\n<p>Fazer com que seus funcion\u00e1rios acreditem na cultura da sua empresa \u00e9 o primeiro passo para criar uma \u00f3tima atmosfera em seu caf\u00e9. Quando funcion\u00e1rios satisfeitos acreditam no neg\u00f3cio do qual fazem parte, isso leva a uma hospitalidade genu\u00edna.<\/p>\n\n\n\n<p>Os baristas n\u00e3o apenas colocam amor e cuidado em tudo o que fazem, mas sua positividade e atitude pagar\u00e3o dividendos ao fazer sua cafeteria se destacar das outras.<\/p>\n\n\n\n<h2 class=\"wp-block-heading\">#4. Feedback ou sugest\u00f5es s\u00e3o bem-vindas<\/h2>\n\n\n\n<p>Os clientes geralmente percebem algumas coisas que voc\u00ea ou sua equipe n\u00e3o percebem ou, \u00e0s vezes, eles t\u00eam ideias que podem ajudar sua empresa a melhorar. Esteja aberto \u00e0s suas sugest\u00f5es e deixe-os sentir que voc\u00ea aprecia seus coment\u00e1rios.<\/p>\n\n\n\n<p>Voc\u00ea pode criar uma pequena pesquisa para seus seguidores ou colocar uma caixa de sugest\u00f5es no caixa. Voc\u00ea tamb\u00e9m pode imprimir facilmente pesquisas f\u00edsicas para seus clientes preencherem enquanto tomam seu caf\u00e9.<\/p>\n\n\n\n<p>Lembre-se sempre de fazer seus questionamentos de forma concisa e relevante. Aqui est\u00e3o algumas sugest\u00f5es de perguntas que voc\u00ea pode fazer aos seus clientes:<\/p>\n\n\n\n<ul class=\"wp-block-list\"><li>O que voc\u00ea mais gosta na nossa cafeteria?<\/li><li>Como voc\u00ea avalia nossa comida?<\/li><li>Como voc\u00ea avaliaria nosso atendimento ao cliente?<\/li><li>Que sugest\u00f5es voc\u00ea tem para melhorar nossos produtos?<\/li><\/ul>\n\n\n\n<h2 class=\"wp-block-heading\">#5. Hospedar eventos criativos<\/h2>\n\n\n\n<p>Por que n\u00e3o aproveitar ao m\u00e1ximo o espa\u00e7o e hospedar regularmente eventos como exposi\u00e7\u00f5es fotogr\u00e1ficas, sess\u00f5es de aut\u00f3grafos de livros, concursos de poesia, m\u00fasica ao vivo e muito mais?<\/p>\n\n\n\n<p>Fazer isso n\u00e3o apenas ajudar\u00e1 a atrair novos clientes, mas tamb\u00e9m marcar\u00e1 sua cafeteria como um destino para eventos sociais. Al\u00e9m disso, pense em pesquisar sua base de clientes para ver se h\u00e1 algo em especial que eles gostariam de ver \u2013 e tente fazer isso acontecer.<\/p>\n\n\n\n<h2 class=\"wp-block-heading\">#6. Tenha Wi-Fi gratuito (e r\u00e1pido)<\/h2>\n\n\n\n<p>Hoje em dia, todo mundo est\u00e1 na internet, em algum grau ou em outro. E se voc\u00ea \u00e9 uma cafeteria se torna conhecida por ter Wi-Fi gr\u00e1tis e extremamente r\u00e1pido, confie em n\u00f3s: os clientes vir\u00e3o em massa.<\/p>\n\n\n\n<p>Mas, para evitar que as pessoas aproveitem apenas o Wi-Fi gratuito, pense em torn\u00e1-lo \u201cbloqueado por senha\u201d. Quando algu\u00e9m conclui o pedido, voc\u00ea pode informar a senha da rede Wi-Fi ou, para economizar tempo, imprimi-la nos recibos do cliente.<\/p>\n\n\n\n<h2 class=\"wp-block-heading\">#7. Invista em equipamentos e suprimentos<\/h2>\n\n\n\n<p>\u00c9 preciso mais do que bons baristas, posts em redes s\u00f3cias e Wi-Fi de qualidade para tornar-se uma cafeteria excelente. Os equipamentos que voc\u00ea usa tamb\u00e9m desempenham um papel fundamental na qualidade e efici\u00eancia da sua cafeteria.<\/p>\n\n\n\n<p>Esteja voc\u00ea equipando completamente uma nova loja ou aposentando alguns equipamentos usados h\u00e1 muito tempo, \u00e9 preciso encontrar um fornecedor que tenha a experi\u00eancia e as ferramentas para ajud\u00e1-lo a tomar as decis\u00f5es certas.<\/p>\n\n\n\n<p>Como vimos, h\u00e1 muito a considerar no momento de inovar em busca de mais destaque para sua cafeteria. Por\u00e9m, se voc\u00ea est\u00e1 em busca de um novo fornecedor n\u00f3s da <a href=\"https:\/\/essencialmaquinas.com.br\/\" target=\"_blank\" rel=\"noreferrer noopener\">Essencial M\u00e1quinas de Caf\u00e9<\/a> podemos ajud\u00e1-lo! Entre em contato para obter um or\u00e7amentos e mais dicas como essas que compartilhamos neste artigo para alavancar seu neg\u00f3cio.<\/p>\n\n\n\n<div class=\"wp-block-group is-layout-flow wp-block-group-is-layout-flow\">\n<div class=\"wp-block-cover aligncenter has-parallax is-light has-white-color has-text-color has-link-color wp-elements-7bd5d06bb064756df6c127ce23aab4b7\" style=\"min-height:20rem;aspect-ratio:unset;\"><span aria-hidden=\"true\" class=\"wp-block-cover__background has-background-dim-0 has-background-dim\"><\/span><div class=\"wp-block-cover__image-background wp-image-5948 has-parallax\" style=\"background-position:50% 50%;background-image:url(https:\/\/essencialmaquinas.com.br\/blog\/wp-content\/uploads\/2021\/12\/coffee-cup-parallax.jpg)\"><\/div><div class=\"wp-block-cover__inner-container is-layout-flow wp-block-cover-is-layout-flow\">\n<div class=\"wp-block-columns is-layout-flex wp-container-core-columns-is-layout-9d6595d7 wp-block-columns-is-layout-flex\">\n<div class=\"wp-block-column is-layout-flow wp-block-column-is-layout-flow\" style=\"flex-basis:69%\">\n<div class=\"wp-block-buttons is-layout-flex wp-block-buttons-is-layout-flex\">\n<div class=\"wp-block-button has-custom-font-size is-style-outline is-style-outline--1\" style=\"font-size:15px\"><a class=\"wp-block-button__link wp-element-button\" href=\"https:\/\/essencialmaquinas.com.br\/aluguel-de-maquina-de-cafe\" target=\"_blank\" rel=\"noreferrer noopener\"> Aluguel de M\u00e1quina de Caf\u00e9<\/a><\/div>\n\n\n\n<div class=\"wp-block-button has-custom-font-size is-style-outline is-style-outline--2\" style=\"font-size:15px\"><a class=\"wp-block-button__link wp-element-button\" href=\"https:\/\/essencialmaquinas.com.br\/maquina-de-cafe-para-venda\" target=\"_blank\" rel=\"noreferrer noopener\"> M\u00e1quina de Caf\u00e9 para Venda <\/a><\/div>\n\n\n\n<div class=\"wp-block-button has-custom-font-size is-style-outline is-style-outline--3\" style=\"font-size:15px\"><a class=\"wp-block-button__link wp-element-button\" href=\"https:\/\/essencialmaquinas.com.br\/maquina-de-cafe-comodato\" target=\"_blank\" rel=\"noreferrer noopener\">M\u00e1quina de Caf\u00e9 em Comodato<\/a><\/div>\n\n\n\n<div class=\"wp-block-button has-custom-font-size is-style-outline is-style-outline--4\" style=\"font-size:15px\"><a class=\"wp-block-button__link wp-element-button\" href=\"https:\/\/essencialmaquinas.com.br\/maquina-de-cafe-para-evento\" target=\"_blank\" rel=\"noreferrer noopener\">M\u00e1quina de Caf\u00e9 para Evento<\/a><\/div>\n<\/div>\n<\/div>\n\n\n\n<div class=\"wp-block-column is-layout-flow wp-block-column-is-layout-flow\"><\/div>\n<\/div>\n<\/div><\/div>\n\n\n\n<p>Ligue em um dos nossos telefones &#8211; <a href=\"tel:+55-51-35190772\">(51) 3519.0772<\/a> ou <a href=\"tel:+55-51-35190772\">(51) <\/a><a href=\"tel:+55-51-35190776\">3519.0776<\/a>, <a rel=\"noreferrer noopener\" href=\"https:\/\/essencialmaquinas.com.br\/\" target=\"_blank\">visite nosso site<\/a> ou nos chame no <a rel=\"noreferrer noopener\" href=\"https:\/\/api.whatsapp.com\/send?phone=5551997172863\" target=\"_blank\">WhatsApp da Essencial M\u00e1quina de Caf\u00e9<\/a> e fique por dentro de todos os produtos que oferecemos, al\u00e9m das condi\u00e7\u00f5es de contrato e op\u00e7\u00f5es para o seu escrit\u00f3rio.<\/p>\n<\/div>\n","protected":false},"excerpt":{"rendered":"<p>Possuir uma cafeteria n\u00e3o \u00e9 tarefa f\u00e1cil. Voc\u00ea pode estar na melhor localiza\u00e7\u00e3o, com os melhores baristas, servindo o melhor caf\u00e9 e sua loja ainda&#8230;<\/p>\n","protected":false},"author":4,"featured_media":6034,"comment_status":"closed","ping_status":"closed","sticky":false,"template":"","format":"standard","meta":{"footnotes":""},"categories":[26],"tags":[75,27,74,28],"class_list":{"0":"post-6028","1":"post","2":"type-post","3":"status-publish","4":"format-standard","5":"has-post-thumbnail","7":"category-dicas","8":"tag-atrair-cliente","9":"tag-cafe","10":"tag-cafeteria","11":"tag-maquina-de-cafe"},"yoast_head":"<!-- This site is optimized with the Yoast SEO plugin v27.5 - https:\/\/yoast.com\/product\/yoast-seo-wordpress\/ -->\n<title>7 ideias para fazer sua cafeteria se destacar no mercado<\/title>\n<meta name=\"description\" content=\"Separamos 7 ideias que poder\u00e3o fazer toda a diferen\u00e7a e mudar a cara da sua cafeteria daqui para frente. Ideias de como melhorar seu servi\u00e7o\" \/>\n<meta name=\"robots\" content=\"index, follow, max-snippet:-1, max-image-preview:large, max-video-preview:-1\" \/>\n<link rel=\"canonical\" href=\"https:\/\/essencialmaquinas.com.br\/blog\/ideias-para-sua-cafeteria-se-destacar\/\" \/>\n<meta property=\"og:locale\" content=\"pt_BR\" \/>\n<meta property=\"og:type\" content=\"article\" \/>\n<meta property=\"og:title\" content=\"7 ideias para fazer sua cafeteria se destacar no mercado\" \/>\n<meta property=\"og:description\" content=\"Separamos 7 ideias que poder\u00e3o fazer toda a diferen\u00e7a e mudar a cara da sua cafeteria daqui para frente. Ideias de como melhorar seu servi\u00e7o\" \/>\n<meta property=\"og:url\" content=\"https:\/\/essencialmaquinas.com.br\/blog\/ideias-para-sua-cafeteria-se-destacar\/\" \/>\n<meta property=\"og:site_name\" content=\"Essencial M\u00e1quinas de Caf\u00e9\" \/>\n<meta property=\"article:publisher\" content=\"https:\/\/www.facebook.com\/essencialmaquinas\/\" \/>\n<meta property=\"article:published_time\" content=\"2022-06-09T12:11:00+00:00\" \/>\n<meta property=\"article:modified_time\" content=\"2022-06-13T17:27:18+00:00\" \/>\n<meta property=\"og:image\" content=\"https:\/\/essencialmaquinas.com.br\/blog\/wp-content\/uploads\/2022\/06\/2022.01-jovens-tomando-cafe.jpg\" \/>\n\t<meta property=\"og:image:width\" content=\"1920\" \/>\n\t<meta property=\"og:image:height\" content=\"1280\" \/>\n\t<meta property=\"og:image:type\" content=\"image\/jpeg\" \/>\n<meta name=\"author\" content=\"Diogo Negrello\" \/>\n<meta name=\"twitter:card\" content=\"summary_large_image\" \/>\n<meta name=\"twitter:label1\" content=\"Escrito por\" \/>\n\t<meta name=\"twitter:data1\" content=\"Diogo Negrello\" \/>\n\t<meta name=\"twitter:label2\" content=\"Est. tempo de leitura\" \/>\n\t<meta name=\"twitter:data2\" content=\"5 minutos\" \/>\n<script type=\"application\/ld+json\" class=\"yoast-schema-graph\">{\"@context\":\"https:\\\/\\\/schema.org\",\"@graph\":[{\"@type\":\"Article\",\"@id\":\"https:\\\/\\\/essencialmaquinas.com.br\\\/blog\\\/ideias-para-sua-cafeteria-se-destacar\\\/#article\",\"isPartOf\":{\"@id\":\"https:\\\/\\\/essencialmaquinas.com.br\\\/blog\\\/ideias-para-sua-cafeteria-se-destacar\\\/\"},\"author\":{\"name\":\"Diogo Negrello\",\"@id\":\"https:\\\/\\\/essencialmaquinas.com.br\\\/#\\\/schema\\\/person\\\/c321763d791f5ab47f06f495e1c03e24\"},\"headline\":\"7 ideias para fazer sua cafeteria se destacar no mercado\",\"datePublished\":\"2022-06-09T12:11:00+00:00\",\"dateModified\":\"2022-06-13T17:27:18+00:00\",\"mainEntityOfPage\":{\"@id\":\"https:\\\/\\\/essencialmaquinas.com.br\\\/blog\\\/ideias-para-sua-cafeteria-se-destacar\\\/\"},\"wordCount\":955,\"publisher\":{\"@id\":\"https:\\\/\\\/essencialmaquinas.com.br\\\/#organization\"},\"image\":{\"@id\":\"https:\\\/\\\/essencialmaquinas.com.br\\\/blog\\\/ideias-para-sua-cafeteria-se-destacar\\\/#primaryimage\"},\"thumbnailUrl\":\"https:\\\/\\\/essencialmaquinas.com.br\\\/blog\\\/wp-content\\\/uploads\\\/2022\\\/06\\\/2022.01-jovens-tomando-cafe.jpg\",\"keywords\":[\"atrair cliente\",\"caf\u00e9\",\"cafeteria\",\"m\u00e1quina de caf\u00e9\"],\"articleSection\":[\"Dicas\"],\"inLanguage\":\"pt-BR\"},{\"@type\":\"WebPage\",\"@id\":\"https:\\\/\\\/essencialmaquinas.com.br\\\/blog\\\/ideias-para-sua-cafeteria-se-destacar\\\/\",\"url\":\"https:\\\/\\\/essencialmaquinas.com.br\\\/blog\\\/ideias-para-sua-cafeteria-se-destacar\\\/\",\"name\":\"7 ideias para fazer sua cafeteria se destacar no mercado\",\"isPartOf\":{\"@id\":\"https:\\\/\\\/essencialmaquinas.com.br\\\/#website\"},\"primaryImageOfPage\":{\"@id\":\"https:\\\/\\\/essencialmaquinas.com.br\\\/blog\\\/ideias-para-sua-cafeteria-se-destacar\\\/#primaryimage\"},\"image\":{\"@id\":\"https:\\\/\\\/essencialmaquinas.com.br\\\/blog\\\/ideias-para-sua-cafeteria-se-destacar\\\/#primaryimage\"},\"thumbnailUrl\":\"https:\\\/\\\/essencialmaquinas.com.br\\\/blog\\\/wp-content\\\/uploads\\\/2022\\\/06\\\/2022.01-jovens-tomando-cafe.jpg\",\"datePublished\":\"2022-06-09T12:11:00+00:00\",\"dateModified\":\"2022-06-13T17:27:18+00:00\",\"description\":\"Separamos 7 ideias que poder\u00e3o fazer toda a diferen\u00e7a e mudar a cara da sua cafeteria daqui para frente. Ideias de como melhorar seu servi\u00e7o\",\"breadcrumb\":{\"@id\":\"https:\\\/\\\/essencialmaquinas.com.br\\\/blog\\\/ideias-para-sua-cafeteria-se-destacar\\\/#breadcrumb\"},\"inLanguage\":\"pt-BR\",\"potentialAction\":[{\"@type\":\"ReadAction\",\"target\":[\"https:\\\/\\\/essencialmaquinas.com.br\\\/blog\\\/ideias-para-sua-cafeteria-se-destacar\\\/\"]}]},{\"@type\":\"ImageObject\",\"inLanguage\":\"pt-BR\",\"@id\":\"https:\\\/\\\/essencialmaquinas.com.br\\\/blog\\\/ideias-para-sua-cafeteria-se-destacar\\\/#primaryimage\",\"url\":\"https:\\\/\\\/essencialmaquinas.com.br\\\/blog\\\/wp-content\\\/uploads\\\/2022\\\/06\\\/2022.01-jovens-tomando-cafe.jpg\",\"contentUrl\":\"https:\\\/\\\/essencialmaquinas.com.br\\\/blog\\\/wp-content\\\/uploads\\\/2022\\\/06\\\/2022.01-jovens-tomando-cafe.jpg\",\"width\":1920,\"height\":1280,\"caption\":\"jovens tomando caf\u00e9 na cafeteria\"},{\"@type\":\"BreadcrumbList\",\"@id\":\"https:\\\/\\\/essencialmaquinas.com.br\\\/blog\\\/ideias-para-sua-cafeteria-se-destacar\\\/#breadcrumb\",\"itemListElement\":[{\"@type\":\"ListItem\",\"position\":1,\"name\":\"In\u00edcio\",\"item\":\"https:\\\/\\\/essencialmaquinas.com.br\\\/blog\\\/\"},{\"@type\":\"ListItem\",\"position\":2,\"name\":\"Dicas\",\"item\":\"https:\\\/\\\/essencialmaquinas.com.br\\\/blog\\\/category\\\/dicas\\\/\"},{\"@type\":\"ListItem\",\"position\":3,\"name\":\"7 ideias para fazer sua cafeteria se destacar no mercado\"}]},{\"@type\":\"WebSite\",\"@id\":\"https:\\\/\\\/essencialmaquinas.com.br\\\/#website\",\"url\":\"https:\\\/\\\/essencialmaquinas.com.br\\\/\",\"name\":\"Essencial M\u00e1quinas de Caf\u00e9\",\"description\":\"Novidades e curiosidades sobre as m\u00e1quinas de caf\u00e9 e insumos\",\"publisher\":{\"@id\":\"https:\\\/\\\/essencialmaquinas.com.br\\\/#organization\"},\"potentialAction\":[{\"@type\":\"SearchAction\",\"target\":{\"@type\":\"EntryPoint\",\"urlTemplate\":\"https:\\\/\\\/essencialmaquinas.com.br\\\/?s={search_term_string}\"},\"query-input\":{\"@type\":\"PropertyValueSpecification\",\"valueRequired\":true,\"valueName\":\"search_term_string\"}}],\"inLanguage\":\"pt-BR\"},{\"@type\":\"Organization\",\"@id\":\"https:\\\/\\\/essencialmaquinas.com.br\\\/#organization\",\"name\":\"Essencial M\u00e1quinas de Caf\u00e9\",\"url\":\"https:\\\/\\\/essencialmaquinas.com.br\\\/\",\"logo\":{\"@type\":\"ImageObject\",\"inLanguage\":\"pt-BR\",\"@id\":\"https:\\\/\\\/essencialmaquinas.com.br\\\/#\\\/schema\\\/logo\\\/image\\\/\",\"url\":\"https:\\\/\\\/essencialmaquinas.com.br\\\/blog\\\/wp-content\\\/uploads\\\/2021\\\/12\\\/essencial-maquinas-logo.png\",\"contentUrl\":\"https:\\\/\\\/essencialmaquinas.com.br\\\/blog\\\/wp-content\\\/uploads\\\/2021\\\/12\\\/essencial-maquinas-logo.png\",\"width\":250,\"height\":67,\"caption\":\"Essencial M\u00e1quinas de Caf\u00e9\"},\"image\":{\"@id\":\"https:\\\/\\\/essencialmaquinas.com.br\\\/#\\\/schema\\\/logo\\\/image\\\/\"},\"sameAs\":[\"https:\\\/\\\/www.facebook.com\\\/essencialmaquinas\\\/\",\"https:\\\/\\\/www.instagram.com\\\/essencial_maquinas\\\/\",\"https:\\\/\\\/www.youtube.com\\\/channel\\\/UCRV9nmg2xPS4gy_Lil7BWVQ\"]},{\"@type\":\"Person\",\"@id\":\"https:\\\/\\\/essencialmaquinas.com.br\\\/#\\\/schema\\\/person\\\/c321763d791f5ab47f06f495e1c03e24\",\"name\":\"Diogo Negrello\",\"image\":{\"@type\":\"ImageObject\",\"inLanguage\":\"pt-BR\",\"@id\":\"https:\\\/\\\/essencialmaquinas.com.br\\\/blog\\\/wp-content\\\/uploads\\\/2025\\\/10\\\/cropped-diogo-negrello-96x96.webp\",\"url\":\"https:\\\/\\\/essencialmaquinas.com.br\\\/blog\\\/wp-content\\\/uploads\\\/2025\\\/10\\\/cropped-diogo-negrello-96x96.webp\",\"contentUrl\":\"https:\\\/\\\/essencialmaquinas.com.br\\\/blog\\\/wp-content\\\/uploads\\\/2025\\\/10\\\/cropped-diogo-negrello-96x96.webp\",\"caption\":\"Diogo Negrello\"},\"description\":\"Diogo Artur Negrello \u00e9 CEO da Essencial M\u00e1quinas de Caf\u00e9, sediada em Porto Alegre (RS). Formado pela PUC-RS, Diogo lidera a empresa desde sua funda\u00e7\u00e3o em 2015, atuando no mercado de loca\u00e7\u00e3o, venda e manuten\u00e7\u00e3o de m\u00e1quinas autom\u00e1ticas de caf\u00e9 para ambientes corporativos e eventos. Com foco em excel\u00eancia, inova\u00e7\u00e3o e experi\u00eancia de consumo, acredita que \u201cuma boa x\u00edcara de caf\u00e9 pode ser o come\u00e7o de grandes ideias\u201d. Fora do expediente, \u00e9 casado, torcedor do SC Internacional e est\u00e1 sempre aprendendo. Siga-o no Instagram @diogonegrello para acompanhar sua vis\u00e3o e a trajet\u00f3ria da Essencial M\u00e1quinas de Caf\u00e9.\",\"sameAs\":[\"https:\\\/\\\/essencialmaquinas.com.br\\\/\",\"https:\\\/\\\/www.instagram.com\\\/diogonegrello\\\/\"],\"url\":\"https:\\\/\\\/essencialmaquinas.com.br\\\/blog\\\/author\\\/negrello_diogo_redator\\\/\"}]}<\/script>\n<!-- \/ Yoast SEO plugin. -->","yoast_head_json":{"title":"7 ideias para fazer sua cafeteria se destacar no mercado","description":"Separamos 7 ideias que poder\u00e3o fazer toda a diferen\u00e7a e mudar a cara da sua cafeteria daqui para frente. Ideias de como melhorar seu servi\u00e7o","robots":{"index":"index","follow":"follow","max-snippet":"max-snippet:-1","max-image-preview":"max-image-preview:large","max-video-preview":"max-video-preview:-1"},"canonical":"https:\/\/essencialmaquinas.com.br\/blog\/ideias-para-sua-cafeteria-se-destacar\/","og_locale":"pt_BR","og_type":"article","og_title":"7 ideias para fazer sua cafeteria se destacar no mercado","og_description":"Separamos 7 ideias que poder\u00e3o fazer toda a diferen\u00e7a e mudar a cara da sua cafeteria daqui para frente. Ideias de como melhorar seu servi\u00e7o","og_url":"https:\/\/essencialmaquinas.com.br\/blog\/ideias-para-sua-cafeteria-se-destacar\/","og_site_name":"Essencial M\u00e1quinas de Caf\u00e9","article_publisher":"https:\/\/www.facebook.com\/essencialmaquinas\/","article_published_time":"2022-06-09T12:11:00+00:00","article_modified_time":"2022-06-13T17:27:18+00:00","og_image":[{"width":1920,"height":1280,"url":"https:\/\/essencialmaquinas.com.br\/blog\/wp-content\/uploads\/2022\/06\/2022.01-jovens-tomando-cafe.jpg","type":"image\/jpeg"}],"author":"Diogo Negrello","twitter_card":"summary_large_image","twitter_misc":{"Escrito por":"Diogo Negrello","Est. tempo de leitura":"5 minutos"},"schema":{"@context":"https:\/\/schema.org","@graph":[{"@type":"Article","@id":"https:\/\/essencialmaquinas.com.br\/blog\/ideias-para-sua-cafeteria-se-destacar\/#article","isPartOf":{"@id":"https:\/\/essencialmaquinas.com.br\/blog\/ideias-para-sua-cafeteria-se-destacar\/"},"author":{"name":"Diogo Negrello","@id":"https:\/\/essencialmaquinas.com.br\/#\/schema\/person\/c321763d791f5ab47f06f495e1c03e24"},"headline":"7 ideias para fazer sua cafeteria se destacar no mercado","datePublished":"2022-06-09T12:11:00+00:00","dateModified":"2022-06-13T17:27:18+00:00","mainEntityOfPage":{"@id":"https:\/\/essencialmaquinas.com.br\/blog\/ideias-para-sua-cafeteria-se-destacar\/"},"wordCount":955,"publisher":{"@id":"https:\/\/essencialmaquinas.com.br\/#organization"},"image":{"@id":"https:\/\/essencialmaquinas.com.br\/blog\/ideias-para-sua-cafeteria-se-destacar\/#primaryimage"},"thumbnailUrl":"https:\/\/essencialmaquinas.com.br\/blog\/wp-content\/uploads\/2022\/06\/2022.01-jovens-tomando-cafe.jpg","keywords":["atrair cliente","caf\u00e9","cafeteria","m\u00e1quina de caf\u00e9"],"articleSection":["Dicas"],"inLanguage":"pt-BR"},{"@type":"WebPage","@id":"https:\/\/essencialmaquinas.com.br\/blog\/ideias-para-sua-cafeteria-se-destacar\/","url":"https:\/\/essencialmaquinas.com.br\/blog\/ideias-para-sua-cafeteria-se-destacar\/","name":"7 ideias para fazer sua cafeteria se destacar no mercado","isPartOf":{"@id":"https:\/\/essencialmaquinas.com.br\/#website"},"primaryImageOfPage":{"@id":"https:\/\/essencialmaquinas.com.br\/blog\/ideias-para-sua-cafeteria-se-destacar\/#primaryimage"},"image":{"@id":"https:\/\/essencialmaquinas.com.br\/blog\/ideias-para-sua-cafeteria-se-destacar\/#primaryimage"},"thumbnailUrl":"https:\/\/essencialmaquinas.com.br\/blog\/wp-content\/uploads\/2022\/06\/2022.01-jovens-tomando-cafe.jpg","datePublished":"2022-06-09T12:11:00+00:00","dateModified":"2022-06-13T17:27:18+00:00","description":"Separamos 7 ideias que poder\u00e3o fazer toda a diferen\u00e7a e mudar a cara da sua cafeteria daqui para frente. Ideias de como melhorar seu servi\u00e7o","breadcrumb":{"@id":"https:\/\/essencialmaquinas.com.br\/blog\/ideias-para-sua-cafeteria-se-destacar\/#breadcrumb"},"inLanguage":"pt-BR","potentialAction":[{"@type":"ReadAction","target":["https:\/\/essencialmaquinas.com.br\/blog\/ideias-para-sua-cafeteria-se-destacar\/"]}]},{"@type":"ImageObject","inLanguage":"pt-BR","@id":"https:\/\/essencialmaquinas.com.br\/blog\/ideias-para-sua-cafeteria-se-destacar\/#primaryimage","url":"https:\/\/essencialmaquinas.com.br\/blog\/wp-content\/uploads\/2022\/06\/2022.01-jovens-tomando-cafe.jpg","contentUrl":"https:\/\/essencialmaquinas.com.br\/blog\/wp-content\/uploads\/2022\/06\/2022.01-jovens-tomando-cafe.jpg","width":1920,"height":1280,"caption":"jovens tomando caf\u00e9 na cafeteria"},{"@type":"BreadcrumbList","@id":"https:\/\/essencialmaquinas.com.br\/blog\/ideias-para-sua-cafeteria-se-destacar\/#breadcrumb","itemListElement":[{"@type":"ListItem","position":1,"name":"In\u00edcio","item":"https:\/\/essencialmaquinas.com.br\/blog\/"},{"@type":"ListItem","position":2,"name":"Dicas","item":"https:\/\/essencialmaquinas.com.br\/blog\/category\/dicas\/"},{"@type":"ListItem","position":3,"name":"7 ideias para fazer sua cafeteria se destacar no mercado"}]},{"@type":"WebSite","@id":"https:\/\/essencialmaquinas.com.br\/#website","url":"https:\/\/essencialmaquinas.com.br\/","name":"Essencial M\u00e1quinas de Caf\u00e9","description":"Novidades e curiosidades sobre as m\u00e1quinas de caf\u00e9 e insumos","publisher":{"@id":"https:\/\/essencialmaquinas.com.br\/#organization"},"potentialAction":[{"@type":"SearchAction","target":{"@type":"EntryPoint","urlTemplate":"https:\/\/essencialmaquinas.com.br\/?s={search_term_string}"},"query-input":{"@type":"PropertyValueSpecification","valueRequired":true,"valueName":"search_term_string"}}],"inLanguage":"pt-BR"},{"@type":"Organization","@id":"https:\/\/essencialmaquinas.com.br\/#organization","name":"Essencial M\u00e1quinas de Caf\u00e9","url":"https:\/\/essencialmaquinas.com.br\/","logo":{"@type":"ImageObject","inLanguage":"pt-BR","@id":"https:\/\/essencialmaquinas.com.br\/#\/schema\/logo\/image\/","url":"https:\/\/essencialmaquinas.com.br\/blog\/wp-content\/uploads\/2021\/12\/essencial-maquinas-logo.png","contentUrl":"https:\/\/essencialmaquinas.com.br\/blog\/wp-content\/uploads\/2021\/12\/essencial-maquinas-logo.png","width":250,"height":67,"caption":"Essencial M\u00e1quinas de Caf\u00e9"},"image":{"@id":"https:\/\/essencialmaquinas.com.br\/#\/schema\/logo\/image\/"},"sameAs":["https:\/\/www.facebook.com\/essencialmaquinas\/","https:\/\/www.instagram.com\/essencial_maquinas\/","https:\/\/www.youtube.com\/channel\/UCRV9nmg2xPS4gy_Lil7BWVQ"]},{"@type":"Person","@id":"https:\/\/essencialmaquinas.com.br\/#\/schema\/person\/c321763d791f5ab47f06f495e1c03e24","name":"Diogo Negrello","image":{"@type":"ImageObject","inLanguage":"pt-BR","@id":"https:\/\/essencialmaquinas.com.br\/blog\/wp-content\/uploads\/2025\/10\/cropped-diogo-negrello-96x96.webp","url":"https:\/\/essencialmaquinas.com.br\/blog\/wp-content\/uploads\/2025\/10\/cropped-diogo-negrello-96x96.webp","contentUrl":"https:\/\/essencialmaquinas.com.br\/blog\/wp-content\/uploads\/2025\/10\/cropped-diogo-negrello-96x96.webp","caption":"Diogo Negrello"},"description":"Diogo Artur Negrello \u00e9 CEO da Essencial M\u00e1quinas de Caf\u00e9, sediada em Porto Alegre (RS). Formado pela PUC-RS, Diogo lidera a empresa desde sua funda\u00e7\u00e3o em 2015, atuando no mercado de loca\u00e7\u00e3o, venda e manuten\u00e7\u00e3o de m\u00e1quinas autom\u00e1ticas de caf\u00e9 para ambientes corporativos e eventos. Com foco em excel\u00eancia, inova\u00e7\u00e3o e experi\u00eancia de consumo, acredita que \u201cuma boa x\u00edcara de caf\u00e9 pode ser o come\u00e7o de grandes ideias\u201d. Fora do expediente, \u00e9 casado, torcedor do SC Internacional e est\u00e1 sempre aprendendo. Siga-o no Instagram @diogonegrello para acompanhar sua vis\u00e3o e a trajet\u00f3ria da Essencial M\u00e1quinas de Caf\u00e9.","sameAs":["https:\/\/essencialmaquinas.com.br\/","https:\/\/www.instagram.com\/diogonegrello\/"],"url":"https:\/\/essencialmaquinas.com.br\/blog\/author\/negrello_diogo_redator\/"}]}},"_links":{"self":[{"href":"https:\/\/essencialmaquinas.com.br\/blog\/wp-json\/wp\/v2\/posts\/6028","targetHints":{"allow":["GET"]}}],"collection":[{"href":"https:\/\/essencialmaquinas.com.br\/blog\/wp-json\/wp\/v2\/posts"}],"about":[{"href":"https:\/\/essencialmaquinas.com.br\/blog\/wp-json\/wp\/v2\/types\/post"}],"author":[{"embeddable":true,"href":"https:\/\/essencialmaquinas.com.br\/blog\/wp-json\/wp\/v2\/users\/4"}],"replies":[{"embeddable":true,"href":"https:\/\/essencialmaquinas.com.br\/blog\/wp-json\/wp\/v2\/comments?post=6028"}],"version-history":[{"count":3,"href":"https:\/\/essencialmaquinas.com.br\/blog\/wp-json\/wp\/v2\/posts\/6028\/revisions"}],"predecessor-version":[{"id":6035,"href":"https:\/\/essencialmaquinas.com.br\/blog\/wp-json\/wp\/v2\/posts\/6028\/revisions\/6035"}],"wp:featuredmedia":[{"embeddable":true,"href":"https:\/\/essencialmaquinas.com.br\/blog\/wp-json\/wp\/v2\/media\/6034"}],"wp:attachment":[{"href":"https:\/\/essencialmaquinas.com.br\/blog\/wp-json\/wp\/v2\/media?parent=6028"}],"wp:term":[{"taxonomy":"category","embeddable":true,"href":"https:\/\/essencialmaquinas.com.br\/blog\/wp-json\/wp\/v2\/categories?post=6028"},{"taxonomy":"post_tag","embeddable":true,"href":"https:\/\/essencialmaquinas.com.br\/blog\/wp-json\/wp\/v2\/tags?post=6028"}],"curies":[{"name":"wp","href":"https:\/\/api.w.org\/{rel}","templated":true}]}}