{"id":6036,"date":"2022-06-07T11:01:00","date_gmt":"2022-06-07T14:01:00","guid":{"rendered":"https:\/\/blog.essencialmaquinas.com.br\/?p=6036"},"modified":"2022-06-13T14:43:30","modified_gmt":"2022-06-13T17:43:30","slug":"como-manter-cafe-fresco-por-mais-tempo","status":"publish","type":"post","link":"https:\/\/essencialmaquinas.com.br\/blog\/como-manter-cafe-fresco-por-mais-tempo\/","title":{"rendered":"Como manter seu caf\u00e9 fresco por mais tempo [5 dicas de armazenamento]"},"content":{"rendered":"\n<p>N\u00e3o h\u00e1 nada melhor do que um delicioso caf\u00e9 pela manh\u00e3. No entanto, se armazenado incorretamente, o prazer matinal pode se tornar uma experi\u00eancia que pode arruinar seu dia.<\/p>\n\n\n\n<p>Existem muitos fatores que podem alterar o sabor do caf\u00e9 antes de chegar at\u00e9 o consumidor final. Esteja voc\u00ea usando uma m\u00e1quina de caf\u00e9 expresso, uma prensa francesa ou preparando com um coador de papel, o que d\u00e1 um sabor intenso ao caf\u00e9 s\u00e3o os \u00f3leos contidos nos gr\u00e3os.<\/p>\n\n\n\n<p>Esses \u00f3leos secam ao longo da vida \u00fatil do caf\u00e9, entretanto, h\u00e1 uma s\u00e9rie de fatores que podem acelerar esse processo. Temperatura, umidade e at\u00e9 mesmo os materiais com os quais o caf\u00e9 entra em contato podem gerar efeitos dram\u00e1ticos no sabor da bebida.<\/p>\n\n\n\n<p>Com isso em mente, n\u00f3s da <a href=\"https:\/\/essencialmaquinas.com.br\/\" target=\"_blank\" rel=\"noreferrer noopener\">Essencial M\u00e1quinas de Caf\u00e9<\/a> preparamos este mini guia com algumas diretrizes aprovadas por especialistas para armazenar seu caf\u00e9 com maestria e evitar problemas.<\/p>\n\n\n\n<h2 class=\"wp-block-heading\">Mantenha seu caf\u00e9 em um ambiente fresco<\/h2>\n\n\n\n<p>A temperatura tem um efeito dr\u00e1stico no armazenamento do caf\u00e9. Independentemente de voc\u00ea estar usando gr\u00e3os mo\u00eddos ou inteiros, qualquer coisa acima da temperatura ambiente secar\u00e1 o caf\u00e9 \u2013 e isso leva a menos \u00f3leos e consequentemente menos sabor.<\/p>\n\n\n\n<p>Certifique-se sempre de que seu caf\u00e9 \u00e9 mantido em um ambiente fresco. Essa tarefa pode ser t\u00e3o simples quanto colocar seu estoque em um arm\u00e1rio longe do fog\u00e3o, da sua <a href=\"https:\/\/essencialmaquinas.com.br\/maquinas-de-cafe-expresso\" target=\"_blank\" rel=\"noreferrer noopener\">m\u00e1quina de caf\u00e9<\/a> ou de qualquer \u00e1rea que exale calor.<\/p>\n\n\n\n<p>A luz solar direta tamb\u00e9m pode causar problemas semelhantes ao caf\u00e9 armazenado. Usar um recipiente opaco pode aumentar drasticamente a vida \u00fatil de seus gr\u00e3os.<\/p>\n\n\n\n<h2 class=\"wp-block-heading\">A umidade pode destruir o caf\u00e9<\/h2>\n\n\n\n<p>Quando o caf\u00e9 \u00e9 torrado, grande parte da umidade natural \u00e9 removida do gr\u00e3o. O caf\u00e9 come\u00e7a o processo macio e verde e termina com o marrom seco que associamos \u00e0 bebida. Isso significa que, dessa maneira, ele absorver\u00e1 o que est\u00e1 no ar ao seu redor.<\/p>\n\n\n\n<p>Se o seu caf\u00e9 for armazenado em um ambiente \u00famido, o caf\u00e9 ficar\u00e1 \u00famido e come\u00e7ar\u00e1 a mofar. Se o ambiente for \u00e1rido, o caf\u00e9 perder\u00e1 a umidade muito rapidamente e ficar\u00e1 quebradi\u00e7o.<\/p>\n\n\n\n<p>Manter seu estoque fora de \u00e1reas subterr\u00e2neas \u00famidas e salas secas e ensolaradas pode beneficiar a longevidade do seu caf\u00e9. Como uma linha de defesa adicional, tente mant\u00ea-lo em um recipiente inteiramente selado e s\u00f3 abra quando for utiliz\u00e1-lo em sua <a href=\"https:\/\/essencialmaquinas.com.br\/maquinas-de-cafe-expresso\" target=\"_blank\" rel=\"noreferrer noopener\">m\u00e1quina de caf\u00e9<\/a>.<\/p>\n\n\n\n<h2 class=\"wp-block-heading\">Voc\u00ea deve armazenar caf\u00e9 na geladeira?<\/h2>\n\n\n\n<p>H\u00e1 muitas diverg\u00eancias sobre se manter seu caf\u00e9 na geladeira pode fazer com que ele dure mais. Por\u00e9m, h\u00e1 poucas evid\u00eancias que ap\u00f5em a afirma\u00e7\u00e3o de que armazenar caf\u00e9 em um ambiente frio aumenta sua vida \u00fatil.<\/p>\n\n\n\n<p>No entanto, o caf\u00e9 \u00e9 o que chamamos de desodorizante; isso significa que ele assume sabores de um ambiente. Com a utiliza\u00e7\u00e3o de geladeiras comunit\u00e1rias, \u00e9 dif\u00edcil controlar com o que o caf\u00e9 entraria em contato enquanto alojado l\u00e1.<\/p>\n\n\n\n<p>Ao armazenar seu caf\u00e9 ao lado de alimentos, voc\u00ea pode involuntariamente desfazer todo o trabalho \u00e1rduo de quem torrou os gr\u00e3os para obter um sabor espec\u00edfico.<\/p>\n\n\n\n<h2 class=\"wp-block-heading\">Gr\u00e3os vs. Caf\u00e9 mo\u00eddo<\/h2>\n\n\n\n<p>Dependendo da sua escolha, demanda ou tipo de m\u00e1quina de caf\u00e9 seu caf\u00e9 ser\u00e1 armazenado como gr\u00e3os ou em p\u00f3. Como gr\u00e3os, o caf\u00e9 pode ser armazenado de forma eficaz por mais tempo \u2013 os gr\u00e3os ret\u00eam o \u00f3leo do caf\u00e9 que \u00e9 t\u00e3o importante para dar sabor.<\/p>\n\n\n\n<p>J\u00e1 o caf\u00e9 mo\u00eddo \u00e9 mais rapidamente afetado pelo ambiente e seca muito mais r\u00e1pido, dando uma vida \u00fatil mais curta ao produto. Ao moer seu caf\u00e9 conforme a demanda, voc\u00ea pode manter a maior parte do seu caf\u00e9 armazenado como gr\u00e3os.<\/p>\n\n\n\n<p>Investir em um moedor de caf\u00e9 pode ter um efeito radical em como voc\u00ea armazena o produto.<\/p>\n\n\n\n<h2 class=\"wp-block-heading\">N\u00e3o guarde seu caf\u00e9 por muito tempo<\/h2>\n\n\n\n<p>Essa dica parece simples, e at\u00e9 \u00e9, mas voc\u00ea ficaria surpreso com quantas empresas n\u00e3o se atentam ao per\u00edodo recomendado de consumo para o caf\u00e9. Um caf\u00e9 velho n\u00e3o afetar\u00e1 drasticamente sua sa\u00fade, no entanto, n\u00e3o ser\u00e1 agrad\u00e1vel de beber.<\/p>\n\n\n\n<p>Ao encomendar pequenos lotes e acompanhar as datas de validade, voc\u00ea pode garantir que seu caf\u00e9 ser\u00e1 o delicioso impulso que voc\u00ea precisa.<\/p>\n\n\n\n<h2 class=\"wp-block-heading\">Encontre um fornecedor de qualidade<\/h2>\n\n\n\n<p>Ao contr\u00e1rio de muitos outros suprimentos, a vida \u00fatil relativamente curta do caf\u00e9 pode ser ainda mais encurtada devido ao ambiente em que \u00e9 armazenado \u2013 e o sabor depender\u00e1 de momentos que v\u00e3o da compra at\u00e9 a escolha da m\u00e1quina de caf\u00e9.<\/p>\n\n\n\n<p>Al\u00e9m disso, certifique-se de saber a proced\u00eancia do caf\u00e9 que est\u00e1 comprando. Um fornecedor de baixa qualidade pode inutilizar todos os seus esfor\u00e7os para realizar o armazenamento adequado.<\/p>\n\n\n\n<p>Se voc\u00ea estiver na regi\u00e3o de Porto Alegre, n\u00e3o deixe de <a href=\"https:\/\/essencialmaquinas.com.br\/\" target=\"_blank\" rel=\"noreferrer noopener\">entrar em contato conosco<\/a>!<\/p>\n\n\n\n<p>Trabalhamos com os melhores gr\u00e3os e marcas do mercado. Com essas dicas simples que compartilhamos aqui e com nossos servi\u00e7os, voc\u00ea tirar\u00e1 o m\u00e1ximo proveito do seu caf\u00e9, em termos de custo e sabor.<\/p>\n\n\n\n<div class=\"wp-block-group is-layout-flow wp-block-group-is-layout-flow\">\n<div class=\"wp-block-cover aligncenter has-parallax is-light has-white-color has-text-color has-link-color wp-elements-7bd5d06bb064756df6c127ce23aab4b7\" style=\"min-height:20rem;aspect-ratio:unset;\"><span aria-hidden=\"true\" class=\"wp-block-cover__background has-background-dim-0 has-background-dim\"><\/span><div class=\"wp-block-cover__image-background wp-image-5948 has-parallax\" style=\"background-position:50% 50%;background-image:url(https:\/\/essencialmaquinas.com.br\/blog\/wp-content\/uploads\/2021\/12\/coffee-cup-parallax.jpg)\"><\/div><div class=\"wp-block-cover__inner-container is-layout-flow wp-block-cover-is-layout-flow\">\n<div class=\"wp-block-columns is-layout-flex wp-container-core-columns-is-layout-9d6595d7 wp-block-columns-is-layout-flex\">\n<div class=\"wp-block-column is-layout-flow wp-block-column-is-layout-flow\" style=\"flex-basis:69%\">\n<div class=\"wp-block-buttons is-layout-flex wp-block-buttons-is-layout-flex\">\n<div class=\"wp-block-button has-custom-font-size is-style-outline is-style-outline--1\" style=\"font-size:15px\"><a class=\"wp-block-button__link wp-element-button\" href=\"https:\/\/essencialmaquinas.com.br\/aluguel-de-maquina-de-cafe\" target=\"_blank\" rel=\"noreferrer noopener\"> Aluguel de M\u00e1quina de Caf\u00e9<\/a><\/div>\n\n\n\n<div class=\"wp-block-button has-custom-font-size is-style-outline is-style-outline--2\" style=\"font-size:15px\"><a class=\"wp-block-button__link wp-element-button\" href=\"https:\/\/essencialmaquinas.com.br\/maquina-de-cafe-para-venda\" target=\"_blank\" rel=\"noreferrer noopener\"> M\u00e1quina de Caf\u00e9 para Venda <\/a><\/div>\n\n\n\n<div class=\"wp-block-button has-custom-font-size is-style-outline is-style-outline--3\" style=\"font-size:15px\"><a class=\"wp-block-button__link wp-element-button\" href=\"https:\/\/essencialmaquinas.com.br\/maquina-de-cafe-comodato\" target=\"_blank\" rel=\"noreferrer noopener\">M\u00e1quina de Caf\u00e9 em Comodato<\/a><\/div>\n\n\n\n<div class=\"wp-block-button has-custom-font-size is-style-outline is-style-outline--4\" style=\"font-size:15px\"><a class=\"wp-block-button__link wp-element-button\" href=\"https:\/\/essencialmaquinas.com.br\/maquina-de-cafe-para-evento\" target=\"_blank\" rel=\"noreferrer noopener\">M\u00e1quina de Caf\u00e9 para Evento<\/a><\/div>\n<\/div>\n<\/div>\n\n\n\n<div class=\"wp-block-column is-layout-flow wp-block-column-is-layout-flow\"><\/div>\n<\/div>\n<\/div><\/div>\n\n\n\n<p>Ligue em um dos nossos telefones &#8211; <a href=\"tel:+55-51-35190772\">(51) 3519.0772<\/a> ou <a href=\"tel:+55-51-35190772\">(51) <\/a><a href=\"tel:+55-51-35190776\">3519.0776<\/a>, <a rel=\"noreferrer noopener\" href=\"https:\/\/essencialmaquinas.com.br\/\" target=\"_blank\">visite nosso site<\/a> ou nos chame no <a rel=\"noreferrer noopener\" href=\"https:\/\/api.whatsapp.com\/send?phone=5551997172863\" target=\"_blank\">WhatsApp da Essencial M\u00e1quina de Caf\u00e9<\/a> e fique por dentro de todos os produtos que oferecemos, al\u00e9m das condi\u00e7\u00f5es de contrato e op\u00e7\u00f5es para o seu escrit\u00f3rio.<\/p>\n<\/div>\n","protected":false},"excerpt":{"rendered":"<p>N\u00e3o h\u00e1 nada melhor do que um delicioso caf\u00e9 pela manh\u00e3. No entanto, se armazenado incorretamente, o prazer matinal pode se tornar uma experi\u00eancia que&#8230;<\/p>\n","protected":false},"author":4,"featured_media":6040,"comment_status":"closed","ping_status":"closed","sticky":false,"template":"","format":"standard","meta":{"footnotes":""},"categories":[26,23],"tags":[78,27,77,76,28],"class_list":{"0":"post-6036","1":"post","2":"type-post","3":"status-publish","4":"format-standard","5":"has-post-thumbnail","7":"category-dicas","8":"category-maquinas-de-cafe","9":"tag-armazenamento-de-cafe","10":"tag-cafe","11":"tag-cafe-fresco","12":"tag-dicas","13":"tag-maquina-de-cafe"},"yoast_head":"<!-- This site is optimized with the Yoast SEO plugin v27.5 - https:\/\/yoast.com\/product\/yoast-seo-wordpress\/ -->\n<title>Como manter seu caf\u00e9 fresco por mais tempo [5 dicas de armazenamento]<\/title>\n<meta name=\"description\" content=\"Preparamos este mini guia com algumas diretrizes aprovadas por especialistas para armazenar seu caf\u00e9 com maestria e evitar problemas\" \/>\n<meta name=\"robots\" content=\"index, follow, max-snippet:-1, max-image-preview:large, max-video-preview:-1\" \/>\n<link rel=\"canonical\" href=\"https:\/\/essencialmaquinas.com.br\/blog\/como-manter-cafe-fresco-por-mais-tempo\/\" \/>\n<meta property=\"og:locale\" content=\"pt_BR\" \/>\n<meta property=\"og:type\" content=\"article\" \/>\n<meta property=\"og:title\" content=\"Como manter seu caf\u00e9 fresco por mais tempo [5 dicas de armazenamento]\" \/>\n<meta property=\"og:description\" content=\"Preparamos este mini guia com algumas diretrizes aprovadas por especialistas para armazenar seu caf\u00e9 com maestria e evitar problemas\" \/>\n<meta property=\"og:url\" content=\"https:\/\/essencialmaquinas.com.br\/blog\/como-manter-cafe-fresco-por-mais-tempo\/\" \/>\n<meta property=\"og:site_name\" content=\"Essencial M\u00e1quinas de Caf\u00e9\" \/>\n<meta property=\"article:publisher\" content=\"https:\/\/www.facebook.com\/essencialmaquinas\/\" \/>\n<meta property=\"article:published_time\" content=\"2022-06-07T14:01:00+00:00\" \/>\n<meta property=\"article:modified_time\" content=\"2022-06-13T17:43:30+00:00\" \/>\n<meta property=\"og:image\" content=\"https:\/\/essencialmaquinas.com.br\/blog\/wp-content\/uploads\/2022\/06\/2022.03_cafe-xicara-graos-maquina-cafe-scaled.jpg\" \/>\n\t<meta property=\"og:image:width\" content=\"2560\" \/>\n\t<meta property=\"og:image:height\" content=\"1707\" \/>\n\t<meta property=\"og:image:type\" content=\"image\/jpeg\" \/>\n<meta name=\"author\" content=\"Diogo Negrello\" \/>\n<meta name=\"twitter:card\" content=\"summary_large_image\" \/>\n<meta name=\"twitter:label1\" content=\"Escrito por\" \/>\n\t<meta name=\"twitter:data1\" content=\"Diogo Negrello\" \/>\n\t<meta name=\"twitter:label2\" content=\"Est. tempo de leitura\" \/>\n\t<meta name=\"twitter:data2\" content=\"5 minutos\" \/>\n<script type=\"application\/ld+json\" class=\"yoast-schema-graph\">{\"@context\":\"https:\\\/\\\/schema.org\",\"@graph\":[{\"@type\":\"Article\",\"@id\":\"https:\\\/\\\/essencialmaquinas.com.br\\\/blog\\\/como-manter-cafe-fresco-por-mais-tempo\\\/#article\",\"isPartOf\":{\"@id\":\"https:\\\/\\\/essencialmaquinas.com.br\\\/blog\\\/como-manter-cafe-fresco-por-mais-tempo\\\/\"},\"author\":{\"name\":\"Diogo Negrello\",\"@id\":\"https:\\\/\\\/essencialmaquinas.com.br\\\/#\\\/schema\\\/person\\\/c321763d791f5ab47f06f495e1c03e24\"},\"headline\":\"Como manter seu caf\u00e9 fresco por mais tempo [5 dicas de armazenamento]\",\"datePublished\":\"2022-06-07T14:01:00+00:00\",\"dateModified\":\"2022-06-13T17:43:30+00:00\",\"mainEntityOfPage\":{\"@id\":\"https:\\\/\\\/essencialmaquinas.com.br\\\/blog\\\/como-manter-cafe-fresco-por-mais-tempo\\\/\"},\"wordCount\":869,\"publisher\":{\"@id\":\"https:\\\/\\\/essencialmaquinas.com.br\\\/#organization\"},\"image\":{\"@id\":\"https:\\\/\\\/essencialmaquinas.com.br\\\/blog\\\/como-manter-cafe-fresco-por-mais-tempo\\\/#primaryimage\"},\"thumbnailUrl\":\"https:\\\/\\\/essencialmaquinas.com.br\\\/blog\\\/wp-content\\\/uploads\\\/2022\\\/06\\\/2022.03_cafe-xicara-graos-maquina-cafe-scaled.jpg\",\"keywords\":[\"armazenamento de caf\u00e9\",\"caf\u00e9\",\"caf\u00e9 fresco\",\"dicas\",\"m\u00e1quina de caf\u00e9\"],\"articleSection\":[\"Dicas\",\"M\u00e1quinas de Caf\u00e9\"],\"inLanguage\":\"pt-BR\"},{\"@type\":\"WebPage\",\"@id\":\"https:\\\/\\\/essencialmaquinas.com.br\\\/blog\\\/como-manter-cafe-fresco-por-mais-tempo\\\/\",\"url\":\"https:\\\/\\\/essencialmaquinas.com.br\\\/blog\\\/como-manter-cafe-fresco-por-mais-tempo\\\/\",\"name\":\"Como manter seu caf\u00e9 fresco por mais tempo [5 dicas de armazenamento]\",\"isPartOf\":{\"@id\":\"https:\\\/\\\/essencialmaquinas.com.br\\\/#website\"},\"primaryImageOfPage\":{\"@id\":\"https:\\\/\\\/essencialmaquinas.com.br\\\/blog\\\/como-manter-cafe-fresco-por-mais-tempo\\\/#primaryimage\"},\"image\":{\"@id\":\"https:\\\/\\\/essencialmaquinas.com.br\\\/blog\\\/como-manter-cafe-fresco-por-mais-tempo\\\/#primaryimage\"},\"thumbnailUrl\":\"https:\\\/\\\/essencialmaquinas.com.br\\\/blog\\\/wp-content\\\/uploads\\\/2022\\\/06\\\/2022.03_cafe-xicara-graos-maquina-cafe-scaled.jpg\",\"datePublished\":\"2022-06-07T14:01:00+00:00\",\"dateModified\":\"2022-06-13T17:43:30+00:00\",\"description\":\"Preparamos este mini guia com algumas diretrizes aprovadas por especialistas para armazenar seu caf\u00e9 com maestria e evitar problemas\",\"breadcrumb\":{\"@id\":\"https:\\\/\\\/essencialmaquinas.com.br\\\/blog\\\/como-manter-cafe-fresco-por-mais-tempo\\\/#breadcrumb\"},\"inLanguage\":\"pt-BR\",\"potentialAction\":[{\"@type\":\"ReadAction\",\"target\":[\"https:\\\/\\\/essencialmaquinas.com.br\\\/blog\\\/como-manter-cafe-fresco-por-mais-tempo\\\/\"]}]},{\"@type\":\"ImageObject\",\"inLanguage\":\"pt-BR\",\"@id\":\"https:\\\/\\\/essencialmaquinas.com.br\\\/blog\\\/como-manter-cafe-fresco-por-mais-tempo\\\/#primaryimage\",\"url\":\"https:\\\/\\\/essencialmaquinas.com.br\\\/blog\\\/wp-content\\\/uploads\\\/2022\\\/06\\\/2022.03_cafe-xicara-graos-maquina-cafe-scaled.jpg\",\"contentUrl\":\"https:\\\/\\\/essencialmaquinas.com.br\\\/blog\\\/wp-content\\\/uploads\\\/2022\\\/06\\\/2022.03_cafe-xicara-graos-maquina-cafe-scaled.jpg\",\"width\":2560,\"height\":1707,\"caption\":\"Gr\u00e3os de caf\u00e9\"},{\"@type\":\"BreadcrumbList\",\"@id\":\"https:\\\/\\\/essencialmaquinas.com.br\\\/blog\\\/como-manter-cafe-fresco-por-mais-tempo\\\/#breadcrumb\",\"itemListElement\":[{\"@type\":\"ListItem\",\"position\":1,\"name\":\"In\u00edcio\",\"item\":\"https:\\\/\\\/essencialmaquinas.com.br\\\/blog\\\/\"},{\"@type\":\"ListItem\",\"position\":2,\"name\":\"Dicas\",\"item\":\"https:\\\/\\\/essencialmaquinas.com.br\\\/blog\\\/category\\\/dicas\\\/\"},{\"@type\":\"ListItem\",\"position\":3,\"name\":\"Como manter seu caf\u00e9 fresco por mais tempo [5 dicas de armazenamento]\"}]},{\"@type\":\"WebSite\",\"@id\":\"https:\\\/\\\/essencialmaquinas.com.br\\\/#website\",\"url\":\"https:\\\/\\\/essencialmaquinas.com.br\\\/\",\"name\":\"Essencial M\u00e1quinas de Caf\u00e9\",\"description\":\"Novidades e curiosidades sobre as m\u00e1quinas de caf\u00e9 e insumos\",\"publisher\":{\"@id\":\"https:\\\/\\\/essencialmaquinas.com.br\\\/#organization\"},\"potentialAction\":[{\"@type\":\"SearchAction\",\"target\":{\"@type\":\"EntryPoint\",\"urlTemplate\":\"https:\\\/\\\/essencialmaquinas.com.br\\\/?s={search_term_string}\"},\"query-input\":{\"@type\":\"PropertyValueSpecification\",\"valueRequired\":true,\"valueName\":\"search_term_string\"}}],\"inLanguage\":\"pt-BR\"},{\"@type\":\"Organization\",\"@id\":\"https:\\\/\\\/essencialmaquinas.com.br\\\/#organization\",\"name\":\"Essencial M\u00e1quinas de Caf\u00e9\",\"url\":\"https:\\\/\\\/essencialmaquinas.com.br\\\/\",\"logo\":{\"@type\":\"ImageObject\",\"inLanguage\":\"pt-BR\",\"@id\":\"https:\\\/\\\/essencialmaquinas.com.br\\\/#\\\/schema\\\/logo\\\/image\\\/\",\"url\":\"https:\\\/\\\/essencialmaquinas.com.br\\\/blog\\\/wp-content\\\/uploads\\\/2021\\\/12\\\/essencial-maquinas-logo.png\",\"contentUrl\":\"https:\\\/\\\/essencialmaquinas.com.br\\\/blog\\\/wp-content\\\/uploads\\\/2021\\\/12\\\/essencial-maquinas-logo.png\",\"width\":250,\"height\":67,\"caption\":\"Essencial M\u00e1quinas de Caf\u00e9\"},\"image\":{\"@id\":\"https:\\\/\\\/essencialmaquinas.com.br\\\/#\\\/schema\\\/logo\\\/image\\\/\"},\"sameAs\":[\"https:\\\/\\\/www.facebook.com\\\/essencialmaquinas\\\/\",\"https:\\\/\\\/www.instagram.com\\\/essencial_maquinas\\\/\",\"https:\\\/\\\/www.youtube.com\\\/channel\\\/UCRV9nmg2xPS4gy_Lil7BWVQ\"]},{\"@type\":\"Person\",\"@id\":\"https:\\\/\\\/essencialmaquinas.com.br\\\/#\\\/schema\\\/person\\\/c321763d791f5ab47f06f495e1c03e24\",\"name\":\"Diogo Negrello\",\"image\":{\"@type\":\"ImageObject\",\"inLanguage\":\"pt-BR\",\"@id\":\"https:\\\/\\\/essencialmaquinas.com.br\\\/blog\\\/wp-content\\\/uploads\\\/2025\\\/10\\\/cropped-diogo-negrello-96x96.webp\",\"url\":\"https:\\\/\\\/essencialmaquinas.com.br\\\/blog\\\/wp-content\\\/uploads\\\/2025\\\/10\\\/cropped-diogo-negrello-96x96.webp\",\"contentUrl\":\"https:\\\/\\\/essencialmaquinas.com.br\\\/blog\\\/wp-content\\\/uploads\\\/2025\\\/10\\\/cropped-diogo-negrello-96x96.webp\",\"caption\":\"Diogo Negrello\"},\"description\":\"Diogo Artur Negrello \u00e9 CEO da Essencial M\u00e1quinas de Caf\u00e9, sediada em Porto Alegre (RS). Formado pela PUC-RS, Diogo lidera a empresa desde sua funda\u00e7\u00e3o em 2015, atuando no mercado de loca\u00e7\u00e3o, venda e manuten\u00e7\u00e3o de m\u00e1quinas autom\u00e1ticas de caf\u00e9 para ambientes corporativos e eventos. Com foco em excel\u00eancia, inova\u00e7\u00e3o e experi\u00eancia de consumo, acredita que \u201cuma boa x\u00edcara de caf\u00e9 pode ser o come\u00e7o de grandes ideias\u201d. Fora do expediente, \u00e9 casado, torcedor do SC Internacional e est\u00e1 sempre aprendendo. Siga-o no Instagram @diogonegrello para acompanhar sua vis\u00e3o e a trajet\u00f3ria da Essencial M\u00e1quinas de Caf\u00e9.\",\"sameAs\":[\"https:\\\/\\\/essencialmaquinas.com.br\\\/\",\"https:\\\/\\\/www.instagram.com\\\/diogonegrello\\\/\"],\"url\":\"https:\\\/\\\/essencialmaquinas.com.br\\\/blog\\\/author\\\/negrello_diogo_redator\\\/\"}]}<\/script>\n<!-- \/ Yoast SEO plugin. -->","yoast_head_json":{"title":"Como manter seu caf\u00e9 fresco por mais tempo [5 dicas de armazenamento]","description":"Preparamos este mini guia com algumas diretrizes aprovadas por especialistas para armazenar seu caf\u00e9 com maestria e evitar problemas","robots":{"index":"index","follow":"follow","max-snippet":"max-snippet:-1","max-image-preview":"max-image-preview:large","max-video-preview":"max-video-preview:-1"},"canonical":"https:\/\/essencialmaquinas.com.br\/blog\/como-manter-cafe-fresco-por-mais-tempo\/","og_locale":"pt_BR","og_type":"article","og_title":"Como manter seu caf\u00e9 fresco por mais tempo [5 dicas de armazenamento]","og_description":"Preparamos este mini guia com algumas diretrizes aprovadas por especialistas para armazenar seu caf\u00e9 com maestria e evitar problemas","og_url":"https:\/\/essencialmaquinas.com.br\/blog\/como-manter-cafe-fresco-por-mais-tempo\/","og_site_name":"Essencial M\u00e1quinas de Caf\u00e9","article_publisher":"https:\/\/www.facebook.com\/essencialmaquinas\/","article_published_time":"2022-06-07T14:01:00+00:00","article_modified_time":"2022-06-13T17:43:30+00:00","og_image":[{"width":2560,"height":1707,"url":"https:\/\/essencialmaquinas.com.br\/blog\/wp-content\/uploads\/2022\/06\/2022.03_cafe-xicara-graos-maquina-cafe-scaled.jpg","type":"image\/jpeg"}],"author":"Diogo Negrello","twitter_card":"summary_large_image","twitter_misc":{"Escrito por":"Diogo Negrello","Est. tempo de leitura":"5 minutos"},"schema":{"@context":"https:\/\/schema.org","@graph":[{"@type":"Article","@id":"https:\/\/essencialmaquinas.com.br\/blog\/como-manter-cafe-fresco-por-mais-tempo\/#article","isPartOf":{"@id":"https:\/\/essencialmaquinas.com.br\/blog\/como-manter-cafe-fresco-por-mais-tempo\/"},"author":{"name":"Diogo Negrello","@id":"https:\/\/essencialmaquinas.com.br\/#\/schema\/person\/c321763d791f5ab47f06f495e1c03e24"},"headline":"Como manter seu caf\u00e9 fresco por mais tempo [5 dicas de armazenamento]","datePublished":"2022-06-07T14:01:00+00:00","dateModified":"2022-06-13T17:43:30+00:00","mainEntityOfPage":{"@id":"https:\/\/essencialmaquinas.com.br\/blog\/como-manter-cafe-fresco-por-mais-tempo\/"},"wordCount":869,"publisher":{"@id":"https:\/\/essencialmaquinas.com.br\/#organization"},"image":{"@id":"https:\/\/essencialmaquinas.com.br\/blog\/como-manter-cafe-fresco-por-mais-tempo\/#primaryimage"},"thumbnailUrl":"https:\/\/essencialmaquinas.com.br\/blog\/wp-content\/uploads\/2022\/06\/2022.03_cafe-xicara-graos-maquina-cafe-scaled.jpg","keywords":["armazenamento de caf\u00e9","caf\u00e9","caf\u00e9 fresco","dicas","m\u00e1quina de caf\u00e9"],"articleSection":["Dicas","M\u00e1quinas de Caf\u00e9"],"inLanguage":"pt-BR"},{"@type":"WebPage","@id":"https:\/\/essencialmaquinas.com.br\/blog\/como-manter-cafe-fresco-por-mais-tempo\/","url":"https:\/\/essencialmaquinas.com.br\/blog\/como-manter-cafe-fresco-por-mais-tempo\/","name":"Como manter seu caf\u00e9 fresco por mais tempo [5 dicas de armazenamento]","isPartOf":{"@id":"https:\/\/essencialmaquinas.com.br\/#website"},"primaryImageOfPage":{"@id":"https:\/\/essencialmaquinas.com.br\/blog\/como-manter-cafe-fresco-por-mais-tempo\/#primaryimage"},"image":{"@id":"https:\/\/essencialmaquinas.com.br\/blog\/como-manter-cafe-fresco-por-mais-tempo\/#primaryimage"},"thumbnailUrl":"https:\/\/essencialmaquinas.com.br\/blog\/wp-content\/uploads\/2022\/06\/2022.03_cafe-xicara-graos-maquina-cafe-scaled.jpg","datePublished":"2022-06-07T14:01:00+00:00","dateModified":"2022-06-13T17:43:30+00:00","description":"Preparamos este mini guia com algumas diretrizes aprovadas por especialistas para armazenar seu caf\u00e9 com maestria e evitar problemas","breadcrumb":{"@id":"https:\/\/essencialmaquinas.com.br\/blog\/como-manter-cafe-fresco-por-mais-tempo\/#breadcrumb"},"inLanguage":"pt-BR","potentialAction":[{"@type":"ReadAction","target":["https:\/\/essencialmaquinas.com.br\/blog\/como-manter-cafe-fresco-por-mais-tempo\/"]}]},{"@type":"ImageObject","inLanguage":"pt-BR","@id":"https:\/\/essencialmaquinas.com.br\/blog\/como-manter-cafe-fresco-por-mais-tempo\/#primaryimage","url":"https:\/\/essencialmaquinas.com.br\/blog\/wp-content\/uploads\/2022\/06\/2022.03_cafe-xicara-graos-maquina-cafe-scaled.jpg","contentUrl":"https:\/\/essencialmaquinas.com.br\/blog\/wp-content\/uploads\/2022\/06\/2022.03_cafe-xicara-graos-maquina-cafe-scaled.jpg","width":2560,"height":1707,"caption":"Gr\u00e3os de caf\u00e9"},{"@type":"BreadcrumbList","@id":"https:\/\/essencialmaquinas.com.br\/blog\/como-manter-cafe-fresco-por-mais-tempo\/#breadcrumb","itemListElement":[{"@type":"ListItem","position":1,"name":"In\u00edcio","item":"https:\/\/essencialmaquinas.com.br\/blog\/"},{"@type":"ListItem","position":2,"name":"Dicas","item":"https:\/\/essencialmaquinas.com.br\/blog\/category\/dicas\/"},{"@type":"ListItem","position":3,"name":"Como manter seu caf\u00e9 fresco por mais tempo [5 dicas de armazenamento]"}]},{"@type":"WebSite","@id":"https:\/\/essencialmaquinas.com.br\/#website","url":"https:\/\/essencialmaquinas.com.br\/","name":"Essencial M\u00e1quinas de Caf\u00e9","description":"Novidades e curiosidades sobre as m\u00e1quinas de caf\u00e9 e insumos","publisher":{"@id":"https:\/\/essencialmaquinas.com.br\/#organization"},"potentialAction":[{"@type":"SearchAction","target":{"@type":"EntryPoint","urlTemplate":"https:\/\/essencialmaquinas.com.br\/?s={search_term_string}"},"query-input":{"@type":"PropertyValueSpecification","valueRequired":true,"valueName":"search_term_string"}}],"inLanguage":"pt-BR"},{"@type":"Organization","@id":"https:\/\/essencialmaquinas.com.br\/#organization","name":"Essencial M\u00e1quinas de Caf\u00e9","url":"https:\/\/essencialmaquinas.com.br\/","logo":{"@type":"ImageObject","inLanguage":"pt-BR","@id":"https:\/\/essencialmaquinas.com.br\/#\/schema\/logo\/image\/","url":"https:\/\/essencialmaquinas.com.br\/blog\/wp-content\/uploads\/2021\/12\/essencial-maquinas-logo.png","contentUrl":"https:\/\/essencialmaquinas.com.br\/blog\/wp-content\/uploads\/2021\/12\/essencial-maquinas-logo.png","width":250,"height":67,"caption":"Essencial M\u00e1quinas de Caf\u00e9"},"image":{"@id":"https:\/\/essencialmaquinas.com.br\/#\/schema\/logo\/image\/"},"sameAs":["https:\/\/www.facebook.com\/essencialmaquinas\/","https:\/\/www.instagram.com\/essencial_maquinas\/","https:\/\/www.youtube.com\/channel\/UCRV9nmg2xPS4gy_Lil7BWVQ"]},{"@type":"Person","@id":"https:\/\/essencialmaquinas.com.br\/#\/schema\/person\/c321763d791f5ab47f06f495e1c03e24","name":"Diogo Negrello","image":{"@type":"ImageObject","inLanguage":"pt-BR","@id":"https:\/\/essencialmaquinas.com.br\/blog\/wp-content\/uploads\/2025\/10\/cropped-diogo-negrello-96x96.webp","url":"https:\/\/essencialmaquinas.com.br\/blog\/wp-content\/uploads\/2025\/10\/cropped-diogo-negrello-96x96.webp","contentUrl":"https:\/\/essencialmaquinas.com.br\/blog\/wp-content\/uploads\/2025\/10\/cropped-diogo-negrello-96x96.webp","caption":"Diogo Negrello"},"description":"Diogo Artur Negrello \u00e9 CEO da Essencial M\u00e1quinas de Caf\u00e9, sediada em Porto Alegre (RS). Formado pela PUC-RS, Diogo lidera a empresa desde sua funda\u00e7\u00e3o em 2015, atuando no mercado de loca\u00e7\u00e3o, venda e manuten\u00e7\u00e3o de m\u00e1quinas autom\u00e1ticas de caf\u00e9 para ambientes corporativos e eventos. Com foco em excel\u00eancia, inova\u00e7\u00e3o e experi\u00eancia de consumo, acredita que \u201cuma boa x\u00edcara de caf\u00e9 pode ser o come\u00e7o de grandes ideias\u201d. Fora do expediente, \u00e9 casado, torcedor do SC Internacional e est\u00e1 sempre aprendendo. Siga-o no Instagram @diogonegrello para acompanhar sua vis\u00e3o e a trajet\u00f3ria da Essencial M\u00e1quinas de Caf\u00e9.","sameAs":["https:\/\/essencialmaquinas.com.br\/","https:\/\/www.instagram.com\/diogonegrello\/"],"url":"https:\/\/essencialmaquinas.com.br\/blog\/author\/negrello_diogo_redator\/"}]}},"_links":{"self":[{"href":"https:\/\/essencialmaquinas.com.br\/blog\/wp-json\/wp\/v2\/posts\/6036","targetHints":{"allow":["GET"]}}],"collection":[{"href":"https:\/\/essencialmaquinas.com.br\/blog\/wp-json\/wp\/v2\/posts"}],"about":[{"href":"https:\/\/essencialmaquinas.com.br\/blog\/wp-json\/wp\/v2\/types\/post"}],"author":[{"embeddable":true,"href":"https:\/\/essencialmaquinas.com.br\/blog\/wp-json\/wp\/v2\/users\/4"}],"replies":[{"embeddable":true,"href":"https:\/\/essencialmaquinas.com.br\/blog\/wp-json\/wp\/v2\/comments?post=6036"}],"version-history":[{"count":2,"href":"https:\/\/essencialmaquinas.com.br\/blog\/wp-json\/wp\/v2\/posts\/6036\/revisions"}],"predecessor-version":[{"id":6039,"href":"https:\/\/essencialmaquinas.com.br\/blog\/wp-json\/wp\/v2\/posts\/6036\/revisions\/6039"}],"wp:featuredmedia":[{"embeddable":true,"href":"https:\/\/essencialmaquinas.com.br\/blog\/wp-json\/wp\/v2\/media\/6040"}],"wp:attachment":[{"href":"https:\/\/essencialmaquinas.com.br\/blog\/wp-json\/wp\/v2\/media?parent=6036"}],"wp:term":[{"taxonomy":"category","embeddable":true,"href":"https:\/\/essencialmaquinas.com.br\/blog\/wp-json\/wp\/v2\/categories?post=6036"},{"taxonomy":"post_tag","embeddable":true,"href":"https:\/\/essencialmaquinas.com.br\/blog\/wp-json\/wp\/v2\/tags?post=6036"}],"curies":[{"name":"wp","href":"https:\/\/api.w.org\/{rel}","templated":true}]}}