{"id":6044,"date":"2022-07-22T09:33:07","date_gmt":"2022-07-22T12:33:07","guid":{"rendered":"https:\/\/blog.essencialmaquinas.com.br\/?p=6044"},"modified":"2024-08-19T10:58:38","modified_gmt":"2024-08-19T13:58:38","slug":"como-escolher-a-sua-maquina-de-cafe-em-capsulas","status":"publish","type":"post","link":"https:\/\/essencialmaquinas.com.br\/blog\/como-escolher-a-sua-maquina-de-cafe-em-capsulas\/","title":{"rendered":"Como escolher a sua m\u00e1quina de caf\u00e9 em c\u00e1psulas?"},"content":{"rendered":"\n<p>Quando se tem, na mesma frase, as palavras \u201ccaf\u00e9\u201d e \u201cpraticidade\u201d, certamente as c\u00e1psulas s\u00e3o as primeiras que vem na cabe\u00e7a de muito consumidor.<\/p>\n\n\n\n<p>Sua facilidade \u00e9 o que chama muito a aten\u00e7\u00e3o de diversas pessoas, aumentando cada vez mais a fama deste tipo de produto.<\/p>\n\n\n\n<p>Por\u00e9m, para utilizar as c\u00e1psulas, \u00e9 necess\u00e1rio que se tenha uma m\u00e1quina de caf\u00e9 em c\u00e1psulas. E para te ajudar a escolher uma boa m\u00e1quina de caf\u00e9, n\u00f3s preparamos este texto, mostrando o que se deve levar em considera\u00e7\u00e3o na hora de escolher sua m\u00e1quina.<\/p>\n\n\n\n<h2 class=\"wp-block-heading\"><a><\/a>Ponto 1: marca de qualidade<\/h2>\n\n\n\n<p>A marca \u00e9, sem d\u00favidas, um dos principais pontos na hora de escolher qual m\u00e1quina comprar.<\/p>\n\n\n\n<p>Isso porque, como todo produto, muitas vezes as marcas mais conhecidas trazem consigo a responsabilidade de ter uma boa qualidade, dado o seu destaque no mercado.<\/p>\n\n\n\n<p>Al\u00e9m disso, quando se tem uma m\u00e1quina de caf\u00e9 de uma marca mais conhecida, fica muito mais f\u00e1cil realizar manuten\u00e7\u00e3o (quando necess\u00e1rio) e encontrar profissionais capacitados para auxiliar no uso da m\u00e1quina, enquanto que para m\u00e1quinas de marcas menos conhecidas, a dificuldade para este tipo de servi\u00e7o \u00e9 maior.<\/p>\n\n\n\n<p>Por fim, muito provavelmente o caf\u00e9 feito em uma m\u00e1quina de uma marca de qualidade possui um sabor superior aos caf\u00e9s feitos em m\u00e1quinas de marcas \u201cneutras\u201d, novamente por conta do reconhecimento dessas marcas no mercado.<\/p>\n\n\n\n<p>Um exemplo de uma marca de m\u00e1quina de caf\u00e9 que n\u00f3s aqui da <a href=\"https:\/\/essencialmaquinas.com.br\/\" target=\"_blank\" rel=\"noreferrer noopener\">Essencial M\u00e1quinas de Caf\u00e9<\/a> recomendamos \u00e9 a M\u00e1quinas de Capsulas 3 Cora\u00e7\u00f5es, que \u00e9 uma marca j\u00e1 conhecida e renomada no mercado (principalmente no mercado de caf\u00e9) e que consegue fazer excelentes caf\u00e9s.<\/p>\n\n\n\n<h2 class=\"wp-block-heading\"><a><\/a>Ponto 2: custo-benef\u00edcio<\/h2>\n\n\n\n<p>O pre\u00e7o das m\u00e1quinas de caf\u00e9 em c\u00e1psula, no mercado, \u00e9 algo bastante vari\u00e1vel, visto que \u00e9 poss\u00edvel encontrar m\u00e1quinas indo de R$ 400 at\u00e9 R$ 1000 (ou mais), dependendo do modelo.<\/p>\n\n\n\n<p>Por\u00e9m, muitas m\u00e1quinas s\u00e3o mais caras simplesmente por serem de determinadas marcas ou por aparentarem possuir mais recursos, sendo que na pr\u00e1tica a diferen\u00e7a \u00e9 muito pequena.<\/p>\n\n\n\n<p>Se seu objetivo for simples, de ter uma m\u00e1quina apenas para colocar a c\u00e1psula e ter seu delicioso caf\u00e9, opte ent\u00e3o por m\u00e1quinas que tenham este como seu principal foco. As M\u00e1quinas de Capsulas 3 Cora\u00e7\u00f5es s\u00e3o um exemplo de m\u00e1quinas focadas apenas em caf\u00e9 em c\u00e1psula.<\/p>\n\n\n\n<figure class=\"wp-block-image size-large\"><img decoding=\"async\" width=\"1024\" height=\"576\" src=\"https:\/\/essencialmaquinas.com.br\/blog\/wp-content\/uploads\/2022\/07\/tres-coracoes-serv-1024x576.jpg\" alt=\"\" class=\"wp-image-6045\" srcset=\"https:\/\/essencialmaquinas.com.br\/blog\/wp-content\/uploads\/2022\/07\/tres-coracoes-serv-1024x576.jpg 1024w, https:\/\/essencialmaquinas.com.br\/blog\/wp-content\/uploads\/2022\/07\/tres-coracoes-serv-300x169.jpg 300w, https:\/\/essencialmaquinas.com.br\/blog\/wp-content\/uploads\/2022\/07\/tres-coracoes-serv-768x432.jpg 768w, https:\/\/essencialmaquinas.com.br\/blog\/wp-content\/uploads\/2022\/07\/tres-coracoes-serv.jpg 1280w\" sizes=\"(max-width: 1024px) 100vw, 1024px\" \/><figcaption class=\"wp-element-caption\">M\u00e1quina de caf\u00e9 Tr\u00eas Cora\u00e7\u00f5es SERV<\/figcaption><\/figure>\n\n\n\n<figure class=\"wp-block-image size-large\"><img decoding=\"async\" width=\"1024\" height=\"768\" src=\"https:\/\/essencialmaquinas.com.br\/blog\/wp-content\/uploads\/2022\/07\/tres-coracoes-modo-1024x768.jpg\" alt=\"\" class=\"wp-image-6046\" srcset=\"https:\/\/essencialmaquinas.com.br\/blog\/wp-content\/uploads\/2022\/07\/tres-coracoes-modo-1024x768.jpg 1024w, https:\/\/essencialmaquinas.com.br\/blog\/wp-content\/uploads\/2022\/07\/tres-coracoes-modo-300x225.jpg 300w, https:\/\/essencialmaquinas.com.br\/blog\/wp-content\/uploads\/2022\/07\/tres-coracoes-modo-768x576.jpg 768w, https:\/\/essencialmaquinas.com.br\/blog\/wp-content\/uploads\/2022\/07\/tres-coracoes-modo.jpg 1200w\" sizes=\"(max-width: 1024px) 100vw, 1024px\" \/><figcaption class=\"wp-element-caption\">M\u00e1quina de caf\u00e9 Tr\u00eas Cora\u00e7\u00f5es MODO<\/figcaption><\/figure>\n\n\n\n<h2 class=\"wp-block-heading\"><a><\/a>Ponto 3 &#8211; local e usabilidade<\/h2>\n\n\n\n<p>De nada adianta comprar uma m\u00e1quina cheia de recursos, com uma manuten\u00e7\u00e3o mais cara e que faz 2, 3 copos de caf\u00e9 de forma simult\u00e2nea, se voc\u00ea \u00e9 algu\u00e9m que mora sozinho, por exemplo.<\/p>\n\n\n\n<p>Entender qual local ser\u00e1 utilizada a m\u00e1quina e suas necessidades de uso \u00e9 outro ponto para se levar em conta na hora de saber qual m\u00e1quina de caf\u00e9 escolher.<\/p>\n\n\n\n<h2 class=\"wp-block-heading\"><a><\/a>Possui d\u00favidas na escolha? N\u00f3s podemos te ajudar<\/h2>\n\n\n\n<p>N\u00f3s, aqui da <a href=\"https:\/\/essencialmaquinas.com.br\/\" target=\"_blank\" rel=\"noreferrer noopener\">Essencial M\u00e1quinas de Caf\u00e9<\/a>, possu\u00edmos uma vasta experi\u00eancia no mercado de m\u00e1quinas de caf\u00e9 e poderemos te auxiliar na escolha de uma boa m\u00e1quina de caf\u00e9 em c\u00e1psulas.<\/p>\n\n\n\n<p>Para isso, basta entrar em contato conosco atrav\u00e9s dos n\u00fameros (51) 3519.0772 ou (51) 3519.0776, ou ent\u00e3o <a href=\"https:\/\/api.whatsapp.com\/send?phone=5551997172863\">nos chamar no WhatsApp<\/a>.<\/p>\n","protected":false},"excerpt":{"rendered":"<p>Quando se tem, na mesma frase, as palavras \u201ccaf\u00e9\u201d e \u201cpraticidade\u201d, certamente as c\u00e1psulas s\u00e3o as primeiras que vem na cabe\u00e7a de muito consumidor. Sua&#8230;<\/p>\n","protected":false},"author":4,"featured_media":6047,"comment_status":"closed","ping_status":"closed","sticky":false,"template":"","format":"standard","meta":{"footnotes":""},"categories":[23],"tags":[80,79,85,28,81,82,84,83],"class_list":{"0":"post-6044","1":"post","2":"type-post","3":"status-publish","4":"format-standard","5":"has-post-thumbnail","7":"category-maquinas-de-cafe","8":"tag-capsula-de-cafe","9":"tag-capsulas","10":"tag-capsulas-para-maquina-de-cafe","11":"tag-maquina-de-cafe","12":"tag-praticidade","13":"tag-tres-coracoes","14":"tag-tres-coracoes-modo","15":"tag-tres-coracoes-serv"},"yoast_head":"<!-- This site is optimized with the Yoast SEO plugin v27.5 - https:\/\/yoast.com\/product\/yoast-seo-wordpress\/ -->\n<title>Como escolher a sua m\u00e1quina de caf\u00e9 em c\u00e1psulas?<\/title>\n<meta name=\"description\" content=\"Descubra como escolher a m\u00e1quina de caf\u00e9 em c\u00e1psulas ideal para o seu espa\u00e7o. Veja dicas e crit\u00e9rios importantes para garantir a melhor experi\u00eancia de sabor e praticidade.\" \/>\n<meta name=\"robots\" content=\"index, follow, max-snippet:-1, max-image-preview:large, max-video-preview:-1\" \/>\n<link rel=\"canonical\" href=\"https:\/\/essencialmaquinas.com.br\/blog\/como-escolher-a-sua-maquina-de-cafe-em-capsulas\/\" \/>\n<meta property=\"og:locale\" content=\"pt_BR\" \/>\n<meta property=\"og:type\" content=\"article\" \/>\n<meta property=\"og:title\" content=\"Como escolher a sua m\u00e1quina de caf\u00e9 em c\u00e1psulas?\" \/>\n<meta property=\"og:description\" content=\"Descubra como escolher a m\u00e1quina de caf\u00e9 em c\u00e1psulas ideal para o seu espa\u00e7o. Veja dicas e crit\u00e9rios importantes para garantir a melhor experi\u00eancia de sabor e praticidade.\" \/>\n<meta property=\"og:url\" content=\"https:\/\/essencialmaquinas.com.br\/blog\/como-escolher-a-sua-maquina-de-cafe-em-capsulas\/\" \/>\n<meta property=\"og:site_name\" content=\"Essencial M\u00e1quinas de Caf\u00e9\" \/>\n<meta property=\"article:publisher\" content=\"https:\/\/www.facebook.com\/essencialmaquinas\/\" \/>\n<meta property=\"article:published_time\" content=\"2022-07-22T12:33:07+00:00\" \/>\n<meta property=\"article:modified_time\" content=\"2024-08-19T13:58:38+00:00\" \/>\n<meta property=\"og:image\" content=\"https:\/\/essencialmaquinas.com.br\/blog\/wp-content\/uploads\/2022\/07\/capsulas-de-cafe.jpg\" \/>\n\t<meta property=\"og:image:width\" content=\"1920\" \/>\n\t<meta property=\"og:image:height\" content=\"1280\" \/>\n\t<meta property=\"og:image:type\" content=\"image\/jpeg\" \/>\n<meta name=\"author\" content=\"Diogo Negrello\" \/>\n<meta name=\"twitter:card\" content=\"summary_large_image\" \/>\n<meta name=\"twitter:label1\" content=\"Escrito por\" \/>\n\t<meta name=\"twitter:data1\" content=\"Diogo Negrello\" \/>\n\t<meta name=\"twitter:label2\" content=\"Est. tempo de leitura\" \/>\n\t<meta name=\"twitter:data2\" content=\"3 minutos\" \/>\n<script type=\"application\/ld+json\" class=\"yoast-schema-graph\">{\"@context\":\"https:\\\/\\\/schema.org\",\"@graph\":[{\"@type\":\"Article\",\"@id\":\"https:\\\/\\\/essencialmaquinas.com.br\\\/blog\\\/como-escolher-a-sua-maquina-de-cafe-em-capsulas\\\/#article\",\"isPartOf\":{\"@id\":\"https:\\\/\\\/essencialmaquinas.com.br\\\/blog\\\/como-escolher-a-sua-maquina-de-cafe-em-capsulas\\\/\"},\"author\":{\"name\":\"Diogo Negrello\",\"@id\":\"https:\\\/\\\/essencialmaquinas.com.br\\\/#\\\/schema\\\/person\\\/c321763d791f5ab47f06f495e1c03e24\"},\"headline\":\"Como escolher a sua m\u00e1quina de caf\u00e9 em c\u00e1psulas?\",\"datePublished\":\"2022-07-22T12:33:07+00:00\",\"dateModified\":\"2024-08-19T13:58:38+00:00\",\"mainEntityOfPage\":{\"@id\":\"https:\\\/\\\/essencialmaquinas.com.br\\\/blog\\\/como-escolher-a-sua-maquina-de-cafe-em-capsulas\\\/\"},\"wordCount\":583,\"publisher\":{\"@id\":\"https:\\\/\\\/essencialmaquinas.com.br\\\/#organization\"},\"image\":{\"@id\":\"https:\\\/\\\/essencialmaquinas.com.br\\\/blog\\\/como-escolher-a-sua-maquina-de-cafe-em-capsulas\\\/#primaryimage\"},\"thumbnailUrl\":\"https:\\\/\\\/essencialmaquinas.com.br\\\/blog\\\/wp-content\\\/uploads\\\/2022\\\/07\\\/capsulas-de-cafe.jpg\",\"keywords\":[\"c\u00e1psula de caf\u00e9\",\"c\u00e1psulas\",\"c\u00e1psulas para m\u00e1quina de caf\u00e9\",\"m\u00e1quina de caf\u00e9\",\"praticidade\",\"tr\u00eas cora\u00e7\u00f5es\",\"tr\u00eas cora\u00e7\u00f5es MODO\",\"tr\u00eas cora\u00e7\u00f5es SERV\"],\"articleSection\":[\"M\u00e1quinas de Caf\u00e9\"],\"inLanguage\":\"pt-BR\"},{\"@type\":\"WebPage\",\"@id\":\"https:\\\/\\\/essencialmaquinas.com.br\\\/blog\\\/como-escolher-a-sua-maquina-de-cafe-em-capsulas\\\/\",\"url\":\"https:\\\/\\\/essencialmaquinas.com.br\\\/blog\\\/como-escolher-a-sua-maquina-de-cafe-em-capsulas\\\/\",\"name\":\"Como escolher a sua m\u00e1quina de caf\u00e9 em c\u00e1psulas?\",\"isPartOf\":{\"@id\":\"https:\\\/\\\/essencialmaquinas.com.br\\\/#website\"},\"primaryImageOfPage\":{\"@id\":\"https:\\\/\\\/essencialmaquinas.com.br\\\/blog\\\/como-escolher-a-sua-maquina-de-cafe-em-capsulas\\\/#primaryimage\"},\"image\":{\"@id\":\"https:\\\/\\\/essencialmaquinas.com.br\\\/blog\\\/como-escolher-a-sua-maquina-de-cafe-em-capsulas\\\/#primaryimage\"},\"thumbnailUrl\":\"https:\\\/\\\/essencialmaquinas.com.br\\\/blog\\\/wp-content\\\/uploads\\\/2022\\\/07\\\/capsulas-de-cafe.jpg\",\"datePublished\":\"2022-07-22T12:33:07+00:00\",\"dateModified\":\"2024-08-19T13:58:38+00:00\",\"description\":\"Descubra como escolher a m\u00e1quina de caf\u00e9 em c\u00e1psulas ideal para o seu espa\u00e7o. Veja dicas e crit\u00e9rios importantes para garantir a melhor experi\u00eancia de sabor e praticidade.\",\"breadcrumb\":{\"@id\":\"https:\\\/\\\/essencialmaquinas.com.br\\\/blog\\\/como-escolher-a-sua-maquina-de-cafe-em-capsulas\\\/#breadcrumb\"},\"inLanguage\":\"pt-BR\",\"potentialAction\":[{\"@type\":\"ReadAction\",\"target\":[\"https:\\\/\\\/essencialmaquinas.com.br\\\/blog\\\/como-escolher-a-sua-maquina-de-cafe-em-capsulas\\\/\"]}]},{\"@type\":\"ImageObject\",\"inLanguage\":\"pt-BR\",\"@id\":\"https:\\\/\\\/essencialmaquinas.com.br\\\/blog\\\/como-escolher-a-sua-maquina-de-cafe-em-capsulas\\\/#primaryimage\",\"url\":\"https:\\\/\\\/essencialmaquinas.com.br\\\/blog\\\/wp-content\\\/uploads\\\/2022\\\/07\\\/capsulas-de-cafe.jpg\",\"contentUrl\":\"https:\\\/\\\/essencialmaquinas.com.br\\\/blog\\\/wp-content\\\/uploads\\\/2022\\\/07\\\/capsulas-de-cafe.jpg\",\"width\":1920,\"height\":1280,\"caption\":\"C\u00e1psulas para m\u00e1quina de caf\u00e9\"},{\"@type\":\"BreadcrumbList\",\"@id\":\"https:\\\/\\\/essencialmaquinas.com.br\\\/blog\\\/como-escolher-a-sua-maquina-de-cafe-em-capsulas\\\/#breadcrumb\",\"itemListElement\":[{\"@type\":\"ListItem\",\"position\":1,\"name\":\"In\u00edcio\",\"item\":\"https:\\\/\\\/essencialmaquinas.com.br\\\/blog\\\/\"},{\"@type\":\"ListItem\",\"position\":2,\"name\":\"M\u00e1quinas de Caf\u00e9\",\"item\":\"https:\\\/\\\/essencialmaquinas.com.br\\\/blog\\\/category\\\/maquinas-de-cafe\\\/\"},{\"@type\":\"ListItem\",\"position\":3,\"name\":\"Como escolher a sua m\u00e1quina de caf\u00e9 em c\u00e1psulas?\"}]},{\"@type\":\"WebSite\",\"@id\":\"https:\\\/\\\/essencialmaquinas.com.br\\\/#website\",\"url\":\"https:\\\/\\\/essencialmaquinas.com.br\\\/\",\"name\":\"Essencial M\u00e1quinas de Caf\u00e9\",\"description\":\"Novidades e curiosidades sobre as m\u00e1quinas de caf\u00e9 e insumos\",\"publisher\":{\"@id\":\"https:\\\/\\\/essencialmaquinas.com.br\\\/#organization\"},\"potentialAction\":[{\"@type\":\"SearchAction\",\"target\":{\"@type\":\"EntryPoint\",\"urlTemplate\":\"https:\\\/\\\/essencialmaquinas.com.br\\\/?s={search_term_string}\"},\"query-input\":{\"@type\":\"PropertyValueSpecification\",\"valueRequired\":true,\"valueName\":\"search_term_string\"}}],\"inLanguage\":\"pt-BR\"},{\"@type\":\"Organization\",\"@id\":\"https:\\\/\\\/essencialmaquinas.com.br\\\/#organization\",\"name\":\"Essencial M\u00e1quinas de Caf\u00e9\",\"url\":\"https:\\\/\\\/essencialmaquinas.com.br\\\/\",\"logo\":{\"@type\":\"ImageObject\",\"inLanguage\":\"pt-BR\",\"@id\":\"https:\\\/\\\/essencialmaquinas.com.br\\\/#\\\/schema\\\/logo\\\/image\\\/\",\"url\":\"https:\\\/\\\/essencialmaquinas.com.br\\\/blog\\\/wp-content\\\/uploads\\\/2021\\\/12\\\/essencial-maquinas-logo.png\",\"contentUrl\":\"https:\\\/\\\/essencialmaquinas.com.br\\\/blog\\\/wp-content\\\/uploads\\\/2021\\\/12\\\/essencial-maquinas-logo.png\",\"width\":250,\"height\":67,\"caption\":\"Essencial M\u00e1quinas de Caf\u00e9\"},\"image\":{\"@id\":\"https:\\\/\\\/essencialmaquinas.com.br\\\/#\\\/schema\\\/logo\\\/image\\\/\"},\"sameAs\":[\"https:\\\/\\\/www.facebook.com\\\/essencialmaquinas\\\/\",\"https:\\\/\\\/www.instagram.com\\\/essencial_maquinas\\\/\",\"https:\\\/\\\/www.youtube.com\\\/channel\\\/UCRV9nmg2xPS4gy_Lil7BWVQ\"]},{\"@type\":\"Person\",\"@id\":\"https:\\\/\\\/essencialmaquinas.com.br\\\/#\\\/schema\\\/person\\\/c321763d791f5ab47f06f495e1c03e24\",\"name\":\"Diogo Negrello\",\"image\":{\"@type\":\"ImageObject\",\"inLanguage\":\"pt-BR\",\"@id\":\"https:\\\/\\\/essencialmaquinas.com.br\\\/blog\\\/wp-content\\\/uploads\\\/2025\\\/10\\\/cropped-diogo-negrello-96x96.webp\",\"url\":\"https:\\\/\\\/essencialmaquinas.com.br\\\/blog\\\/wp-content\\\/uploads\\\/2025\\\/10\\\/cropped-diogo-negrello-96x96.webp\",\"contentUrl\":\"https:\\\/\\\/essencialmaquinas.com.br\\\/blog\\\/wp-content\\\/uploads\\\/2025\\\/10\\\/cropped-diogo-negrello-96x96.webp\",\"caption\":\"Diogo Negrello\"},\"description\":\"Diogo Artur Negrello \u00e9 CEO da Essencial M\u00e1quinas de Caf\u00e9, sediada em Porto Alegre (RS). Formado pela PUC-RS, Diogo lidera a empresa desde sua funda\u00e7\u00e3o em 2015, atuando no mercado de loca\u00e7\u00e3o, venda e manuten\u00e7\u00e3o de m\u00e1quinas autom\u00e1ticas de caf\u00e9 para ambientes corporativos e eventos. Com foco em excel\u00eancia, inova\u00e7\u00e3o e experi\u00eancia de consumo, acredita que \u201cuma boa x\u00edcara de caf\u00e9 pode ser o come\u00e7o de grandes ideias\u201d. Fora do expediente, \u00e9 casado, torcedor do SC Internacional e est\u00e1 sempre aprendendo. Siga-o no Instagram @diogonegrello para acompanhar sua vis\u00e3o e a trajet\u00f3ria da Essencial M\u00e1quinas de Caf\u00e9.\",\"sameAs\":[\"https:\\\/\\\/essencialmaquinas.com.br\\\/\",\"https:\\\/\\\/www.instagram.com\\\/diogonegrello\\\/\"],\"url\":\"https:\\\/\\\/essencialmaquinas.com.br\\\/blog\\\/author\\\/negrello_diogo_redator\\\/\"}]}<\/script>\n<!-- \/ Yoast SEO plugin. -->","yoast_head_json":{"title":"Como escolher a sua m\u00e1quina de caf\u00e9 em c\u00e1psulas?","description":"Descubra como escolher a m\u00e1quina de caf\u00e9 em c\u00e1psulas ideal para o seu espa\u00e7o. Veja dicas e crit\u00e9rios importantes para garantir a melhor experi\u00eancia de sabor e praticidade.","robots":{"index":"index","follow":"follow","max-snippet":"max-snippet:-1","max-image-preview":"max-image-preview:large","max-video-preview":"max-video-preview:-1"},"canonical":"https:\/\/essencialmaquinas.com.br\/blog\/como-escolher-a-sua-maquina-de-cafe-em-capsulas\/","og_locale":"pt_BR","og_type":"article","og_title":"Como escolher a sua m\u00e1quina de caf\u00e9 em c\u00e1psulas?","og_description":"Descubra como escolher a m\u00e1quina de caf\u00e9 em c\u00e1psulas ideal para o seu espa\u00e7o. Veja dicas e crit\u00e9rios importantes para garantir a melhor experi\u00eancia de sabor e praticidade.","og_url":"https:\/\/essencialmaquinas.com.br\/blog\/como-escolher-a-sua-maquina-de-cafe-em-capsulas\/","og_site_name":"Essencial M\u00e1quinas de Caf\u00e9","article_publisher":"https:\/\/www.facebook.com\/essencialmaquinas\/","article_published_time":"2022-07-22T12:33:07+00:00","article_modified_time":"2024-08-19T13:58:38+00:00","og_image":[{"width":1920,"height":1280,"url":"https:\/\/essencialmaquinas.com.br\/blog\/wp-content\/uploads\/2022\/07\/capsulas-de-cafe.jpg","type":"image\/jpeg"}],"author":"Diogo Negrello","twitter_card":"summary_large_image","twitter_misc":{"Escrito por":"Diogo Negrello","Est. tempo de leitura":"3 minutos"},"schema":{"@context":"https:\/\/schema.org","@graph":[{"@type":"Article","@id":"https:\/\/essencialmaquinas.com.br\/blog\/como-escolher-a-sua-maquina-de-cafe-em-capsulas\/#article","isPartOf":{"@id":"https:\/\/essencialmaquinas.com.br\/blog\/como-escolher-a-sua-maquina-de-cafe-em-capsulas\/"},"author":{"name":"Diogo Negrello","@id":"https:\/\/essencialmaquinas.com.br\/#\/schema\/person\/c321763d791f5ab47f06f495e1c03e24"},"headline":"Como escolher a sua m\u00e1quina de caf\u00e9 em c\u00e1psulas?","datePublished":"2022-07-22T12:33:07+00:00","dateModified":"2024-08-19T13:58:38+00:00","mainEntityOfPage":{"@id":"https:\/\/essencialmaquinas.com.br\/blog\/como-escolher-a-sua-maquina-de-cafe-em-capsulas\/"},"wordCount":583,"publisher":{"@id":"https:\/\/essencialmaquinas.com.br\/#organization"},"image":{"@id":"https:\/\/essencialmaquinas.com.br\/blog\/como-escolher-a-sua-maquina-de-cafe-em-capsulas\/#primaryimage"},"thumbnailUrl":"https:\/\/essencialmaquinas.com.br\/blog\/wp-content\/uploads\/2022\/07\/capsulas-de-cafe.jpg","keywords":["c\u00e1psula de caf\u00e9","c\u00e1psulas","c\u00e1psulas para m\u00e1quina de caf\u00e9","m\u00e1quina de caf\u00e9","praticidade","tr\u00eas cora\u00e7\u00f5es","tr\u00eas cora\u00e7\u00f5es MODO","tr\u00eas cora\u00e7\u00f5es SERV"],"articleSection":["M\u00e1quinas de Caf\u00e9"],"inLanguage":"pt-BR"},{"@type":"WebPage","@id":"https:\/\/essencialmaquinas.com.br\/blog\/como-escolher-a-sua-maquina-de-cafe-em-capsulas\/","url":"https:\/\/essencialmaquinas.com.br\/blog\/como-escolher-a-sua-maquina-de-cafe-em-capsulas\/","name":"Como escolher a sua m\u00e1quina de caf\u00e9 em c\u00e1psulas?","isPartOf":{"@id":"https:\/\/essencialmaquinas.com.br\/#website"},"primaryImageOfPage":{"@id":"https:\/\/essencialmaquinas.com.br\/blog\/como-escolher-a-sua-maquina-de-cafe-em-capsulas\/#primaryimage"},"image":{"@id":"https:\/\/essencialmaquinas.com.br\/blog\/como-escolher-a-sua-maquina-de-cafe-em-capsulas\/#primaryimage"},"thumbnailUrl":"https:\/\/essencialmaquinas.com.br\/blog\/wp-content\/uploads\/2022\/07\/capsulas-de-cafe.jpg","datePublished":"2022-07-22T12:33:07+00:00","dateModified":"2024-08-19T13:58:38+00:00","description":"Descubra como escolher a m\u00e1quina de caf\u00e9 em c\u00e1psulas ideal para o seu espa\u00e7o. Veja dicas e crit\u00e9rios importantes para garantir a melhor experi\u00eancia de sabor e praticidade.","breadcrumb":{"@id":"https:\/\/essencialmaquinas.com.br\/blog\/como-escolher-a-sua-maquina-de-cafe-em-capsulas\/#breadcrumb"},"inLanguage":"pt-BR","potentialAction":[{"@type":"ReadAction","target":["https:\/\/essencialmaquinas.com.br\/blog\/como-escolher-a-sua-maquina-de-cafe-em-capsulas\/"]}]},{"@type":"ImageObject","inLanguage":"pt-BR","@id":"https:\/\/essencialmaquinas.com.br\/blog\/como-escolher-a-sua-maquina-de-cafe-em-capsulas\/#primaryimage","url":"https:\/\/essencialmaquinas.com.br\/blog\/wp-content\/uploads\/2022\/07\/capsulas-de-cafe.jpg","contentUrl":"https:\/\/essencialmaquinas.com.br\/blog\/wp-content\/uploads\/2022\/07\/capsulas-de-cafe.jpg","width":1920,"height":1280,"caption":"C\u00e1psulas para m\u00e1quina de caf\u00e9"},{"@type":"BreadcrumbList","@id":"https:\/\/essencialmaquinas.com.br\/blog\/como-escolher-a-sua-maquina-de-cafe-em-capsulas\/#breadcrumb","itemListElement":[{"@type":"ListItem","position":1,"name":"In\u00edcio","item":"https:\/\/essencialmaquinas.com.br\/blog\/"},{"@type":"ListItem","position":2,"name":"M\u00e1quinas de Caf\u00e9","item":"https:\/\/essencialmaquinas.com.br\/blog\/category\/maquinas-de-cafe\/"},{"@type":"ListItem","position":3,"name":"Como escolher a sua m\u00e1quina de caf\u00e9 em c\u00e1psulas?"}]},{"@type":"WebSite","@id":"https:\/\/essencialmaquinas.com.br\/#website","url":"https:\/\/essencialmaquinas.com.br\/","name":"Essencial M\u00e1quinas de Caf\u00e9","description":"Novidades e curiosidades sobre as m\u00e1quinas de caf\u00e9 e insumos","publisher":{"@id":"https:\/\/essencialmaquinas.com.br\/#organization"},"potentialAction":[{"@type":"SearchAction","target":{"@type":"EntryPoint","urlTemplate":"https:\/\/essencialmaquinas.com.br\/?s={search_term_string}"},"query-input":{"@type":"PropertyValueSpecification","valueRequired":true,"valueName":"search_term_string"}}],"inLanguage":"pt-BR"},{"@type":"Organization","@id":"https:\/\/essencialmaquinas.com.br\/#organization","name":"Essencial M\u00e1quinas de Caf\u00e9","url":"https:\/\/essencialmaquinas.com.br\/","logo":{"@type":"ImageObject","inLanguage":"pt-BR","@id":"https:\/\/essencialmaquinas.com.br\/#\/schema\/logo\/image\/","url":"https:\/\/essencialmaquinas.com.br\/blog\/wp-content\/uploads\/2021\/12\/essencial-maquinas-logo.png","contentUrl":"https:\/\/essencialmaquinas.com.br\/blog\/wp-content\/uploads\/2021\/12\/essencial-maquinas-logo.png","width":250,"height":67,"caption":"Essencial M\u00e1quinas de Caf\u00e9"},"image":{"@id":"https:\/\/essencialmaquinas.com.br\/#\/schema\/logo\/image\/"},"sameAs":["https:\/\/www.facebook.com\/essencialmaquinas\/","https:\/\/www.instagram.com\/essencial_maquinas\/","https:\/\/www.youtube.com\/channel\/UCRV9nmg2xPS4gy_Lil7BWVQ"]},{"@type":"Person","@id":"https:\/\/essencialmaquinas.com.br\/#\/schema\/person\/c321763d791f5ab47f06f495e1c03e24","name":"Diogo Negrello","image":{"@type":"ImageObject","inLanguage":"pt-BR","@id":"https:\/\/essencialmaquinas.com.br\/blog\/wp-content\/uploads\/2025\/10\/cropped-diogo-negrello-96x96.webp","url":"https:\/\/essencialmaquinas.com.br\/blog\/wp-content\/uploads\/2025\/10\/cropped-diogo-negrello-96x96.webp","contentUrl":"https:\/\/essencialmaquinas.com.br\/blog\/wp-content\/uploads\/2025\/10\/cropped-diogo-negrello-96x96.webp","caption":"Diogo Negrello"},"description":"Diogo Artur Negrello \u00e9 CEO da Essencial M\u00e1quinas de Caf\u00e9, sediada em Porto Alegre (RS). Formado pela PUC-RS, Diogo lidera a empresa desde sua funda\u00e7\u00e3o em 2015, atuando no mercado de loca\u00e7\u00e3o, venda e manuten\u00e7\u00e3o de m\u00e1quinas autom\u00e1ticas de caf\u00e9 para ambientes corporativos e eventos. Com foco em excel\u00eancia, inova\u00e7\u00e3o e experi\u00eancia de consumo, acredita que \u201cuma boa x\u00edcara de caf\u00e9 pode ser o come\u00e7o de grandes ideias\u201d. Fora do expediente, \u00e9 casado, torcedor do SC Internacional e est\u00e1 sempre aprendendo. Siga-o no Instagram @diogonegrello para acompanhar sua vis\u00e3o e a trajet\u00f3ria da Essencial M\u00e1quinas de Caf\u00e9.","sameAs":["https:\/\/essencialmaquinas.com.br\/","https:\/\/www.instagram.com\/diogonegrello\/"],"url":"https:\/\/essencialmaquinas.com.br\/blog\/author\/negrello_diogo_redator\/"}]}},"_links":{"self":[{"href":"https:\/\/essencialmaquinas.com.br\/blog\/wp-json\/wp\/v2\/posts\/6044","targetHints":{"allow":["GET"]}}],"collection":[{"href":"https:\/\/essencialmaquinas.com.br\/blog\/wp-json\/wp\/v2\/posts"}],"about":[{"href":"https:\/\/essencialmaquinas.com.br\/blog\/wp-json\/wp\/v2\/types\/post"}],"author":[{"embeddable":true,"href":"https:\/\/essencialmaquinas.com.br\/blog\/wp-json\/wp\/v2\/users\/4"}],"replies":[{"embeddable":true,"href":"https:\/\/essencialmaquinas.com.br\/blog\/wp-json\/wp\/v2\/comments?post=6044"}],"version-history":[{"count":3,"href":"https:\/\/essencialmaquinas.com.br\/blog\/wp-json\/wp\/v2\/posts\/6044\/revisions"}],"predecessor-version":[{"id":6141,"href":"https:\/\/essencialmaquinas.com.br\/blog\/wp-json\/wp\/v2\/posts\/6044\/revisions\/6141"}],"wp:featuredmedia":[{"embeddable":true,"href":"https:\/\/essencialmaquinas.com.br\/blog\/wp-json\/wp\/v2\/media\/6047"}],"wp:attachment":[{"href":"https:\/\/essencialmaquinas.com.br\/blog\/wp-json\/wp\/v2\/media?parent=6044"}],"wp:term":[{"taxonomy":"category","embeddable":true,"href":"https:\/\/essencialmaquinas.com.br\/blog\/wp-json\/wp\/v2\/categories?post=6044"},{"taxonomy":"post_tag","embeddable":true,"href":"https:\/\/essencialmaquinas.com.br\/blog\/wp-json\/wp\/v2\/tags?post=6044"}],"curies":[{"name":"wp","href":"https:\/\/api.w.org\/{rel}","templated":true}]}}