{"id":6049,"date":"2022-07-19T09:35:00","date_gmt":"2022-07-19T12:35:00","guid":{"rendered":"https:\/\/blog.essencialmaquinas.com.br\/?p=6049"},"modified":"2024-08-19T10:43:55","modified_gmt":"2024-08-19T13:43:55","slug":"assistencia-tecnica-para-maquina-de-cafe","status":"publish","type":"post","link":"https:\/\/essencialmaquinas.com.br\/blog\/assistencia-tecnica-para-maquina-de-cafe\/","title":{"rendered":"Assist\u00eancia t\u00e9cnica para m\u00e1quina de caf\u00e9 expresso: qual sua import\u00e2ncia e como procurar"},"content":{"rendered":"\n<p>Ter uma m\u00e1quina de caf\u00e9 em um estabelecimento, seja ele uma loja pequena, uma loja grande, consult\u00f3rio ou at\u00e9 mesmo um escrit\u00f3rio, \u00e9 algo que possui in\u00fameras vantagens e muitos de n\u00f3s inclusive j\u00e1 conhecemos boa parte dessas vantagens.<\/p>\n\n\n\n<p>Por\u00e9m, para que a m\u00e1quina possua um bom desempenho e esteja sempre produzindo caf\u00e9s com uma excelente qualidade, \u00e9 necess\u00e1rio realizar, constantemente, manuten\u00e7\u00f5es na m\u00e1quina.<\/p>\n\n\n\n<p>E \u00e9 justamente sobre isso que n\u00f3s aqui da <a href=\"https:\/\/essencialmaquinas.com.br\/\" target=\"_blank\" rel=\"noreferrer noopener\">Essencial M\u00e1quinas de Caf\u00e9<\/a> falaremos: qual a import\u00e2ncia de se realizar manuten\u00e7\u00f5es peri\u00f3dicas na m\u00e1quina de caf\u00e9 e como encontrar uma boa assist\u00eancia t\u00e9cnica.<\/p>\n\n\n\n<h2 class=\"wp-block-heading\"><a><\/a>Import\u00e2ncia da manuten\u00e7\u00e3o na m\u00e1quina de caf\u00e9<\/h2>\n\n\n\n<p>Realizar manuten\u00e7\u00f5es peri\u00f3dicas na m\u00e1quina de caf\u00e9 possui 2 grandes vantagens que todo dono ou locat\u00e1rio de m\u00e1quina de caf\u00e9 precisa saber.<\/p>\n\n\n\n<h3 class=\"wp-block-heading\"><a><\/a>1 &#8211; Qualidade do caf\u00e9<\/h3>\n\n\n\n<p>A boa qualidade do caf\u00e9, para muitos clientes, \u00e9 algo extremamente importante na hora de degustar um cafezinho. Portanto, ter uma m\u00e1quina que mantenha essa alta qualidade no caf\u00e9 pode influenciar, inclusive, na negocia\u00e7\u00e3o com um cliente.<\/p>\n\n\n\n<p>E se muitas m\u00e1quinas j\u00e1 vem de f\u00e1brica com a capacidade de produzir bons caf\u00e9s, saiba que ao longo do tempo, devido ao uso cont\u00ednuo, essa qualidade pode acabar diminuindo, principalmente se a m\u00e1quina n\u00e3o passar por manuten\u00e7\u00f5es constantes.<\/p>\n\n\n\n<p>Ainda que algumas m\u00e1quinas autom\u00e1ticas possuam recursos de auto limpeza e elimina\u00e7\u00e3o de sobras, \u00e9 necess\u00e1rio que a manuten\u00e7\u00e3o esteja em dia at\u00e9 mesmo para que estes recursos continuem sendo executados da maneira mais correta poss\u00edvel.<\/p>\n\n\n\n<p>Apenas uma boa manuten\u00e7\u00e3o regular pode manter a boa qualidade do caf\u00e9 prometida pela m\u00e1quina no momento da compra (ou no momento da loca\u00e7\u00e3o).<\/p>\n\n\n\n<h3 class=\"wp-block-heading\"><a><\/a>2 &#8211; Preven\u00e7\u00e3o de paradas inesperadas<\/h3>\n\n\n\n<p>Imagina estar no meio de um evento e a m\u00e1quina simplesmente parar do nada, sem funcionar mais? Seria algo bem ruim, certo?<\/p>\n\n\n\n<p>A manuten\u00e7\u00e3o regular da m\u00e1quina de caf\u00e9 consegue reduzir muito as chances da m\u00e1quina&nbsp; simplesmente parar de forma inesperada. Isso porque, com a manuten\u00e7\u00e3o, \u00e9 poss\u00edvel prevenir diversos tipos de problemas que a m\u00e1quina venha a ter.<\/p>\n\n\n\n<p>Uma boa equipe de manuten\u00e7\u00e3o consegue, inclusive, apontar alguns erros que podem estar acontecendo por mau uso ou por conta de algum ponto que n\u00e3o seja conveniente no uso di\u00e1rio da m\u00e1quina.<\/p>\n\n\n\n<p>Por exemplo, a equipe de manuten\u00e7\u00e3o pode aconselhar o dono ou locat\u00e1rio da m\u00e1quina melhores formas de utilizar a m\u00e1quina visando evitar futuros problemas.<\/p>\n\n\n\n<p>A grande quest\u00e3o \u00e9: como encontrar uma boa equipe de manuten\u00e7\u00e3o de m\u00e1quina de caf\u00e9?<\/p>\n\n\n\n<h3 class=\"wp-block-heading\"><a><\/a>Encontrando uma boa equipe de manuten\u00e7\u00e3o<\/h3>\n\n\n\n<p>Para buscar uma boa equipe que esteja preparada para te atender da melhor maneira, alguns pontos s\u00e3o importantes para auxiliar nesta an\u00e1lise:<\/p>\n\n\n\n<ul class=\"wp-block-list\"><li>Saber se a empresa \u00e9 uma empresa s\u00e9ria;<\/li><li>Procurar saber mais sobre a empresa, como ela trabalhar e tudo mais;<\/li><li>Entender se essa empresa realmente conhece sobre o trabalho e presta um servi\u00e7o de qualidade.<\/li><\/ul>\n\n\n\n<p>Para os moradores de Porto Alegre e regi\u00e3o, a boa not\u00edcia \u00e9 que n\u00f3s possu\u00edmos uma das melhores equipes da cidade que atua de forma exclusiva para realizar uma boa manuten\u00e7\u00e3o na sua m\u00e1quina de caf\u00e9.<\/p>\n\n\n\n<p>Para entrar em contato e saber mais, basta ligar em um dos nossos telefones &#8211; (51) 3519.0772 ou (51) 3519.0776 &#8211; ou chamar no <a href=\"https:\/\/api.whatsapp.com\/send?phone=5551997172863\" target=\"_blank\" rel=\"noreferrer noopener\">WhatsApp da Essencial M\u00e1quina de Caf\u00e9<\/a>.<\/p>\n","protected":false},"excerpt":{"rendered":"<p>Ter uma m\u00e1quina de caf\u00e9 em um estabelecimento, seja ele uma loja pequena, uma loja grande, consult\u00f3rio ou at\u00e9 mesmo um escrit\u00f3rio, \u00e9 algo que&#8230;<\/p>\n","protected":false},"author":4,"featured_media":6052,"comment_status":"closed","ping_status":"closed","sticky":false,"template":"","format":"standard","meta":{"footnotes":""},"categories":[23],"tags":[36,86,48,28],"class_list":{"0":"post-6049","1":"post","2":"type-post","3":"status-publish","4":"format-standard","5":"has-post-thumbnail","7":"category-maquinas-de-cafe","8":"tag-aluguel-de-maquina-de-cafe","9":"tag-assistencia-tecnica","10":"tag-locacao-de-maquina-de-cafe","11":"tag-maquina-de-cafe"},"yoast_head":"<!-- This site is optimized with the Yoast SEO plugin v27.5 - https:\/\/yoast.com\/product\/yoast-seo-wordpress\/ -->\n<title>Assist\u00eancia t\u00e9cnica para m\u00e1quina de caf\u00e9 expresso: qual sua import\u00e2ncia e como procurar<\/title>\n<meta name=\"description\" content=\"A import\u00e2ncia de contar com uma assist\u00eancia t\u00e9cnica especializada para sua m\u00e1quina de caf\u00e9. Descubra como manter seu equipamento sempre em \u00f3timo estado e garantir o melhor desempenho.\" \/>\n<meta name=\"robots\" content=\"index, follow, max-snippet:-1, max-image-preview:large, max-video-preview:-1\" \/>\n<link rel=\"canonical\" href=\"https:\/\/essencialmaquinas.com.br\/blog\/assistencia-tecnica-para-maquina-de-cafe\/\" \/>\n<meta property=\"og:locale\" content=\"pt_BR\" \/>\n<meta property=\"og:type\" content=\"article\" \/>\n<meta property=\"og:title\" content=\"Assist\u00eancia t\u00e9cnica para m\u00e1quina de caf\u00e9 expresso: qual sua import\u00e2ncia e como procurar\" \/>\n<meta property=\"og:description\" content=\"A import\u00e2ncia de contar com uma assist\u00eancia t\u00e9cnica especializada para sua m\u00e1quina de caf\u00e9. Descubra como manter seu equipamento sempre em \u00f3timo estado e garantir o melhor desempenho.\" \/>\n<meta property=\"og:url\" content=\"https:\/\/essencialmaquinas.com.br\/blog\/assistencia-tecnica-para-maquina-de-cafe\/\" \/>\n<meta property=\"og:site_name\" content=\"Essencial M\u00e1quinas de Caf\u00e9\" \/>\n<meta property=\"article:publisher\" content=\"https:\/\/www.facebook.com\/essencialmaquinas\/\" \/>\n<meta property=\"article:published_time\" content=\"2022-07-19T12:35:00+00:00\" \/>\n<meta property=\"article:modified_time\" content=\"2024-08-19T13:43:55+00:00\" \/>\n<meta property=\"og:image\" content=\"https:\/\/essencialmaquinas.com.br\/blog\/wp-content\/uploads\/2022\/07\/assistencia-maquina-de-cafe.jpg\" \/>\n\t<meta property=\"og:image:width\" content=\"1920\" \/>\n\t<meta property=\"og:image:height\" content=\"1225\" \/>\n\t<meta property=\"og:image:type\" content=\"image\/jpeg\" \/>\n<meta name=\"author\" content=\"Diogo Negrello\" \/>\n<meta name=\"twitter:card\" content=\"summary_large_image\" \/>\n<meta name=\"twitter:label1\" content=\"Escrito por\" \/>\n\t<meta name=\"twitter:data1\" content=\"Diogo Negrello\" \/>\n\t<meta name=\"twitter:label2\" content=\"Est. tempo de leitura\" \/>\n\t<meta name=\"twitter:data2\" content=\"3 minutos\" \/>\n<script type=\"application\/ld+json\" class=\"yoast-schema-graph\">{\"@context\":\"https:\\\/\\\/schema.org\",\"@graph\":[{\"@type\":\"Article\",\"@id\":\"https:\\\/\\\/essencialmaquinas.com.br\\\/blog\\\/assistencia-tecnica-para-maquina-de-cafe\\\/#article\",\"isPartOf\":{\"@id\":\"https:\\\/\\\/essencialmaquinas.com.br\\\/blog\\\/assistencia-tecnica-para-maquina-de-cafe\\\/\"},\"author\":{\"name\":\"Diogo Negrello\",\"@id\":\"https:\\\/\\\/essencialmaquinas.com.br\\\/#\\\/schema\\\/person\\\/c321763d791f5ab47f06f495e1c03e24\"},\"headline\":\"Assist\u00eancia t\u00e9cnica para m\u00e1quina de caf\u00e9 expresso: qual sua import\u00e2ncia e como procurar\",\"datePublished\":\"2022-07-19T12:35:00+00:00\",\"dateModified\":\"2024-08-19T13:43:55+00:00\",\"mainEntityOfPage\":{\"@id\":\"https:\\\/\\\/essencialmaquinas.com.br\\\/blog\\\/assistencia-tecnica-para-maquina-de-cafe\\\/\"},\"wordCount\":610,\"publisher\":{\"@id\":\"https:\\\/\\\/essencialmaquinas.com.br\\\/#organization\"},\"image\":{\"@id\":\"https:\\\/\\\/essencialmaquinas.com.br\\\/blog\\\/assistencia-tecnica-para-maquina-de-cafe\\\/#primaryimage\"},\"thumbnailUrl\":\"https:\\\/\\\/essencialmaquinas.com.br\\\/blog\\\/wp-content\\\/uploads\\\/2022\\\/07\\\/assistencia-maquina-de-cafe.jpg\",\"keywords\":[\"aluguel de m\u00e1quina de caf\u00e9\",\"assist\u00eancia t\u00e9cnica\",\"loca\u00e7\u00e3o de m\u00e1quina de caf\u00e9\",\"m\u00e1quina de caf\u00e9\"],\"articleSection\":[\"M\u00e1quinas de Caf\u00e9\"],\"inLanguage\":\"pt-BR\"},{\"@type\":\"WebPage\",\"@id\":\"https:\\\/\\\/essencialmaquinas.com.br\\\/blog\\\/assistencia-tecnica-para-maquina-de-cafe\\\/\",\"url\":\"https:\\\/\\\/essencialmaquinas.com.br\\\/blog\\\/assistencia-tecnica-para-maquina-de-cafe\\\/\",\"name\":\"Assist\u00eancia t\u00e9cnica para m\u00e1quina de caf\u00e9 expresso: qual sua import\u00e2ncia e como procurar\",\"isPartOf\":{\"@id\":\"https:\\\/\\\/essencialmaquinas.com.br\\\/#website\"},\"primaryImageOfPage\":{\"@id\":\"https:\\\/\\\/essencialmaquinas.com.br\\\/blog\\\/assistencia-tecnica-para-maquina-de-cafe\\\/#primaryimage\"},\"image\":{\"@id\":\"https:\\\/\\\/essencialmaquinas.com.br\\\/blog\\\/assistencia-tecnica-para-maquina-de-cafe\\\/#primaryimage\"},\"thumbnailUrl\":\"https:\\\/\\\/essencialmaquinas.com.br\\\/blog\\\/wp-content\\\/uploads\\\/2022\\\/07\\\/assistencia-maquina-de-cafe.jpg\",\"datePublished\":\"2022-07-19T12:35:00+00:00\",\"dateModified\":\"2024-08-19T13:43:55+00:00\",\"description\":\"A import\u00e2ncia de contar com uma assist\u00eancia t\u00e9cnica especializada para sua m\u00e1quina de caf\u00e9. Descubra como manter seu equipamento sempre em \u00f3timo estado e garantir o melhor desempenho.\",\"breadcrumb\":{\"@id\":\"https:\\\/\\\/essencialmaquinas.com.br\\\/blog\\\/assistencia-tecnica-para-maquina-de-cafe\\\/#breadcrumb\"},\"inLanguage\":\"pt-BR\",\"potentialAction\":[{\"@type\":\"ReadAction\",\"target\":[\"https:\\\/\\\/essencialmaquinas.com.br\\\/blog\\\/assistencia-tecnica-para-maquina-de-cafe\\\/\"]}]},{\"@type\":\"ImageObject\",\"inLanguage\":\"pt-BR\",\"@id\":\"https:\\\/\\\/essencialmaquinas.com.br\\\/blog\\\/assistencia-tecnica-para-maquina-de-cafe\\\/#primaryimage\",\"url\":\"https:\\\/\\\/essencialmaquinas.com.br\\\/blog\\\/wp-content\\\/uploads\\\/2022\\\/07\\\/assistencia-maquina-de-cafe.jpg\",\"contentUrl\":\"https:\\\/\\\/essencialmaquinas.com.br\\\/blog\\\/wp-content\\\/uploads\\\/2022\\\/07\\\/assistencia-maquina-de-cafe.jpg\",\"width\":1920,\"height\":1225,\"caption\":\"Assist\u00eancia para m\u00e1quina de caf\u00e9\"},{\"@type\":\"BreadcrumbList\",\"@id\":\"https:\\\/\\\/essencialmaquinas.com.br\\\/blog\\\/assistencia-tecnica-para-maquina-de-cafe\\\/#breadcrumb\",\"itemListElement\":[{\"@type\":\"ListItem\",\"position\":1,\"name\":\"In\u00edcio\",\"item\":\"https:\\\/\\\/essencialmaquinas.com.br\\\/blog\\\/\"},{\"@type\":\"ListItem\",\"position\":2,\"name\":\"M\u00e1quinas de Caf\u00e9\",\"item\":\"https:\\\/\\\/essencialmaquinas.com.br\\\/blog\\\/category\\\/maquinas-de-cafe\\\/\"},{\"@type\":\"ListItem\",\"position\":3,\"name\":\"Assist\u00eancia t\u00e9cnica para m\u00e1quina de caf\u00e9 expresso: qual sua import\u00e2ncia e como procurar\"}]},{\"@type\":\"WebSite\",\"@id\":\"https:\\\/\\\/essencialmaquinas.com.br\\\/#website\",\"url\":\"https:\\\/\\\/essencialmaquinas.com.br\\\/\",\"name\":\"Essencial M\u00e1quinas de Caf\u00e9\",\"description\":\"Novidades e curiosidades sobre as m\u00e1quinas de caf\u00e9 e insumos\",\"publisher\":{\"@id\":\"https:\\\/\\\/essencialmaquinas.com.br\\\/#organization\"},\"potentialAction\":[{\"@type\":\"SearchAction\",\"target\":{\"@type\":\"EntryPoint\",\"urlTemplate\":\"https:\\\/\\\/essencialmaquinas.com.br\\\/?s={search_term_string}\"},\"query-input\":{\"@type\":\"PropertyValueSpecification\",\"valueRequired\":true,\"valueName\":\"search_term_string\"}}],\"inLanguage\":\"pt-BR\"},{\"@type\":\"Organization\",\"@id\":\"https:\\\/\\\/essencialmaquinas.com.br\\\/#organization\",\"name\":\"Essencial M\u00e1quinas de Caf\u00e9\",\"url\":\"https:\\\/\\\/essencialmaquinas.com.br\\\/\",\"logo\":{\"@type\":\"ImageObject\",\"inLanguage\":\"pt-BR\",\"@id\":\"https:\\\/\\\/essencialmaquinas.com.br\\\/#\\\/schema\\\/logo\\\/image\\\/\",\"url\":\"https:\\\/\\\/essencialmaquinas.com.br\\\/blog\\\/wp-content\\\/uploads\\\/2021\\\/12\\\/essencial-maquinas-logo.png\",\"contentUrl\":\"https:\\\/\\\/essencialmaquinas.com.br\\\/blog\\\/wp-content\\\/uploads\\\/2021\\\/12\\\/essencial-maquinas-logo.png\",\"width\":250,\"height\":67,\"caption\":\"Essencial M\u00e1quinas de Caf\u00e9\"},\"image\":{\"@id\":\"https:\\\/\\\/essencialmaquinas.com.br\\\/#\\\/schema\\\/logo\\\/image\\\/\"},\"sameAs\":[\"https:\\\/\\\/www.facebook.com\\\/essencialmaquinas\\\/\",\"https:\\\/\\\/www.instagram.com\\\/essencial_maquinas\\\/\",\"https:\\\/\\\/www.youtube.com\\\/channel\\\/UCRV9nmg2xPS4gy_Lil7BWVQ\"]},{\"@type\":\"Person\",\"@id\":\"https:\\\/\\\/essencialmaquinas.com.br\\\/#\\\/schema\\\/person\\\/c321763d791f5ab47f06f495e1c03e24\",\"name\":\"Diogo Negrello\",\"image\":{\"@type\":\"ImageObject\",\"inLanguage\":\"pt-BR\",\"@id\":\"https:\\\/\\\/essencialmaquinas.com.br\\\/blog\\\/wp-content\\\/uploads\\\/2025\\\/10\\\/cropped-diogo-negrello-96x96.webp\",\"url\":\"https:\\\/\\\/essencialmaquinas.com.br\\\/blog\\\/wp-content\\\/uploads\\\/2025\\\/10\\\/cropped-diogo-negrello-96x96.webp\",\"contentUrl\":\"https:\\\/\\\/essencialmaquinas.com.br\\\/blog\\\/wp-content\\\/uploads\\\/2025\\\/10\\\/cropped-diogo-negrello-96x96.webp\",\"caption\":\"Diogo Negrello\"},\"description\":\"Diogo Artur Negrello \u00e9 CEO da Essencial M\u00e1quinas de Caf\u00e9, sediada em Porto Alegre (RS). Formado pela PUC-RS, Diogo lidera a empresa desde sua funda\u00e7\u00e3o em 2015, atuando no mercado de loca\u00e7\u00e3o, venda e manuten\u00e7\u00e3o de m\u00e1quinas autom\u00e1ticas de caf\u00e9 para ambientes corporativos e eventos. Com foco em excel\u00eancia, inova\u00e7\u00e3o e experi\u00eancia de consumo, acredita que \u201cuma boa x\u00edcara de caf\u00e9 pode ser o come\u00e7o de grandes ideias\u201d. Fora do expediente, \u00e9 casado, torcedor do SC Internacional e est\u00e1 sempre aprendendo. Siga-o no Instagram @diogonegrello para acompanhar sua vis\u00e3o e a trajet\u00f3ria da Essencial M\u00e1quinas de Caf\u00e9.\",\"sameAs\":[\"https:\\\/\\\/essencialmaquinas.com.br\\\/\",\"https:\\\/\\\/www.instagram.com\\\/diogonegrello\\\/\"],\"url\":\"https:\\\/\\\/essencialmaquinas.com.br\\\/blog\\\/author\\\/negrello_diogo_redator\\\/\"}]}<\/script>\n<!-- \/ Yoast SEO plugin. -->","yoast_head_json":{"title":"Assist\u00eancia t\u00e9cnica para m\u00e1quina de caf\u00e9 expresso: qual sua import\u00e2ncia e como procurar","description":"A import\u00e2ncia de contar com uma assist\u00eancia t\u00e9cnica especializada para sua m\u00e1quina de caf\u00e9. Descubra como manter seu equipamento sempre em \u00f3timo estado e garantir o melhor desempenho.","robots":{"index":"index","follow":"follow","max-snippet":"max-snippet:-1","max-image-preview":"max-image-preview:large","max-video-preview":"max-video-preview:-1"},"canonical":"https:\/\/essencialmaquinas.com.br\/blog\/assistencia-tecnica-para-maquina-de-cafe\/","og_locale":"pt_BR","og_type":"article","og_title":"Assist\u00eancia t\u00e9cnica para m\u00e1quina de caf\u00e9 expresso: qual sua import\u00e2ncia e como procurar","og_description":"A import\u00e2ncia de contar com uma assist\u00eancia t\u00e9cnica especializada para sua m\u00e1quina de caf\u00e9. Descubra como manter seu equipamento sempre em \u00f3timo estado e garantir o melhor desempenho.","og_url":"https:\/\/essencialmaquinas.com.br\/blog\/assistencia-tecnica-para-maquina-de-cafe\/","og_site_name":"Essencial M\u00e1quinas de Caf\u00e9","article_publisher":"https:\/\/www.facebook.com\/essencialmaquinas\/","article_published_time":"2022-07-19T12:35:00+00:00","article_modified_time":"2024-08-19T13:43:55+00:00","og_image":[{"width":1920,"height":1225,"url":"https:\/\/essencialmaquinas.com.br\/blog\/wp-content\/uploads\/2022\/07\/assistencia-maquina-de-cafe.jpg","type":"image\/jpeg"}],"author":"Diogo Negrello","twitter_card":"summary_large_image","twitter_misc":{"Escrito por":"Diogo Negrello","Est. tempo de leitura":"3 minutos"},"schema":{"@context":"https:\/\/schema.org","@graph":[{"@type":"Article","@id":"https:\/\/essencialmaquinas.com.br\/blog\/assistencia-tecnica-para-maquina-de-cafe\/#article","isPartOf":{"@id":"https:\/\/essencialmaquinas.com.br\/blog\/assistencia-tecnica-para-maquina-de-cafe\/"},"author":{"name":"Diogo Negrello","@id":"https:\/\/essencialmaquinas.com.br\/#\/schema\/person\/c321763d791f5ab47f06f495e1c03e24"},"headline":"Assist\u00eancia t\u00e9cnica para m\u00e1quina de caf\u00e9 expresso: qual sua import\u00e2ncia e como procurar","datePublished":"2022-07-19T12:35:00+00:00","dateModified":"2024-08-19T13:43:55+00:00","mainEntityOfPage":{"@id":"https:\/\/essencialmaquinas.com.br\/blog\/assistencia-tecnica-para-maquina-de-cafe\/"},"wordCount":610,"publisher":{"@id":"https:\/\/essencialmaquinas.com.br\/#organization"},"image":{"@id":"https:\/\/essencialmaquinas.com.br\/blog\/assistencia-tecnica-para-maquina-de-cafe\/#primaryimage"},"thumbnailUrl":"https:\/\/essencialmaquinas.com.br\/blog\/wp-content\/uploads\/2022\/07\/assistencia-maquina-de-cafe.jpg","keywords":["aluguel de m\u00e1quina de caf\u00e9","assist\u00eancia t\u00e9cnica","loca\u00e7\u00e3o de m\u00e1quina de caf\u00e9","m\u00e1quina de caf\u00e9"],"articleSection":["M\u00e1quinas de Caf\u00e9"],"inLanguage":"pt-BR"},{"@type":"WebPage","@id":"https:\/\/essencialmaquinas.com.br\/blog\/assistencia-tecnica-para-maquina-de-cafe\/","url":"https:\/\/essencialmaquinas.com.br\/blog\/assistencia-tecnica-para-maquina-de-cafe\/","name":"Assist\u00eancia t\u00e9cnica para m\u00e1quina de caf\u00e9 expresso: qual sua import\u00e2ncia e como procurar","isPartOf":{"@id":"https:\/\/essencialmaquinas.com.br\/#website"},"primaryImageOfPage":{"@id":"https:\/\/essencialmaquinas.com.br\/blog\/assistencia-tecnica-para-maquina-de-cafe\/#primaryimage"},"image":{"@id":"https:\/\/essencialmaquinas.com.br\/blog\/assistencia-tecnica-para-maquina-de-cafe\/#primaryimage"},"thumbnailUrl":"https:\/\/essencialmaquinas.com.br\/blog\/wp-content\/uploads\/2022\/07\/assistencia-maquina-de-cafe.jpg","datePublished":"2022-07-19T12:35:00+00:00","dateModified":"2024-08-19T13:43:55+00:00","description":"A import\u00e2ncia de contar com uma assist\u00eancia t\u00e9cnica especializada para sua m\u00e1quina de caf\u00e9. Descubra como manter seu equipamento sempre em \u00f3timo estado e garantir o melhor desempenho.","breadcrumb":{"@id":"https:\/\/essencialmaquinas.com.br\/blog\/assistencia-tecnica-para-maquina-de-cafe\/#breadcrumb"},"inLanguage":"pt-BR","potentialAction":[{"@type":"ReadAction","target":["https:\/\/essencialmaquinas.com.br\/blog\/assistencia-tecnica-para-maquina-de-cafe\/"]}]},{"@type":"ImageObject","inLanguage":"pt-BR","@id":"https:\/\/essencialmaquinas.com.br\/blog\/assistencia-tecnica-para-maquina-de-cafe\/#primaryimage","url":"https:\/\/essencialmaquinas.com.br\/blog\/wp-content\/uploads\/2022\/07\/assistencia-maquina-de-cafe.jpg","contentUrl":"https:\/\/essencialmaquinas.com.br\/blog\/wp-content\/uploads\/2022\/07\/assistencia-maquina-de-cafe.jpg","width":1920,"height":1225,"caption":"Assist\u00eancia para m\u00e1quina de caf\u00e9"},{"@type":"BreadcrumbList","@id":"https:\/\/essencialmaquinas.com.br\/blog\/assistencia-tecnica-para-maquina-de-cafe\/#breadcrumb","itemListElement":[{"@type":"ListItem","position":1,"name":"In\u00edcio","item":"https:\/\/essencialmaquinas.com.br\/blog\/"},{"@type":"ListItem","position":2,"name":"M\u00e1quinas de Caf\u00e9","item":"https:\/\/essencialmaquinas.com.br\/blog\/category\/maquinas-de-cafe\/"},{"@type":"ListItem","position":3,"name":"Assist\u00eancia t\u00e9cnica para m\u00e1quina de caf\u00e9 expresso: qual sua import\u00e2ncia e como procurar"}]},{"@type":"WebSite","@id":"https:\/\/essencialmaquinas.com.br\/#website","url":"https:\/\/essencialmaquinas.com.br\/","name":"Essencial M\u00e1quinas de Caf\u00e9","description":"Novidades e curiosidades sobre as m\u00e1quinas de caf\u00e9 e insumos","publisher":{"@id":"https:\/\/essencialmaquinas.com.br\/#organization"},"potentialAction":[{"@type":"SearchAction","target":{"@type":"EntryPoint","urlTemplate":"https:\/\/essencialmaquinas.com.br\/?s={search_term_string}"},"query-input":{"@type":"PropertyValueSpecification","valueRequired":true,"valueName":"search_term_string"}}],"inLanguage":"pt-BR"},{"@type":"Organization","@id":"https:\/\/essencialmaquinas.com.br\/#organization","name":"Essencial M\u00e1quinas de Caf\u00e9","url":"https:\/\/essencialmaquinas.com.br\/","logo":{"@type":"ImageObject","inLanguage":"pt-BR","@id":"https:\/\/essencialmaquinas.com.br\/#\/schema\/logo\/image\/","url":"https:\/\/essencialmaquinas.com.br\/blog\/wp-content\/uploads\/2021\/12\/essencial-maquinas-logo.png","contentUrl":"https:\/\/essencialmaquinas.com.br\/blog\/wp-content\/uploads\/2021\/12\/essencial-maquinas-logo.png","width":250,"height":67,"caption":"Essencial M\u00e1quinas de Caf\u00e9"},"image":{"@id":"https:\/\/essencialmaquinas.com.br\/#\/schema\/logo\/image\/"},"sameAs":["https:\/\/www.facebook.com\/essencialmaquinas\/","https:\/\/www.instagram.com\/essencial_maquinas\/","https:\/\/www.youtube.com\/channel\/UCRV9nmg2xPS4gy_Lil7BWVQ"]},{"@type":"Person","@id":"https:\/\/essencialmaquinas.com.br\/#\/schema\/person\/c321763d791f5ab47f06f495e1c03e24","name":"Diogo Negrello","image":{"@type":"ImageObject","inLanguage":"pt-BR","@id":"https:\/\/essencialmaquinas.com.br\/blog\/wp-content\/uploads\/2025\/10\/cropped-diogo-negrello-96x96.webp","url":"https:\/\/essencialmaquinas.com.br\/blog\/wp-content\/uploads\/2025\/10\/cropped-diogo-negrello-96x96.webp","contentUrl":"https:\/\/essencialmaquinas.com.br\/blog\/wp-content\/uploads\/2025\/10\/cropped-diogo-negrello-96x96.webp","caption":"Diogo Negrello"},"description":"Diogo Artur Negrello \u00e9 CEO da Essencial M\u00e1quinas de Caf\u00e9, sediada em Porto Alegre (RS). Formado pela PUC-RS, Diogo lidera a empresa desde sua funda\u00e7\u00e3o em 2015, atuando no mercado de loca\u00e7\u00e3o, venda e manuten\u00e7\u00e3o de m\u00e1quinas autom\u00e1ticas de caf\u00e9 para ambientes corporativos e eventos. Com foco em excel\u00eancia, inova\u00e7\u00e3o e experi\u00eancia de consumo, acredita que \u201cuma boa x\u00edcara de caf\u00e9 pode ser o come\u00e7o de grandes ideias\u201d. Fora do expediente, \u00e9 casado, torcedor do SC Internacional e est\u00e1 sempre aprendendo. Siga-o no Instagram @diogonegrello para acompanhar sua vis\u00e3o e a trajet\u00f3ria da Essencial M\u00e1quinas de Caf\u00e9.","sameAs":["https:\/\/essencialmaquinas.com.br\/","https:\/\/www.instagram.com\/diogonegrello\/"],"url":"https:\/\/essencialmaquinas.com.br\/blog\/author\/negrello_diogo_redator\/"}]}},"_links":{"self":[{"href":"https:\/\/essencialmaquinas.com.br\/blog\/wp-json\/wp\/v2\/posts\/6049","targetHints":{"allow":["GET"]}}],"collection":[{"href":"https:\/\/essencialmaquinas.com.br\/blog\/wp-json\/wp\/v2\/posts"}],"about":[{"href":"https:\/\/essencialmaquinas.com.br\/blog\/wp-json\/wp\/v2\/types\/post"}],"author":[{"embeddable":true,"href":"https:\/\/essencialmaquinas.com.br\/blog\/wp-json\/wp\/v2\/users\/4"}],"replies":[{"embeddable":true,"href":"https:\/\/essencialmaquinas.com.br\/blog\/wp-json\/wp\/v2\/comments?post=6049"}],"version-history":[{"count":1,"href":"https:\/\/essencialmaquinas.com.br\/blog\/wp-json\/wp\/v2\/posts\/6049\/revisions"}],"predecessor-version":[{"id":6050,"href":"https:\/\/essencialmaquinas.com.br\/blog\/wp-json\/wp\/v2\/posts\/6049\/revisions\/6050"}],"wp:featuredmedia":[{"embeddable":true,"href":"https:\/\/essencialmaquinas.com.br\/blog\/wp-json\/wp\/v2\/media\/6052"}],"wp:attachment":[{"href":"https:\/\/essencialmaquinas.com.br\/blog\/wp-json\/wp\/v2\/media?parent=6049"}],"wp:term":[{"taxonomy":"category","embeddable":true,"href":"https:\/\/essencialmaquinas.com.br\/blog\/wp-json\/wp\/v2\/categories?post=6049"},{"taxonomy":"post_tag","embeddable":true,"href":"https:\/\/essencialmaquinas.com.br\/blog\/wp-json\/wp\/v2\/tags?post=6049"}],"curies":[{"name":"wp","href":"https:\/\/api.w.org\/{rel}","templated":true}]}}