{"id":6054,"date":"2022-08-25T09:51:00","date_gmt":"2022-08-25T12:51:00","guid":{"rendered":"https:\/\/blog.essencialmaquinas.com.br\/?p=6054"},"modified":"2024-08-19T10:40:07","modified_gmt":"2024-08-19T13:40:07","slug":"por-que-alugar-maquina-de-cafe-para-eventos-como-expointer","status":"publish","type":"post","link":"https:\/\/essencialmaquinas.com.br\/blog\/por-que-alugar-maquina-de-cafe-para-eventos-como-expointer\/","title":{"rendered":"Por que alugar uma m\u00e1quina de caf\u00e9 para grandes eventos e feiras, como a Expointer?"},"content":{"rendered":"\n<p>Se voc\u00ea ficou curioso ou curiosa para saber por qual raz\u00e3o voc\u00ea deve alugar uma m\u00e1quina de caf\u00e9 em um grande evento, como a <a href=\"https:\/\/www.expointer.rs.gov.br\/\" target=\"_blank\" rel=\"noreferrer noopener\">Expointer<\/a>, saiba que n\u00f3s, aqui da <a href=\"https:\/\/essencialmaquinas.com.br\/\">Essencial M\u00e1quinas de Caf\u00e9<\/a>, separamos os principais motivos e vamos te apresentar logo abaixo.<\/p>\n\n\n\n<figure class=\"wp-block-image size-full\"><img decoding=\"async\" width=\"800\" height=\"533\" src=\"https:\/\/essencialmaquinas.com.br\/blog\/wp-content\/uploads\/2022\/08\/expointer-2022.jpeg\" alt=\"\" class=\"wp-image-6064\" srcset=\"https:\/\/essencialmaquinas.com.br\/blog\/wp-content\/uploads\/2022\/08\/expointer-2022.jpeg 800w, https:\/\/essencialmaquinas.com.br\/blog\/wp-content\/uploads\/2022\/08\/expointer-2022-300x200.jpeg 300w, https:\/\/essencialmaquinas.com.br\/blog\/wp-content\/uploads\/2022\/08\/expointer-2022-768x512.jpeg 768w\" sizes=\"(max-width: 800px) 100vw, 800px\" \/><figcaption><a href=\"https:\/\/www.expointer.rs.gov.br\/\" target=\"_blank\" rel=\"noreferrer noopener\">Expointer 2022<\/a><\/figcaption><\/figure>\n\n\n\n<h2 class=\"wp-block-heading\"><a><\/a>1 &#8211; \u00c9 uma das bebidas mais consumidas pelos brasileiros<\/h2>\n\n\n\n<p>Diversas pesquisas feitas ao longo dos \u00faltimos anos apontaram o caf\u00e9 como uma das bebidas <strong>mais consumidas<\/strong> pelos brasileiros, perdendo apenas para a \u00e1gua.<\/p>\n\n\n\n<p>Inclusive, se perguntarmos para algumas pessoas, n\u00e3o ser\u00e1 t\u00e3o dif\u00edcil encontrar algu\u00e9m que tome mais caf\u00e9 do que \u00e1gua no seu dia a dia, visto que muitas pessoas n\u00e3o possuem o h\u00e1bito de tomar \u00e1gua na frequ\u00eancia correta.<\/p>\n\n\n\n<p>Entendendo ent\u00e3o a presen\u00e7a do caf\u00e9 na vida das pessoas, adicionar uma m\u00e1quina de caf\u00e9 em um evento pode tornar o seu stand ou o evento como um todo ainda mais atrativo, chamando a aten\u00e7\u00e3o inclusive de pessoas que talvez inicialmente nem visitariam o local.<\/p>\n\n\n\n<h2 class=\"wp-block-heading\"><a><\/a>2 &#8211; Possui um custo-benef\u00edcio muito positivo<\/h2>\n\n\n\n<p>Muitas pessoas, quando buscam maneiras para tornar seus eventos mais atrativos, pesquisam por uma s\u00e9rie de vantagens que eles podem adicionar ao evento.<\/p>\n\n\n\n<p>Por\u00e9m, uma simples m\u00e1quina de caf\u00e9 pode, por si s\u00f3, ser este benef\u00edcio, justamente por abranger muitas pessoas. E seu custo, na maioria dos casos, acaba sendo inferior ao custo de outras \u201catra\u00e7\u00f5es\u201d para o evento. Somando ent\u00e3o o fato de abranger muitas pessoas com um custo reduzido, tem-se um <strong>saldo bem positivo<\/strong> do custo-benef\u00edcio.<\/p>\n\n\n\n<h2 class=\"wp-block-heading\"><a><\/a>3 &#8211; \u00c9 um m\u00e9todo simples e pr\u00e1tico de agregar valor<\/h2>\n\n\n\n<p>O processo para alugar uma m\u00e1quina de caf\u00e9, indo desde a pesquisa at\u00e9 a m\u00e1quina devidamente instalada no evento, \u00e9 um tanto quanto <strong>simples<\/strong>.<\/p>\n\n\n\n<p>E a simplicidade deste processo pode superar diversos outros processos de instala\u00e7\u00e3o de equipamentos ou outros tipos de vantagens que os organizadores de um evento venham a buscar.<\/p>\n\n\n\n<p>Al\u00e9m da simplicidade, o fato de agregar muito valor \u00e9 algo bastante percept\u00edvel, visto que diversas pessoas param para tomar um cafezinho no meio do evento.<\/p>\n\n\n\n<h2 class=\"wp-block-heading\"><a><\/a>4 &#8211; Variedade em uma s\u00f3 m\u00e1quina<\/h2>\n\n\n\n<p>Uma m\u00e1quina de caf\u00e9, dependendo do modelo, n\u00e3o produz apenas caf\u00e9, mas sim uma certa variedade de bebidas, atingindo ainda mais pessoas.<\/p>\n\n\n\n<p>Quem n\u00e3o \u00e9 habituado a tomar caf\u00e9, ou simplesmente n\u00e3o gosta, tem a op\u00e7\u00e3o de tomar um chocolate ou at\u00e9, em alguns casos, um bom ch\u00e1.<\/p>\n\n\n\n<h2 class=\"wp-block-heading\"><a><\/a>Fa\u00e7a um or\u00e7amento e alugue uma m\u00e1quina de caf\u00e9<\/h2>\n\n\n\n<p>Entendendo as vantagens e a import\u00e2ncia de alugar uma m\u00e1quina de caf\u00e9 em um grande evento, como a pr\u00f3pria Expointer, devido a grande exposi\u00e7\u00e3o que este evento traz, vem o momento ent\u00e3o de encontrar qual a <strong>melhor empresa<\/strong> para se realizar a loca\u00e7\u00e3o.<\/p>\n\n\n\n<p>E nossa principal recomenda\u00e7\u00e3o para loca\u00e7\u00e3o de m\u00e1quinas \u00e9 justamente a <a href=\"https:\/\/essencialmaquinas.com.br\/\">Essencial M\u00e1quinas de Caf\u00e9<\/a>, por conta de toda a estrutura e equipe preparada para melhor atender o cliente.<\/p>\n\n\n\n<p>Presente na regi\u00e3o de Porto Alegre, a <a href=\"https:\/\/essencialmaquinas.com.br\/\">Essencial M\u00e1quinas de Caf\u00e9<\/a> est\u00e1 preparada para grandes eventos, como a <a href=\"https:\/\/www.expointer.rs.gov.br\/\" target=\"_blank\" rel=\"noreferrer noopener\">Expointer<\/a>, e consegue oferecer um excelente servi\u00e7o.<\/p>\n\n\n\n<p>Fa\u00e7a um or\u00e7amento (pelos telefones (51) 3519.0772 ou (51) 3519.0776, ou ent\u00e3o <a href=\"https:\/\/api.whatsapp.com\/send?phone=5551997172863\">pelo WhatsApp<\/a>) e alugue j\u00e1 uma m\u00e1quina de caf\u00e9 para o seu evento!<\/p>\n\n\n\n<div class=\"wp-block-group is-layout-flow wp-block-group-is-layout-flow\">\n<div class=\"wp-block-cover aligncenter has-parallax is-light has-white-color has-text-color has-link-color wp-elements-7bd5d06bb064756df6c127ce23aab4b7\" style=\"min-height:20rem;aspect-ratio:unset;\"><span aria-hidden=\"true\" class=\"wp-block-cover__background has-background-dim-0 has-background-dim\"><\/span><div class=\"wp-block-cover__image-background wp-image-5948 has-parallax\" style=\"background-position:50% 50%;background-image:url(https:\/\/essencialmaquinas.com.br\/blog\/wp-content\/uploads\/2021\/12\/coffee-cup-parallax.jpg)\"><\/div><div class=\"wp-block-cover__inner-container is-layout-flow wp-block-cover-is-layout-flow\">\n<div class=\"wp-block-columns is-layout-flex wp-container-core-columns-is-layout-9d6595d7 wp-block-columns-is-layout-flex\">\n<div class=\"wp-block-column is-layout-flow wp-block-column-is-layout-flow\" style=\"flex-basis:69%\">\n<div class=\"wp-block-buttons is-layout-flex wp-block-buttons-is-layout-flex\">\n<div class=\"wp-block-button has-custom-font-size is-style-outline is-style-outline--1\" style=\"font-size:15px\"><a class=\"wp-block-button__link wp-element-button\" href=\"https:\/\/essencialmaquinas.com.br\/aluguel-de-maquina-de-cafe\" target=\"_blank\" rel=\"noreferrer noopener\"> Aluguel de M\u00e1quina de Caf\u00e9<\/a><\/div>\n\n\n\n<div class=\"wp-block-button has-custom-font-size is-style-outline is-style-outline--2\" style=\"font-size:15px\"><a class=\"wp-block-button__link wp-element-button\" href=\"https:\/\/essencialmaquinas.com.br\/maquina-de-cafe-para-venda\" target=\"_blank\" rel=\"noreferrer noopener\"> M\u00e1quina de Caf\u00e9 para Venda <\/a><\/div>\n\n\n\n<div class=\"wp-block-button has-custom-font-size is-style-outline is-style-outline--3\" style=\"font-size:15px\"><a class=\"wp-block-button__link wp-element-button\" href=\"https:\/\/essencialmaquinas.com.br\/maquina-de-cafe-comodato\" target=\"_blank\" rel=\"noreferrer noopener\">M\u00e1quina de Caf\u00e9 em Comodato<\/a><\/div>\n\n\n\n<div class=\"wp-block-button has-custom-font-size is-style-outline is-style-outline--4\" style=\"font-size:15px\"><a class=\"wp-block-button__link wp-element-button\" href=\"https:\/\/essencialmaquinas.com.br\/maquina-de-cafe-para-evento\" target=\"_blank\" rel=\"noreferrer noopener\">M\u00e1quina de Caf\u00e9 para Evento<\/a><\/div>\n<\/div>\n<\/div>\n\n\n\n<div class=\"wp-block-column is-layout-flow wp-block-column-is-layout-flow\"><\/div>\n<\/div>\n<\/div><\/div>\n\n\n\n<p>Ligue em um dos nossos telefones &#8211; <a href=\"tel:+55-51-35190772\">(51) 3519.0772<\/a> ou <a href=\"tel:+55-51-35190772\">(51) <\/a><a href=\"tel:+55-51-35190776\">3519.0776<\/a>, <a rel=\"noreferrer noopener\" href=\"https:\/\/essencialmaquinas.com.br\/\" target=\"_blank\">visite nosso site<\/a> ou nos chame no <a rel=\"noreferrer noopener\" href=\"https:\/\/api.whatsapp.com\/send?phone=5551997172863\" target=\"_blank\">WhatsApp da Essencial M\u00e1quina de Caf\u00e9<\/a> e fique por dentro de todos os produtos que oferecemos, al\u00e9m das condi\u00e7\u00f5es de contrato e op\u00e7\u00f5es para o seu escrit\u00f3rio.<\/p>\n<\/div>\n","protected":false},"excerpt":{"rendered":"<p>Se voc\u00ea ficou curioso ou curiosa para saber por qual raz\u00e3o voc\u00ea deve alugar uma m\u00e1quina de caf\u00e9 em um grande evento, como a Expointer,&#8230;<\/p>\n","protected":false},"author":4,"featured_media":6063,"comment_status":"closed","ping_status":"closed","sticky":false,"template":"","format":"standard","meta":{"footnotes":""},"categories":[26,23],"tags":[36,90,87,89,88,48],"class_list":{"0":"post-6054","1":"post","2":"type-post","3":"status-publish","4":"format-standard","5":"has-post-thumbnail","7":"category-dicas","8":"category-maquinas-de-cafe","9":"tag-aluguel-de-maquina-de-cafe","10":"tag-eventos","11":"tag-expointer","12":"tag-feiras","13":"tag-feiras-e-eventos","14":"tag-locacao-de-maquina-de-cafe"},"yoast_head":"<!-- This site is optimized with the Yoast SEO plugin v27.5 - https:\/\/yoast.com\/product\/yoast-seo-wordpress\/ -->\n<title>Por que alugar uma m\u00e1quina de caf\u00e9 para grandes eventos e feiras, como a Expointer?<\/title>\n<meta name=\"description\" content=\"Descubra por que alugar uma m\u00e1quina de caf\u00e9 para eventos como a Expointer pode ser um diferencial. Garanta conforto e satisfa\u00e7\u00e3o aos participantes com essa solu\u00e7\u00e3o pr\u00e1tica e sofisticada.\" \/>\n<meta name=\"robots\" content=\"index, follow, max-snippet:-1, max-image-preview:large, max-video-preview:-1\" \/>\n<link rel=\"canonical\" href=\"https:\/\/essencialmaquinas.com.br\/blog\/por-que-alugar-maquina-de-cafe-para-eventos-como-expointer\/\" \/>\n<meta property=\"og:locale\" content=\"pt_BR\" \/>\n<meta property=\"og:type\" content=\"article\" \/>\n<meta property=\"og:title\" content=\"Por que alugar uma m\u00e1quina de caf\u00e9 para grandes eventos e feiras, como a Expointer?\" \/>\n<meta property=\"og:description\" content=\"Descubra por que alugar uma m\u00e1quina de caf\u00e9 para eventos como a Expointer pode ser um diferencial. Garanta conforto e satisfa\u00e7\u00e3o aos participantes com essa solu\u00e7\u00e3o pr\u00e1tica e sofisticada.\" \/>\n<meta property=\"og:url\" content=\"https:\/\/essencialmaquinas.com.br\/blog\/por-que-alugar-maquina-de-cafe-para-eventos-como-expointer\/\" \/>\n<meta property=\"og:site_name\" content=\"Essencial M\u00e1quinas de Caf\u00e9\" \/>\n<meta property=\"article:publisher\" content=\"https:\/\/www.facebook.com\/essencialmaquinas\/\" \/>\n<meta property=\"article:published_time\" content=\"2022-08-25T12:51:00+00:00\" \/>\n<meta property=\"article:modified_time\" content=\"2024-08-19T13:40:07+00:00\" \/>\n<meta property=\"og:image\" content=\"https:\/\/essencialmaquinas.com.br\/blog\/wp-content\/uploads\/2022\/08\/feira-e-eventos.jpg\" \/>\n\t<meta property=\"og:image:width\" content=\"1920\" \/>\n\t<meta property=\"og:image:height\" content=\"1280\" \/>\n\t<meta property=\"og:image:type\" content=\"image\/jpeg\" \/>\n<meta name=\"author\" content=\"Diogo Negrello\" \/>\n<meta name=\"twitter:card\" content=\"summary_large_image\" \/>\n<meta name=\"twitter:label1\" content=\"Escrito por\" \/>\n\t<meta name=\"twitter:data1\" content=\"Diogo Negrello\" \/>\n\t<meta name=\"twitter:label2\" content=\"Est. tempo de leitura\" \/>\n\t<meta name=\"twitter:data2\" content=\"3 minutos\" \/>\n<script type=\"application\/ld+json\" class=\"yoast-schema-graph\">{\"@context\":\"https:\\\/\\\/schema.org\",\"@graph\":[{\"@type\":\"Article\",\"@id\":\"https:\\\/\\\/essencialmaquinas.com.br\\\/blog\\\/por-que-alugar-maquina-de-cafe-para-eventos-como-expointer\\\/#article\",\"isPartOf\":{\"@id\":\"https:\\\/\\\/essencialmaquinas.com.br\\\/blog\\\/por-que-alugar-maquina-de-cafe-para-eventos-como-expointer\\\/\"},\"author\":{\"name\":\"Diogo Negrello\",\"@id\":\"https:\\\/\\\/essencialmaquinas.com.br\\\/#\\\/schema\\\/person\\\/c321763d791f5ab47f06f495e1c03e24\"},\"headline\":\"Por que alugar uma m\u00e1quina de caf\u00e9 para grandes eventos e feiras, como a Expointer?\",\"datePublished\":\"2022-08-25T12:51:00+00:00\",\"dateModified\":\"2024-08-19T13:40:07+00:00\",\"mainEntityOfPage\":{\"@id\":\"https:\\\/\\\/essencialmaquinas.com.br\\\/blog\\\/por-que-alugar-maquina-de-cafe-para-eventos-como-expointer\\\/\"},\"wordCount\":580,\"publisher\":{\"@id\":\"https:\\\/\\\/essencialmaquinas.com.br\\\/#organization\"},\"image\":{\"@id\":\"https:\\\/\\\/essencialmaquinas.com.br\\\/blog\\\/por-que-alugar-maquina-de-cafe-para-eventos-como-expointer\\\/#primaryimage\"},\"thumbnailUrl\":\"https:\\\/\\\/essencialmaquinas.com.br\\\/blog\\\/wp-content\\\/uploads\\\/2022\\\/08\\\/feira-e-eventos.jpg\",\"keywords\":[\"aluguel de m\u00e1quina de caf\u00e9\",\"eventos\",\"expointer\",\"feiras\",\"feiras e eventos\",\"loca\u00e7\u00e3o de m\u00e1quina de caf\u00e9\"],\"articleSection\":[\"Dicas\",\"M\u00e1quinas de Caf\u00e9\"],\"inLanguage\":\"pt-BR\"},{\"@type\":\"WebPage\",\"@id\":\"https:\\\/\\\/essencialmaquinas.com.br\\\/blog\\\/por-que-alugar-maquina-de-cafe-para-eventos-como-expointer\\\/\",\"url\":\"https:\\\/\\\/essencialmaquinas.com.br\\\/blog\\\/por-que-alugar-maquina-de-cafe-para-eventos-como-expointer\\\/\",\"name\":\"Por que alugar uma m\u00e1quina de caf\u00e9 para grandes eventos e feiras, como a Expointer?\",\"isPartOf\":{\"@id\":\"https:\\\/\\\/essencialmaquinas.com.br\\\/#website\"},\"primaryImageOfPage\":{\"@id\":\"https:\\\/\\\/essencialmaquinas.com.br\\\/blog\\\/por-que-alugar-maquina-de-cafe-para-eventos-como-expointer\\\/#primaryimage\"},\"image\":{\"@id\":\"https:\\\/\\\/essencialmaquinas.com.br\\\/blog\\\/por-que-alugar-maquina-de-cafe-para-eventos-como-expointer\\\/#primaryimage\"},\"thumbnailUrl\":\"https:\\\/\\\/essencialmaquinas.com.br\\\/blog\\\/wp-content\\\/uploads\\\/2022\\\/08\\\/feira-e-eventos.jpg\",\"datePublished\":\"2022-08-25T12:51:00+00:00\",\"dateModified\":\"2024-08-19T13:40:07+00:00\",\"description\":\"Descubra por que alugar uma m\u00e1quina de caf\u00e9 para eventos como a Expointer pode ser um diferencial. Garanta conforto e satisfa\u00e7\u00e3o aos participantes com essa solu\u00e7\u00e3o pr\u00e1tica e sofisticada.\",\"breadcrumb\":{\"@id\":\"https:\\\/\\\/essencialmaquinas.com.br\\\/blog\\\/por-que-alugar-maquina-de-cafe-para-eventos-como-expointer\\\/#breadcrumb\"},\"inLanguage\":\"pt-BR\",\"potentialAction\":[{\"@type\":\"ReadAction\",\"target\":[\"https:\\\/\\\/essencialmaquinas.com.br\\\/blog\\\/por-que-alugar-maquina-de-cafe-para-eventos-como-expointer\\\/\"]}]},{\"@type\":\"ImageObject\",\"inLanguage\":\"pt-BR\",\"@id\":\"https:\\\/\\\/essencialmaquinas.com.br\\\/blog\\\/por-que-alugar-maquina-de-cafe-para-eventos-como-expointer\\\/#primaryimage\",\"url\":\"https:\\\/\\\/essencialmaquinas.com.br\\\/blog\\\/wp-content\\\/uploads\\\/2022\\\/08\\\/feira-e-eventos.jpg\",\"contentUrl\":\"https:\\\/\\\/essencialmaquinas.com.br\\\/blog\\\/wp-content\\\/uploads\\\/2022\\\/08\\\/feira-e-eventos.jpg\",\"width\":1920,\"height\":1280,\"caption\":\"Feiras e eventos\"},{\"@type\":\"BreadcrumbList\",\"@id\":\"https:\\\/\\\/essencialmaquinas.com.br\\\/blog\\\/por-que-alugar-maquina-de-cafe-para-eventos-como-expointer\\\/#breadcrumb\",\"itemListElement\":[{\"@type\":\"ListItem\",\"position\":1,\"name\":\"In\u00edcio\",\"item\":\"https:\\\/\\\/essencialmaquinas.com.br\\\/blog\\\/\"},{\"@type\":\"ListItem\",\"position\":2,\"name\":\"M\u00e1quinas de Caf\u00e9\",\"item\":\"https:\\\/\\\/essencialmaquinas.com.br\\\/blog\\\/category\\\/maquinas-de-cafe\\\/\"},{\"@type\":\"ListItem\",\"position\":3,\"name\":\"Por que alugar uma m\u00e1quina de caf\u00e9 para grandes eventos e feiras, como a Expointer?\"}]},{\"@type\":\"WebSite\",\"@id\":\"https:\\\/\\\/essencialmaquinas.com.br\\\/#website\",\"url\":\"https:\\\/\\\/essencialmaquinas.com.br\\\/\",\"name\":\"Essencial M\u00e1quinas de Caf\u00e9\",\"description\":\"Novidades e curiosidades sobre as m\u00e1quinas de caf\u00e9 e insumos\",\"publisher\":{\"@id\":\"https:\\\/\\\/essencialmaquinas.com.br\\\/#organization\"},\"potentialAction\":[{\"@type\":\"SearchAction\",\"target\":{\"@type\":\"EntryPoint\",\"urlTemplate\":\"https:\\\/\\\/essencialmaquinas.com.br\\\/?s={search_term_string}\"},\"query-input\":{\"@type\":\"PropertyValueSpecification\",\"valueRequired\":true,\"valueName\":\"search_term_string\"}}],\"inLanguage\":\"pt-BR\"},{\"@type\":\"Organization\",\"@id\":\"https:\\\/\\\/essencialmaquinas.com.br\\\/#organization\",\"name\":\"Essencial M\u00e1quinas de Caf\u00e9\",\"url\":\"https:\\\/\\\/essencialmaquinas.com.br\\\/\",\"logo\":{\"@type\":\"ImageObject\",\"inLanguage\":\"pt-BR\",\"@id\":\"https:\\\/\\\/essencialmaquinas.com.br\\\/#\\\/schema\\\/logo\\\/image\\\/\",\"url\":\"https:\\\/\\\/essencialmaquinas.com.br\\\/blog\\\/wp-content\\\/uploads\\\/2021\\\/12\\\/essencial-maquinas-logo.png\",\"contentUrl\":\"https:\\\/\\\/essencialmaquinas.com.br\\\/blog\\\/wp-content\\\/uploads\\\/2021\\\/12\\\/essencial-maquinas-logo.png\",\"width\":250,\"height\":67,\"caption\":\"Essencial M\u00e1quinas de Caf\u00e9\"},\"image\":{\"@id\":\"https:\\\/\\\/essencialmaquinas.com.br\\\/#\\\/schema\\\/logo\\\/image\\\/\"},\"sameAs\":[\"https:\\\/\\\/www.facebook.com\\\/essencialmaquinas\\\/\",\"https:\\\/\\\/www.instagram.com\\\/essencial_maquinas\\\/\",\"https:\\\/\\\/www.youtube.com\\\/channel\\\/UCRV9nmg2xPS4gy_Lil7BWVQ\"]},{\"@type\":\"Person\",\"@id\":\"https:\\\/\\\/essencialmaquinas.com.br\\\/#\\\/schema\\\/person\\\/c321763d791f5ab47f06f495e1c03e24\",\"name\":\"Diogo Negrello\",\"image\":{\"@type\":\"ImageObject\",\"inLanguage\":\"pt-BR\",\"@id\":\"https:\\\/\\\/essencialmaquinas.com.br\\\/blog\\\/wp-content\\\/uploads\\\/2025\\\/10\\\/cropped-diogo-negrello-96x96.webp\",\"url\":\"https:\\\/\\\/essencialmaquinas.com.br\\\/blog\\\/wp-content\\\/uploads\\\/2025\\\/10\\\/cropped-diogo-negrello-96x96.webp\",\"contentUrl\":\"https:\\\/\\\/essencialmaquinas.com.br\\\/blog\\\/wp-content\\\/uploads\\\/2025\\\/10\\\/cropped-diogo-negrello-96x96.webp\",\"caption\":\"Diogo Negrello\"},\"description\":\"Diogo Artur Negrello \u00e9 CEO da Essencial M\u00e1quinas de Caf\u00e9, sediada em Porto Alegre (RS). Formado pela PUC-RS, Diogo lidera a empresa desde sua funda\u00e7\u00e3o em 2015, atuando no mercado de loca\u00e7\u00e3o, venda e manuten\u00e7\u00e3o de m\u00e1quinas autom\u00e1ticas de caf\u00e9 para ambientes corporativos e eventos. Com foco em excel\u00eancia, inova\u00e7\u00e3o e experi\u00eancia de consumo, acredita que \u201cuma boa x\u00edcara de caf\u00e9 pode ser o come\u00e7o de grandes ideias\u201d. Fora do expediente, \u00e9 casado, torcedor do SC Internacional e est\u00e1 sempre aprendendo. Siga-o no Instagram @diogonegrello para acompanhar sua vis\u00e3o e a trajet\u00f3ria da Essencial M\u00e1quinas de Caf\u00e9.\",\"sameAs\":[\"https:\\\/\\\/essencialmaquinas.com.br\\\/\",\"https:\\\/\\\/www.instagram.com\\\/diogonegrello\\\/\"],\"url\":\"https:\\\/\\\/essencialmaquinas.com.br\\\/blog\\\/author\\\/negrello_diogo_redator\\\/\"}]}<\/script>\n<!-- \/ Yoast SEO plugin. -->","yoast_head_json":{"title":"Por que alugar uma m\u00e1quina de caf\u00e9 para grandes eventos e feiras, como a Expointer?","description":"Descubra por que alugar uma m\u00e1quina de caf\u00e9 para eventos como a Expointer pode ser um diferencial. Garanta conforto e satisfa\u00e7\u00e3o aos participantes com essa solu\u00e7\u00e3o pr\u00e1tica e sofisticada.","robots":{"index":"index","follow":"follow","max-snippet":"max-snippet:-1","max-image-preview":"max-image-preview:large","max-video-preview":"max-video-preview:-1"},"canonical":"https:\/\/essencialmaquinas.com.br\/blog\/por-que-alugar-maquina-de-cafe-para-eventos-como-expointer\/","og_locale":"pt_BR","og_type":"article","og_title":"Por que alugar uma m\u00e1quina de caf\u00e9 para grandes eventos e feiras, como a Expointer?","og_description":"Descubra por que alugar uma m\u00e1quina de caf\u00e9 para eventos como a Expointer pode ser um diferencial. Garanta conforto e satisfa\u00e7\u00e3o aos participantes com essa solu\u00e7\u00e3o pr\u00e1tica e sofisticada.","og_url":"https:\/\/essencialmaquinas.com.br\/blog\/por-que-alugar-maquina-de-cafe-para-eventos-como-expointer\/","og_site_name":"Essencial M\u00e1quinas de Caf\u00e9","article_publisher":"https:\/\/www.facebook.com\/essencialmaquinas\/","article_published_time":"2022-08-25T12:51:00+00:00","article_modified_time":"2024-08-19T13:40:07+00:00","og_image":[{"width":1920,"height":1280,"url":"https:\/\/essencialmaquinas.com.br\/blog\/wp-content\/uploads\/2022\/08\/feira-e-eventos.jpg","type":"image\/jpeg"}],"author":"Diogo Negrello","twitter_card":"summary_large_image","twitter_misc":{"Escrito por":"Diogo Negrello","Est. tempo de leitura":"3 minutos"},"schema":{"@context":"https:\/\/schema.org","@graph":[{"@type":"Article","@id":"https:\/\/essencialmaquinas.com.br\/blog\/por-que-alugar-maquina-de-cafe-para-eventos-como-expointer\/#article","isPartOf":{"@id":"https:\/\/essencialmaquinas.com.br\/blog\/por-que-alugar-maquina-de-cafe-para-eventos-como-expointer\/"},"author":{"name":"Diogo Negrello","@id":"https:\/\/essencialmaquinas.com.br\/#\/schema\/person\/c321763d791f5ab47f06f495e1c03e24"},"headline":"Por que alugar uma m\u00e1quina de caf\u00e9 para grandes eventos e feiras, como a Expointer?","datePublished":"2022-08-25T12:51:00+00:00","dateModified":"2024-08-19T13:40:07+00:00","mainEntityOfPage":{"@id":"https:\/\/essencialmaquinas.com.br\/blog\/por-que-alugar-maquina-de-cafe-para-eventos-como-expointer\/"},"wordCount":580,"publisher":{"@id":"https:\/\/essencialmaquinas.com.br\/#organization"},"image":{"@id":"https:\/\/essencialmaquinas.com.br\/blog\/por-que-alugar-maquina-de-cafe-para-eventos-como-expointer\/#primaryimage"},"thumbnailUrl":"https:\/\/essencialmaquinas.com.br\/blog\/wp-content\/uploads\/2022\/08\/feira-e-eventos.jpg","keywords":["aluguel de m\u00e1quina de caf\u00e9","eventos","expointer","feiras","feiras e eventos","loca\u00e7\u00e3o de m\u00e1quina de caf\u00e9"],"articleSection":["Dicas","M\u00e1quinas de Caf\u00e9"],"inLanguage":"pt-BR"},{"@type":"WebPage","@id":"https:\/\/essencialmaquinas.com.br\/blog\/por-que-alugar-maquina-de-cafe-para-eventos-como-expointer\/","url":"https:\/\/essencialmaquinas.com.br\/blog\/por-que-alugar-maquina-de-cafe-para-eventos-como-expointer\/","name":"Por que alugar uma m\u00e1quina de caf\u00e9 para grandes eventos e feiras, como a Expointer?","isPartOf":{"@id":"https:\/\/essencialmaquinas.com.br\/#website"},"primaryImageOfPage":{"@id":"https:\/\/essencialmaquinas.com.br\/blog\/por-que-alugar-maquina-de-cafe-para-eventos-como-expointer\/#primaryimage"},"image":{"@id":"https:\/\/essencialmaquinas.com.br\/blog\/por-que-alugar-maquina-de-cafe-para-eventos-como-expointer\/#primaryimage"},"thumbnailUrl":"https:\/\/essencialmaquinas.com.br\/blog\/wp-content\/uploads\/2022\/08\/feira-e-eventos.jpg","datePublished":"2022-08-25T12:51:00+00:00","dateModified":"2024-08-19T13:40:07+00:00","description":"Descubra por que alugar uma m\u00e1quina de caf\u00e9 para eventos como a Expointer pode ser um diferencial. Garanta conforto e satisfa\u00e7\u00e3o aos participantes com essa solu\u00e7\u00e3o pr\u00e1tica e sofisticada.","breadcrumb":{"@id":"https:\/\/essencialmaquinas.com.br\/blog\/por-que-alugar-maquina-de-cafe-para-eventos-como-expointer\/#breadcrumb"},"inLanguage":"pt-BR","potentialAction":[{"@type":"ReadAction","target":["https:\/\/essencialmaquinas.com.br\/blog\/por-que-alugar-maquina-de-cafe-para-eventos-como-expointer\/"]}]},{"@type":"ImageObject","inLanguage":"pt-BR","@id":"https:\/\/essencialmaquinas.com.br\/blog\/por-que-alugar-maquina-de-cafe-para-eventos-como-expointer\/#primaryimage","url":"https:\/\/essencialmaquinas.com.br\/blog\/wp-content\/uploads\/2022\/08\/feira-e-eventos.jpg","contentUrl":"https:\/\/essencialmaquinas.com.br\/blog\/wp-content\/uploads\/2022\/08\/feira-e-eventos.jpg","width":1920,"height":1280,"caption":"Feiras e eventos"},{"@type":"BreadcrumbList","@id":"https:\/\/essencialmaquinas.com.br\/blog\/por-que-alugar-maquina-de-cafe-para-eventos-como-expointer\/#breadcrumb","itemListElement":[{"@type":"ListItem","position":1,"name":"In\u00edcio","item":"https:\/\/essencialmaquinas.com.br\/blog\/"},{"@type":"ListItem","position":2,"name":"M\u00e1quinas de Caf\u00e9","item":"https:\/\/essencialmaquinas.com.br\/blog\/category\/maquinas-de-cafe\/"},{"@type":"ListItem","position":3,"name":"Por que alugar uma m\u00e1quina de caf\u00e9 para grandes eventos e feiras, como a Expointer?"}]},{"@type":"WebSite","@id":"https:\/\/essencialmaquinas.com.br\/#website","url":"https:\/\/essencialmaquinas.com.br\/","name":"Essencial M\u00e1quinas de Caf\u00e9","description":"Novidades e curiosidades sobre as m\u00e1quinas de caf\u00e9 e insumos","publisher":{"@id":"https:\/\/essencialmaquinas.com.br\/#organization"},"potentialAction":[{"@type":"SearchAction","target":{"@type":"EntryPoint","urlTemplate":"https:\/\/essencialmaquinas.com.br\/?s={search_term_string}"},"query-input":{"@type":"PropertyValueSpecification","valueRequired":true,"valueName":"search_term_string"}}],"inLanguage":"pt-BR"},{"@type":"Organization","@id":"https:\/\/essencialmaquinas.com.br\/#organization","name":"Essencial M\u00e1quinas de Caf\u00e9","url":"https:\/\/essencialmaquinas.com.br\/","logo":{"@type":"ImageObject","inLanguage":"pt-BR","@id":"https:\/\/essencialmaquinas.com.br\/#\/schema\/logo\/image\/","url":"https:\/\/essencialmaquinas.com.br\/blog\/wp-content\/uploads\/2021\/12\/essencial-maquinas-logo.png","contentUrl":"https:\/\/essencialmaquinas.com.br\/blog\/wp-content\/uploads\/2021\/12\/essencial-maquinas-logo.png","width":250,"height":67,"caption":"Essencial M\u00e1quinas de Caf\u00e9"},"image":{"@id":"https:\/\/essencialmaquinas.com.br\/#\/schema\/logo\/image\/"},"sameAs":["https:\/\/www.facebook.com\/essencialmaquinas\/","https:\/\/www.instagram.com\/essencial_maquinas\/","https:\/\/www.youtube.com\/channel\/UCRV9nmg2xPS4gy_Lil7BWVQ"]},{"@type":"Person","@id":"https:\/\/essencialmaquinas.com.br\/#\/schema\/person\/c321763d791f5ab47f06f495e1c03e24","name":"Diogo Negrello","image":{"@type":"ImageObject","inLanguage":"pt-BR","@id":"https:\/\/essencialmaquinas.com.br\/blog\/wp-content\/uploads\/2025\/10\/cropped-diogo-negrello-96x96.webp","url":"https:\/\/essencialmaquinas.com.br\/blog\/wp-content\/uploads\/2025\/10\/cropped-diogo-negrello-96x96.webp","contentUrl":"https:\/\/essencialmaquinas.com.br\/blog\/wp-content\/uploads\/2025\/10\/cropped-diogo-negrello-96x96.webp","caption":"Diogo Negrello"},"description":"Diogo Artur Negrello \u00e9 CEO da Essencial M\u00e1quinas de Caf\u00e9, sediada em Porto Alegre (RS). Formado pela PUC-RS, Diogo lidera a empresa desde sua funda\u00e7\u00e3o em 2015, atuando no mercado de loca\u00e7\u00e3o, venda e manuten\u00e7\u00e3o de m\u00e1quinas autom\u00e1ticas de caf\u00e9 para ambientes corporativos e eventos. Com foco em excel\u00eancia, inova\u00e7\u00e3o e experi\u00eancia de consumo, acredita que \u201cuma boa x\u00edcara de caf\u00e9 pode ser o come\u00e7o de grandes ideias\u201d. Fora do expediente, \u00e9 casado, torcedor do SC Internacional e est\u00e1 sempre aprendendo. Siga-o no Instagram @diogonegrello para acompanhar sua vis\u00e3o e a trajet\u00f3ria da Essencial M\u00e1quinas de Caf\u00e9.","sameAs":["https:\/\/essencialmaquinas.com.br\/","https:\/\/www.instagram.com\/diogonegrello\/"],"url":"https:\/\/essencialmaquinas.com.br\/blog\/author\/negrello_diogo_redator\/"}]}},"_links":{"self":[{"href":"https:\/\/essencialmaquinas.com.br\/blog\/wp-json\/wp\/v2\/posts\/6054","targetHints":{"allow":["GET"]}}],"collection":[{"href":"https:\/\/essencialmaquinas.com.br\/blog\/wp-json\/wp\/v2\/posts"}],"about":[{"href":"https:\/\/essencialmaquinas.com.br\/blog\/wp-json\/wp\/v2\/types\/post"}],"author":[{"embeddable":true,"href":"https:\/\/essencialmaquinas.com.br\/blog\/wp-json\/wp\/v2\/users\/4"}],"replies":[{"embeddable":true,"href":"https:\/\/essencialmaquinas.com.br\/blog\/wp-json\/wp\/v2\/comments?post=6054"}],"version-history":[{"count":4,"href":"https:\/\/essencialmaquinas.com.br\/blog\/wp-json\/wp\/v2\/posts\/6054\/revisions"}],"predecessor-version":[{"id":6066,"href":"https:\/\/essencialmaquinas.com.br\/blog\/wp-json\/wp\/v2\/posts\/6054\/revisions\/6066"}],"wp:featuredmedia":[{"embeddable":true,"href":"https:\/\/essencialmaquinas.com.br\/blog\/wp-json\/wp\/v2\/media\/6063"}],"wp:attachment":[{"href":"https:\/\/essencialmaquinas.com.br\/blog\/wp-json\/wp\/v2\/media?parent=6054"}],"wp:term":[{"taxonomy":"category","embeddable":true,"href":"https:\/\/essencialmaquinas.com.br\/blog\/wp-json\/wp\/v2\/categories?post=6054"},{"taxonomy":"post_tag","embeddable":true,"href":"https:\/\/essencialmaquinas.com.br\/blog\/wp-json\/wp\/v2\/tags?post=6054"}],"curies":[{"name":"wp","href":"https:\/\/api.w.org\/{rel}","templated":true}]}}