{"id":6069,"date":"2022-09-12T11:07:27","date_gmt":"2022-09-12T14:07:27","guid":{"rendered":"https:\/\/blog.essencialmaquinas.com.br\/?p=6069"},"modified":"2024-09-04T09:26:47","modified_gmt":"2024-09-04T12:26:47","slug":"cafe-pode-ajudar-na-dieta","status":"publish","type":"post","link":"https:\/\/essencialmaquinas.com.br\/blog\/cafe-pode-ajudar-na-dieta\/","title":{"rendered":"Caf\u00e9 ajuda a perder peso? Veja como o Cafezinho pode ajudar na sua dieta"},"content":{"rendered":"\n<p>Todo mundo em algum momento de sua vida procurou o santo graal da dieta, uma p\u00edlula m\u00e1gica ou alimento que suprime o apetite e facilita a perda de peso.<\/p>\n\n\n\n<p>Infelizmente, n\u00e3o \u00e9 assim que as coisas funcionam, e a \u00fanica maneira de perder peso consistentemente, a longo prazo, \u00e9 tendo uma dieta saud\u00e1vel e equilibrada \u2013 tudo isso alinhado \u00e0 pr\u00e1tica regular de exerc\u00edcios, claro.<\/p>\n\n\n\n<p>Contudo, temos algumas boas not\u00edcias para os amantes de caf\u00e9. H\u00e1 evid\u00eancias crescentes de que o caf\u00e9 pode ajudar na sua dieta, seja suprimindo o apetite ou ajudando a queimar mais calorias.<\/p>\n\n\n\n<h2 class=\"wp-block-heading\"><strong>Diminui\u00e7\u00e3o do apetite<\/strong><\/h2>\n\n\n\n<p>Uma das maneiras pelas quais o caf\u00e9 pode ajud\u00e1-lo a perder peso \u00e9 reduzindo o apetite. Muitos nutricionistas afirmam que beber caf\u00e9 antes de comer pode reduzir a fome, levando o paciente a comer menos e consequentemente perder peso.\u00b9<\/p>\n\n\n\n<p>Al\u00e9m disso, o caf\u00e9 \u00e9 um bom complemento para qualquer dieta, desde que voc\u00ea n\u00e3o tenha nenhuma condi\u00e7\u00e3o de sa\u00fade restritiva.<\/p>\n\n\n\n<p>Consumir entre 1 e 4 x\u00edcaras de caf\u00e9 por dia pode ajudar a proteg\u00ea-lo de doen\u00e7as neurodegenerativas e problemas card\u00edacos; quaisquer benef\u00edcios adicionais de perda de peso podem ser considerados como um b\u00f4nus. \u00b2<\/p>\n\n\n\n<h2 class=\"wp-block-heading\"><strong>Aux\u00edlio na queima de calorias<\/strong><\/h2>\n\n\n\n<p>A supress\u00e3o do apetite n\u00e3o \u00e9 a \u00fanica maneira pela qual o caf\u00e9 pode ajud\u00e1-lo a perder peso. J\u00e1 existem evid\u00eancias cient\u00edficas que mostram uma correla\u00e7\u00e3o positiva entre o consumo de caf\u00e9 e o aumento da queima de calorias.\u00b3<\/p>\n\n\n\n<p>Mais especificamente, durante os testes realizados em laborat\u00f3rios, as pessoas que beberam mais caf\u00e9 foram mais propensas a perder peso em um determinado per\u00edodo de tempo e tamb\u00e9m reduziram um maior percentual de gordura corporal no processo.<\/p>\n\n\n\n<p>Outro estudo mostrou que o consumo de cafe\u00edna aumentou o metabolismo dos participantes em at\u00e9 11% e a queima de gordura em at\u00e9 29%. Estes s\u00e3o resultados significativos e podem contribuir com a ideia de que o caf\u00e9 pode ajudar amplamente nos seus planos de perda de peso quando combinado com uma dieta saud\u00e1vel e exerc\u00edcios regulares.*<\/p>\n\n\n\n<h2 class=\"wp-block-heading\"><strong>Caf\u00e9 como coadjuvante em sua dieta<\/strong><\/h2>\n\n\n\n<p>Uma das maneiras mais populares de incluir caf\u00e9 em um plano de dieta \u00e9 beber logo ap\u00f3s acordar. Muitas pessoas que praticam o jejum intermitente, por exemplo, advogam pelo caf\u00e9 preto pela manh\u00e3, alegando que ajuda a retardar o in\u00edcio da fome e facilita o jejum.<\/p>\n\n\n\n<p>N\u00f3s da Essencial recomendamos escolher um caf\u00e9 de qualidade, al\u00e9m de um equipamento de primeira linha, para maximizar a extra\u00e7\u00e3o de cafe\u00edna e aumentar as chances de voc\u00ea ver algum benef\u00edcio na pr\u00e1tica.<\/p>\n\n\n\n<p>Dito isso, como vimos, o caf\u00e9 pode ajudar a suprimir o apetite e aumentar o metabolismo, mas o caf\u00e9 sozinho n\u00e3o far\u00e1 voc\u00ea perder peso. Se voc\u00ea possui uma dieta saud\u00e1vel e se exercita regularmente, o caf\u00e9 pode lhe dar um empurr\u00e3ozinho extra no seu dia a dia. &nbsp;<\/p>\n\n\n\n<p>Por fim, n\u00e3o existem atalhos, e voc\u00ea provavelmente est\u00e1 desapontado se esperava que o caf\u00e9 fosse um elixir milagroso para a perda de peso. No entanto, lembre-se sempre de contar com o aux\u00edlio de um nutricionista e de uma m\u00e1quina de caf\u00e9 adequada para obter o m\u00e1ximo do seu caf\u00e9 daqui para frente.<\/p>\n\n\n\n<p>\u00b9 <a href=\"https:\/\/istoe.com.br\/cafe-diminui-tamanho-da-barriga-e-reduz-apetite-aponta-estudo\/\" target=\"_blank\" rel=\"noreferrer noopener\">https:\/\/istoe.com.br\/cafe-diminui-tamanho-da-barriga-e-reduz-apetite-aponta-estudo\/<\/a><\/p>\n\n\n\n<p>\u00b2 <a href=\"https:\/\/www.cnnbrasil.com.br\/saude\/beber-cafe-pode-beneficiar-seu-coracao-e-ajuda-lo-a-viver-mais-diz-pesquisa\/\" target=\"_blank\" rel=\"noreferrer noopener\">https:\/\/www.cnnbrasil.com.br\/saude\/beber-cafe-pode-beneficiar-seu-coracao-e-ajuda-lo-a-viver-mais-diz-pesquisa\/<\/a><\/p>\n\n\n\n<p>\u00b3 <a href=\"https:\/\/ge.globo.com\/eu-atleta\/nutricao\/noticia\/cafe-meia-hora-antes-do-exercicio-aumenta-queima-de-gordura.ghtml\" target=\"_blank\" rel=\"noreferrer noopener\">https:\/\/ge.globo.com\/eu-atleta\/nutricao\/noticia\/cafe-meia-hora-antes-do-exercicio-aumenta-queima-de-gordura.ghtml<\/a><\/p>\n\n\n\n<p>* <a href=\"https:\/\/pubmed.ncbi.nlm.nih.gov\/2912010\/\" target=\"_blank\" rel=\"noreferrer noopener\">https:\/\/pubmed.ncbi.nlm.nih.gov\/2912010\/<\/a><\/p>\n\n\n\n<p><\/p>\n","protected":false},"excerpt":{"rendered":"<p>Todo mundo em algum momento de sua vida procurou o santo graal da dieta, uma p\u00edlula m\u00e1gica ou alimento que suprime o apetite e facilita&#8230;<\/p>\n","protected":false},"author":4,"featured_media":6077,"comment_status":"closed","ping_status":"closed","sticky":false,"template":"","format":"standard","meta":{"footnotes":""},"categories":[26],"tags":[27,96,98,97,99],"class_list":{"0":"post-6069","1":"post","2":"type-post","3":"status-publish","4":"format-standard","5":"has-post-thumbnail","7":"category-dicas","8":"tag-cafe","9":"tag-dieta","10":"tag-diminuicao-do-apetite","11":"tag-perder-peso","12":"tag-queima-de-calorias"},"yoast_head":"<!-- This site is optimized with the Yoast SEO plugin v27.5 - https:\/\/yoast.com\/product\/yoast-seo-wordpress\/ -->\n<title>Caf\u00e9 ajuda a perder peso? Veja como o Cafezinho pode ajudar na sua dieta<\/title>\n<meta name=\"description\" content=\"Descubra como o caf\u00e9 pode ser um aliado na sua dieta. Conhe\u00e7a os benef\u00edcios, mitos e verdades sobre o consumo de caf\u00e9 e como ele pode ajudar no controle de peso.\" \/>\n<meta name=\"robots\" content=\"index, follow, max-snippet:-1, max-image-preview:large, max-video-preview:-1\" \/>\n<link rel=\"canonical\" href=\"https:\/\/essencialmaquinas.com.br\/blog\/cafe-pode-ajudar-na-dieta\/\" \/>\n<meta property=\"og:locale\" content=\"pt_BR\" \/>\n<meta property=\"og:type\" content=\"article\" \/>\n<meta property=\"og:title\" content=\"Caf\u00e9 ajuda a perder peso? Veja como o Cafezinho pode ajudar na sua dieta\" \/>\n<meta property=\"og:description\" content=\"Descubra como o caf\u00e9 pode ser um aliado na sua dieta. Conhe\u00e7a os benef\u00edcios, mitos e verdades sobre o consumo de caf\u00e9 e como ele pode ajudar no controle de peso.\" \/>\n<meta property=\"og:url\" content=\"https:\/\/essencialmaquinas.com.br\/blog\/cafe-pode-ajudar-na-dieta\/\" \/>\n<meta property=\"og:site_name\" content=\"Essencial M\u00e1quinas de Caf\u00e9\" \/>\n<meta property=\"article:publisher\" content=\"https:\/\/www.facebook.com\/essencialmaquinas\/\" \/>\n<meta property=\"article:published_time\" content=\"2022-09-12T14:07:27+00:00\" \/>\n<meta property=\"article:modified_time\" content=\"2024-09-04T12:26:47+00:00\" \/>\n<meta property=\"og:image\" content=\"https:\/\/essencialmaquinas.com.br\/blog\/wp-content\/uploads\/2022\/09\/pexels-blue-bird-7242922-h-comp.jpg\" \/>\n\t<meta property=\"og:image:width\" content=\"1920\" \/>\n\t<meta property=\"og:image:height\" content=\"1483\" \/>\n\t<meta property=\"og:image:type\" content=\"image\/jpeg\" \/>\n<meta name=\"author\" content=\"Diogo Negrello\" \/>\n<meta name=\"twitter:card\" content=\"summary_large_image\" \/>\n<meta name=\"twitter:label1\" content=\"Escrito por\" \/>\n\t<meta name=\"twitter:data1\" content=\"Diogo Negrello\" \/>\n\t<meta name=\"twitter:label2\" content=\"Est. tempo de leitura\" \/>\n\t<meta name=\"twitter:data2\" content=\"3 minutos\" \/>\n<script type=\"application\/ld+json\" class=\"yoast-schema-graph\">{\"@context\":\"https:\\\/\\\/schema.org\",\"@graph\":[{\"@type\":\"Article\",\"@id\":\"https:\\\/\\\/essencialmaquinas.com.br\\\/blog\\\/cafe-pode-ajudar-na-dieta\\\/#article\",\"isPartOf\":{\"@id\":\"https:\\\/\\\/essencialmaquinas.com.br\\\/blog\\\/cafe-pode-ajudar-na-dieta\\\/\"},\"author\":{\"name\":\"Diogo Negrello\",\"@id\":\"https:\\\/\\\/essencialmaquinas.com.br\\\/#\\\/schema\\\/person\\\/c321763d791f5ab47f06f495e1c03e24\"},\"headline\":\"Caf\u00e9 ajuda a perder peso? Veja como o Cafezinho pode ajudar na sua dieta\",\"datePublished\":\"2022-09-12T14:07:27+00:00\",\"dateModified\":\"2024-09-04T12:26:47+00:00\",\"mainEntityOfPage\":{\"@id\":\"https:\\\/\\\/essencialmaquinas.com.br\\\/blog\\\/cafe-pode-ajudar-na-dieta\\\/\"},\"wordCount\":596,\"publisher\":{\"@id\":\"https:\\\/\\\/essencialmaquinas.com.br\\\/#organization\"},\"image\":{\"@id\":\"https:\\\/\\\/essencialmaquinas.com.br\\\/blog\\\/cafe-pode-ajudar-na-dieta\\\/#primaryimage\"},\"thumbnailUrl\":\"https:\\\/\\\/essencialmaquinas.com.br\\\/blog\\\/wp-content\\\/uploads\\\/2022\\\/09\\\/pexels-blue-bird-7242922-h-comp.jpg\",\"keywords\":[\"caf\u00e9\",\"dieta\",\"diminui\u00e7\u00e3o do apetite\",\"perder peso\",\"queima de calorias\"],\"articleSection\":[\"Dicas\"],\"inLanguage\":\"pt-BR\"},{\"@type\":\"WebPage\",\"@id\":\"https:\\\/\\\/essencialmaquinas.com.br\\\/blog\\\/cafe-pode-ajudar-na-dieta\\\/\",\"url\":\"https:\\\/\\\/essencialmaquinas.com.br\\\/blog\\\/cafe-pode-ajudar-na-dieta\\\/\",\"name\":\"Caf\u00e9 ajuda a perder peso? Veja como o Cafezinho pode ajudar na sua dieta\",\"isPartOf\":{\"@id\":\"https:\\\/\\\/essencialmaquinas.com.br\\\/#website\"},\"primaryImageOfPage\":{\"@id\":\"https:\\\/\\\/essencialmaquinas.com.br\\\/blog\\\/cafe-pode-ajudar-na-dieta\\\/#primaryimage\"},\"image\":{\"@id\":\"https:\\\/\\\/essencialmaquinas.com.br\\\/blog\\\/cafe-pode-ajudar-na-dieta\\\/#primaryimage\"},\"thumbnailUrl\":\"https:\\\/\\\/essencialmaquinas.com.br\\\/blog\\\/wp-content\\\/uploads\\\/2022\\\/09\\\/pexels-blue-bird-7242922-h-comp.jpg\",\"datePublished\":\"2022-09-12T14:07:27+00:00\",\"dateModified\":\"2024-09-04T12:26:47+00:00\",\"description\":\"Descubra como o caf\u00e9 pode ser um aliado na sua dieta. Conhe\u00e7a os benef\u00edcios, mitos e verdades sobre o consumo de caf\u00e9 e como ele pode ajudar no controle de peso.\",\"breadcrumb\":{\"@id\":\"https:\\\/\\\/essencialmaquinas.com.br\\\/blog\\\/cafe-pode-ajudar-na-dieta\\\/#breadcrumb\"},\"inLanguage\":\"pt-BR\",\"potentialAction\":[{\"@type\":\"ReadAction\",\"target\":[\"https:\\\/\\\/essencialmaquinas.com.br\\\/blog\\\/cafe-pode-ajudar-na-dieta\\\/\"]}]},{\"@type\":\"ImageObject\",\"inLanguage\":\"pt-BR\",\"@id\":\"https:\\\/\\\/essencialmaquinas.com.br\\\/blog\\\/cafe-pode-ajudar-na-dieta\\\/#primaryimage\",\"url\":\"https:\\\/\\\/essencialmaquinas.com.br\\\/blog\\\/wp-content\\\/uploads\\\/2022\\\/09\\\/pexels-blue-bird-7242922-h-comp.jpg\",\"contentUrl\":\"https:\\\/\\\/essencialmaquinas.com.br\\\/blog\\\/wp-content\\\/uploads\\\/2022\\\/09\\\/pexels-blue-bird-7242922-h-comp.jpg\",\"width\":1920,\"height\":1483,\"caption\":\"Dieta e caf\u00e9\"},{\"@type\":\"BreadcrumbList\",\"@id\":\"https:\\\/\\\/essencialmaquinas.com.br\\\/blog\\\/cafe-pode-ajudar-na-dieta\\\/#breadcrumb\",\"itemListElement\":[{\"@type\":\"ListItem\",\"position\":1,\"name\":\"In\u00edcio\",\"item\":\"https:\\\/\\\/essencialmaquinas.com.br\\\/blog\\\/\"},{\"@type\":\"ListItem\",\"position\":2,\"name\":\"Dicas\",\"item\":\"https:\\\/\\\/essencialmaquinas.com.br\\\/blog\\\/category\\\/dicas\\\/\"},{\"@type\":\"ListItem\",\"position\":3,\"name\":\"Caf\u00e9 ajuda a perder peso? Veja como o Cafezinho pode ajudar na sua dieta\"}]},{\"@type\":\"WebSite\",\"@id\":\"https:\\\/\\\/essencialmaquinas.com.br\\\/#website\",\"url\":\"https:\\\/\\\/essencialmaquinas.com.br\\\/\",\"name\":\"Essencial M\u00e1quinas de Caf\u00e9\",\"description\":\"Novidades e curiosidades sobre as m\u00e1quinas de caf\u00e9 e insumos\",\"publisher\":{\"@id\":\"https:\\\/\\\/essencialmaquinas.com.br\\\/#organization\"},\"potentialAction\":[{\"@type\":\"SearchAction\",\"target\":{\"@type\":\"EntryPoint\",\"urlTemplate\":\"https:\\\/\\\/essencialmaquinas.com.br\\\/?s={search_term_string}\"},\"query-input\":{\"@type\":\"PropertyValueSpecification\",\"valueRequired\":true,\"valueName\":\"search_term_string\"}}],\"inLanguage\":\"pt-BR\"},{\"@type\":\"Organization\",\"@id\":\"https:\\\/\\\/essencialmaquinas.com.br\\\/#organization\",\"name\":\"Essencial M\u00e1quinas de Caf\u00e9\",\"url\":\"https:\\\/\\\/essencialmaquinas.com.br\\\/\",\"logo\":{\"@type\":\"ImageObject\",\"inLanguage\":\"pt-BR\",\"@id\":\"https:\\\/\\\/essencialmaquinas.com.br\\\/#\\\/schema\\\/logo\\\/image\\\/\",\"url\":\"https:\\\/\\\/essencialmaquinas.com.br\\\/blog\\\/wp-content\\\/uploads\\\/2021\\\/12\\\/essencial-maquinas-logo.png\",\"contentUrl\":\"https:\\\/\\\/essencialmaquinas.com.br\\\/blog\\\/wp-content\\\/uploads\\\/2021\\\/12\\\/essencial-maquinas-logo.png\",\"width\":250,\"height\":67,\"caption\":\"Essencial M\u00e1quinas de Caf\u00e9\"},\"image\":{\"@id\":\"https:\\\/\\\/essencialmaquinas.com.br\\\/#\\\/schema\\\/logo\\\/image\\\/\"},\"sameAs\":[\"https:\\\/\\\/www.facebook.com\\\/essencialmaquinas\\\/\",\"https:\\\/\\\/www.instagram.com\\\/essencial_maquinas\\\/\",\"https:\\\/\\\/www.youtube.com\\\/channel\\\/UCRV9nmg2xPS4gy_Lil7BWVQ\"]},{\"@type\":\"Person\",\"@id\":\"https:\\\/\\\/essencialmaquinas.com.br\\\/#\\\/schema\\\/person\\\/c321763d791f5ab47f06f495e1c03e24\",\"name\":\"Diogo Negrello\",\"image\":{\"@type\":\"ImageObject\",\"inLanguage\":\"pt-BR\",\"@id\":\"https:\\\/\\\/essencialmaquinas.com.br\\\/blog\\\/wp-content\\\/uploads\\\/2025\\\/10\\\/cropped-diogo-negrello-96x96.webp\",\"url\":\"https:\\\/\\\/essencialmaquinas.com.br\\\/blog\\\/wp-content\\\/uploads\\\/2025\\\/10\\\/cropped-diogo-negrello-96x96.webp\",\"contentUrl\":\"https:\\\/\\\/essencialmaquinas.com.br\\\/blog\\\/wp-content\\\/uploads\\\/2025\\\/10\\\/cropped-diogo-negrello-96x96.webp\",\"caption\":\"Diogo Negrello\"},\"description\":\"Diogo Artur Negrello \u00e9 CEO da Essencial M\u00e1quinas de Caf\u00e9, sediada em Porto Alegre (RS). Formado pela PUC-RS, Diogo lidera a empresa desde sua funda\u00e7\u00e3o em 2015, atuando no mercado de loca\u00e7\u00e3o, venda e manuten\u00e7\u00e3o de m\u00e1quinas autom\u00e1ticas de caf\u00e9 para ambientes corporativos e eventos. Com foco em excel\u00eancia, inova\u00e7\u00e3o e experi\u00eancia de consumo, acredita que \u201cuma boa x\u00edcara de caf\u00e9 pode ser o come\u00e7o de grandes ideias\u201d. Fora do expediente, \u00e9 casado, torcedor do SC Internacional e est\u00e1 sempre aprendendo. Siga-o no Instagram @diogonegrello para acompanhar sua vis\u00e3o e a trajet\u00f3ria da Essencial M\u00e1quinas de Caf\u00e9.\",\"sameAs\":[\"https:\\\/\\\/essencialmaquinas.com.br\\\/\",\"https:\\\/\\\/www.instagram.com\\\/diogonegrello\\\/\"],\"url\":\"https:\\\/\\\/essencialmaquinas.com.br\\\/blog\\\/author\\\/negrello_diogo_redator\\\/\"}]}<\/script>\n<!-- \/ Yoast SEO plugin. -->","yoast_head_json":{"title":"Caf\u00e9 ajuda a perder peso? Veja como o Cafezinho pode ajudar na sua dieta","description":"Descubra como o caf\u00e9 pode ser um aliado na sua dieta. Conhe\u00e7a os benef\u00edcios, mitos e verdades sobre o consumo de caf\u00e9 e como ele pode ajudar no controle de peso.","robots":{"index":"index","follow":"follow","max-snippet":"max-snippet:-1","max-image-preview":"max-image-preview:large","max-video-preview":"max-video-preview:-1"},"canonical":"https:\/\/essencialmaquinas.com.br\/blog\/cafe-pode-ajudar-na-dieta\/","og_locale":"pt_BR","og_type":"article","og_title":"Caf\u00e9 ajuda a perder peso? Veja como o Cafezinho pode ajudar na sua dieta","og_description":"Descubra como o caf\u00e9 pode ser um aliado na sua dieta. Conhe\u00e7a os benef\u00edcios, mitos e verdades sobre o consumo de caf\u00e9 e como ele pode ajudar no controle de peso.","og_url":"https:\/\/essencialmaquinas.com.br\/blog\/cafe-pode-ajudar-na-dieta\/","og_site_name":"Essencial M\u00e1quinas de Caf\u00e9","article_publisher":"https:\/\/www.facebook.com\/essencialmaquinas\/","article_published_time":"2022-09-12T14:07:27+00:00","article_modified_time":"2024-09-04T12:26:47+00:00","og_image":[{"width":1920,"height":1483,"url":"https:\/\/essencialmaquinas.com.br\/blog\/wp-content\/uploads\/2022\/09\/pexels-blue-bird-7242922-h-comp.jpg","type":"image\/jpeg"}],"author":"Diogo Negrello","twitter_card":"summary_large_image","twitter_misc":{"Escrito por":"Diogo Negrello","Est. tempo de leitura":"3 minutos"},"schema":{"@context":"https:\/\/schema.org","@graph":[{"@type":"Article","@id":"https:\/\/essencialmaquinas.com.br\/blog\/cafe-pode-ajudar-na-dieta\/#article","isPartOf":{"@id":"https:\/\/essencialmaquinas.com.br\/blog\/cafe-pode-ajudar-na-dieta\/"},"author":{"name":"Diogo Negrello","@id":"https:\/\/essencialmaquinas.com.br\/#\/schema\/person\/c321763d791f5ab47f06f495e1c03e24"},"headline":"Caf\u00e9 ajuda a perder peso? Veja como o Cafezinho pode ajudar na sua dieta","datePublished":"2022-09-12T14:07:27+00:00","dateModified":"2024-09-04T12:26:47+00:00","mainEntityOfPage":{"@id":"https:\/\/essencialmaquinas.com.br\/blog\/cafe-pode-ajudar-na-dieta\/"},"wordCount":596,"publisher":{"@id":"https:\/\/essencialmaquinas.com.br\/#organization"},"image":{"@id":"https:\/\/essencialmaquinas.com.br\/blog\/cafe-pode-ajudar-na-dieta\/#primaryimage"},"thumbnailUrl":"https:\/\/essencialmaquinas.com.br\/blog\/wp-content\/uploads\/2022\/09\/pexels-blue-bird-7242922-h-comp.jpg","keywords":["caf\u00e9","dieta","diminui\u00e7\u00e3o do apetite","perder peso","queima de calorias"],"articleSection":["Dicas"],"inLanguage":"pt-BR"},{"@type":"WebPage","@id":"https:\/\/essencialmaquinas.com.br\/blog\/cafe-pode-ajudar-na-dieta\/","url":"https:\/\/essencialmaquinas.com.br\/blog\/cafe-pode-ajudar-na-dieta\/","name":"Caf\u00e9 ajuda a perder peso? Veja como o Cafezinho pode ajudar na sua dieta","isPartOf":{"@id":"https:\/\/essencialmaquinas.com.br\/#website"},"primaryImageOfPage":{"@id":"https:\/\/essencialmaquinas.com.br\/blog\/cafe-pode-ajudar-na-dieta\/#primaryimage"},"image":{"@id":"https:\/\/essencialmaquinas.com.br\/blog\/cafe-pode-ajudar-na-dieta\/#primaryimage"},"thumbnailUrl":"https:\/\/essencialmaquinas.com.br\/blog\/wp-content\/uploads\/2022\/09\/pexels-blue-bird-7242922-h-comp.jpg","datePublished":"2022-09-12T14:07:27+00:00","dateModified":"2024-09-04T12:26:47+00:00","description":"Descubra como o caf\u00e9 pode ser um aliado na sua dieta. Conhe\u00e7a os benef\u00edcios, mitos e verdades sobre o consumo de caf\u00e9 e como ele pode ajudar no controle de peso.","breadcrumb":{"@id":"https:\/\/essencialmaquinas.com.br\/blog\/cafe-pode-ajudar-na-dieta\/#breadcrumb"},"inLanguage":"pt-BR","potentialAction":[{"@type":"ReadAction","target":["https:\/\/essencialmaquinas.com.br\/blog\/cafe-pode-ajudar-na-dieta\/"]}]},{"@type":"ImageObject","inLanguage":"pt-BR","@id":"https:\/\/essencialmaquinas.com.br\/blog\/cafe-pode-ajudar-na-dieta\/#primaryimage","url":"https:\/\/essencialmaquinas.com.br\/blog\/wp-content\/uploads\/2022\/09\/pexels-blue-bird-7242922-h-comp.jpg","contentUrl":"https:\/\/essencialmaquinas.com.br\/blog\/wp-content\/uploads\/2022\/09\/pexels-blue-bird-7242922-h-comp.jpg","width":1920,"height":1483,"caption":"Dieta e caf\u00e9"},{"@type":"BreadcrumbList","@id":"https:\/\/essencialmaquinas.com.br\/blog\/cafe-pode-ajudar-na-dieta\/#breadcrumb","itemListElement":[{"@type":"ListItem","position":1,"name":"In\u00edcio","item":"https:\/\/essencialmaquinas.com.br\/blog\/"},{"@type":"ListItem","position":2,"name":"Dicas","item":"https:\/\/essencialmaquinas.com.br\/blog\/category\/dicas\/"},{"@type":"ListItem","position":3,"name":"Caf\u00e9 ajuda a perder peso? Veja como o Cafezinho pode ajudar na sua dieta"}]},{"@type":"WebSite","@id":"https:\/\/essencialmaquinas.com.br\/#website","url":"https:\/\/essencialmaquinas.com.br\/","name":"Essencial M\u00e1quinas de Caf\u00e9","description":"Novidades e curiosidades sobre as m\u00e1quinas de caf\u00e9 e insumos","publisher":{"@id":"https:\/\/essencialmaquinas.com.br\/#organization"},"potentialAction":[{"@type":"SearchAction","target":{"@type":"EntryPoint","urlTemplate":"https:\/\/essencialmaquinas.com.br\/?s={search_term_string}"},"query-input":{"@type":"PropertyValueSpecification","valueRequired":true,"valueName":"search_term_string"}}],"inLanguage":"pt-BR"},{"@type":"Organization","@id":"https:\/\/essencialmaquinas.com.br\/#organization","name":"Essencial M\u00e1quinas de Caf\u00e9","url":"https:\/\/essencialmaquinas.com.br\/","logo":{"@type":"ImageObject","inLanguage":"pt-BR","@id":"https:\/\/essencialmaquinas.com.br\/#\/schema\/logo\/image\/","url":"https:\/\/essencialmaquinas.com.br\/blog\/wp-content\/uploads\/2021\/12\/essencial-maquinas-logo.png","contentUrl":"https:\/\/essencialmaquinas.com.br\/blog\/wp-content\/uploads\/2021\/12\/essencial-maquinas-logo.png","width":250,"height":67,"caption":"Essencial M\u00e1quinas de Caf\u00e9"},"image":{"@id":"https:\/\/essencialmaquinas.com.br\/#\/schema\/logo\/image\/"},"sameAs":["https:\/\/www.facebook.com\/essencialmaquinas\/","https:\/\/www.instagram.com\/essencial_maquinas\/","https:\/\/www.youtube.com\/channel\/UCRV9nmg2xPS4gy_Lil7BWVQ"]},{"@type":"Person","@id":"https:\/\/essencialmaquinas.com.br\/#\/schema\/person\/c321763d791f5ab47f06f495e1c03e24","name":"Diogo Negrello","image":{"@type":"ImageObject","inLanguage":"pt-BR","@id":"https:\/\/essencialmaquinas.com.br\/blog\/wp-content\/uploads\/2025\/10\/cropped-diogo-negrello-96x96.webp","url":"https:\/\/essencialmaquinas.com.br\/blog\/wp-content\/uploads\/2025\/10\/cropped-diogo-negrello-96x96.webp","contentUrl":"https:\/\/essencialmaquinas.com.br\/blog\/wp-content\/uploads\/2025\/10\/cropped-diogo-negrello-96x96.webp","caption":"Diogo Negrello"},"description":"Diogo Artur Negrello \u00e9 CEO da Essencial M\u00e1quinas de Caf\u00e9, sediada em Porto Alegre (RS). Formado pela PUC-RS, Diogo lidera a empresa desde sua funda\u00e7\u00e3o em 2015, atuando no mercado de loca\u00e7\u00e3o, venda e manuten\u00e7\u00e3o de m\u00e1quinas autom\u00e1ticas de caf\u00e9 para ambientes corporativos e eventos. Com foco em excel\u00eancia, inova\u00e7\u00e3o e experi\u00eancia de consumo, acredita que \u201cuma boa x\u00edcara de caf\u00e9 pode ser o come\u00e7o de grandes ideias\u201d. Fora do expediente, \u00e9 casado, torcedor do SC Internacional e est\u00e1 sempre aprendendo. Siga-o no Instagram @diogonegrello para acompanhar sua vis\u00e3o e a trajet\u00f3ria da Essencial M\u00e1quinas de Caf\u00e9.","sameAs":["https:\/\/essencialmaquinas.com.br\/","https:\/\/www.instagram.com\/diogonegrello\/"],"url":"https:\/\/essencialmaquinas.com.br\/blog\/author\/negrello_diogo_redator\/"}]}},"_links":{"self":[{"href":"https:\/\/essencialmaquinas.com.br\/blog\/wp-json\/wp\/v2\/posts\/6069","targetHints":{"allow":["GET"]}}],"collection":[{"href":"https:\/\/essencialmaquinas.com.br\/blog\/wp-json\/wp\/v2\/posts"}],"about":[{"href":"https:\/\/essencialmaquinas.com.br\/blog\/wp-json\/wp\/v2\/types\/post"}],"author":[{"embeddable":true,"href":"https:\/\/essencialmaquinas.com.br\/blog\/wp-json\/wp\/v2\/users\/4"}],"replies":[{"embeddable":true,"href":"https:\/\/essencialmaquinas.com.br\/blog\/wp-json\/wp\/v2\/comments?post=6069"}],"version-history":[{"count":5,"href":"https:\/\/essencialmaquinas.com.br\/blog\/wp-json\/wp\/v2\/posts\/6069\/revisions"}],"predecessor-version":[{"id":6144,"href":"https:\/\/essencialmaquinas.com.br\/blog\/wp-json\/wp\/v2\/posts\/6069\/revisions\/6144"}],"wp:featuredmedia":[{"embeddable":true,"href":"https:\/\/essencialmaquinas.com.br\/blog\/wp-json\/wp\/v2\/media\/6077"}],"wp:attachment":[{"href":"https:\/\/essencialmaquinas.com.br\/blog\/wp-json\/wp\/v2\/media?parent=6069"}],"wp:term":[{"taxonomy":"category","embeddable":true,"href":"https:\/\/essencialmaquinas.com.br\/blog\/wp-json\/wp\/v2\/categories?post=6069"},{"taxonomy":"post_tag","embeddable":true,"href":"https:\/\/essencialmaquinas.com.br\/blog\/wp-json\/wp\/v2\/tags?post=6069"}],"curies":[{"name":"wp","href":"https:\/\/api.w.org\/{rel}","templated":true}]}}