{"id":6079,"date":"2022-09-09T15:51:00","date_gmt":"2022-09-09T18:51:00","guid":{"rendered":"https:\/\/blog.essencialmaquinas.com.br\/?p=6079"},"modified":"2024-08-19T10:38:58","modified_gmt":"2024-08-19T13:38:58","slug":"aluguel-de-maquina-de-cafe-para-padaria","status":"publish","type":"post","link":"https:\/\/essencialmaquinas.com.br\/blog\/aluguel-de-maquina-de-cafe-para-padaria\/","title":{"rendered":"Aluguel de m\u00e1quina de caf\u00e9 para padaria: Vale a pena?"},"content":{"rendered":"\n<p>Fornecer caf\u00e9 com uma \u00f3tima qualidade que atende as expectativas dos clientes, repetidamente, \u00e9 uma parte indispens\u00e1vel para garantir a fidelidade em qualquer estabelecimento, seja em uma cafeteria ou em uma padaria.<\/p>\n\n\n\n<p>No entanto, para alcan\u00e7ar essa consist\u00eancia, \u00e9 importante escolher o caf\u00e9, o equipamento e o fornecedor certos. Isso garante que os clientes obtenham a mesma bebida de alta qualidade, n\u00e3o importa em que momento do dia ou como fa\u00e7am seu pedido.<\/p>\n\n\n\n<p>Para saber se vale a pena para propriet\u00e1rios de padarias optar pelo modelo de aluguel de m\u00e1quina de caf\u00e9 para seus neg\u00f3cios, n\u00f3s da Essencial separamos algumas quest\u00f5es para se ter em mente antes de voc\u00ea tomar sua decis\u00e3o.<\/p>\n\n\n\n<h2 class=\"wp-block-heading\"><strong>Volume de clientes e or\u00e7amento<\/strong><\/h2>\n\n\n\n<p>Primeiramente, voc\u00ea precisa pensar em quantos clientes voc\u00ea espera atender. Voc\u00ea pode fazer isso observando e fazendo anota\u00e7\u00f5es sobre o volume de pedidos em sua padaria em diferentes momentos do dia.<\/p>\n\n\n\n<p>A partir disso, voc\u00ea conhecer\u00e1 qual \u00e9 o hor\u00e1rio de pico e quantos clientes sua loja precisa atender. Dessa forma, a longo prazo, voc\u00ea tamb\u00e9m saber\u00e1 quando deve mudar sua m\u00e1quina para obter um melhor desempenho e oferecer um melhor atendimento para seus clientes.<\/p>\n\n\n\n<p>Al\u00e9m disso, quanto voc\u00ea est\u00e1 disposto a gastar em sua m\u00e1quina de caf\u00e9? Decidir quanto do seu or\u00e7amento pode ser destinado a o aluguel de m\u00e1quina de caf\u00e9 ajudar\u00e1 voc\u00ea a restringir suas op\u00e7\u00f5es.<\/p>\n\n\n\n<h2 class=\"wp-block-heading\"><strong>Menu x Equipamento<\/strong><\/h2>\n\n\n\n<p>Selecionar uma m\u00e1quina adequada para o seu menu \u00e9 extremamente importante. Voc\u00ea oferecer\u00e1 bebidas com leite? Pretende vender tamb\u00e9m ch\u00e1s al\u00e9m de caf\u00e9s? O caf\u00e9 preto \u00e9 \u2018suficiente\u2019 ou um expresso ser\u00e1 necess\u00e1rio? Essas e outras perguntas influenciar\u00e3o seus planos de realizar um aluguel de m\u00e1quina de caf\u00e9.<\/p>\n\n\n\n<p>Al\u00e9m disso, quem s\u00e3o seus clientes? Embora a resposta f\u00e1cil seja \u201cqualquer pessoa que v\u00e1 a minha padaria\u201d, voc\u00ea deve dar uma olhada em como a demografia afeta seu menu.<\/p>\n\n\n\n<p>Se a sua padaria estiver localizada perto de um campus universit\u00e1rio, por exemplo, caf\u00e9s gourmet, ch\u00e1s e caf\u00e9s gelados ser\u00e3o boas op\u00e7\u00f5es para seu menu.<\/p>\n\n\n\n<p>J\u00e1 em um local pr\u00f3ximo a escrit\u00f3rios ou \u00e1reas comerciais, o caf\u00e9 preto e o famoso \u2018pingado\u2019 s\u00e3o escolhas muito procuradas \u2013 ambas as op\u00e7\u00f5es devem estar presentes no menu de qualquer padaria. &nbsp;<\/p>\n\n\n\n<h2 class=\"wp-block-heading\"><strong>Encontrando um fornecedor<\/strong><\/h2>\n\n\n\n<p>Al\u00e9m de definir se o aluguel de m\u00e1quina de caf\u00e9 \u00e9 a melhor op\u00e7\u00e3o para seu neg\u00f3cio, encontrar a melhor op\u00e7\u00e3o de equipamento para sua padaria pode ser um desafio, especialmente quando voc\u00ea \u00e9 novo no setor.<\/p>\n\n\n\n<p>Existem v\u00e1rias m\u00e1quinas de caf\u00e9 para escolher, todas com diversos recursos a serem considerados. No entanto, ao fazer pesquisas e parcerias com os fornecedores certos, voc\u00ea poder\u00e1 encontrar a m\u00e1quina ideal que atende \u00e0s suas necessidades.<\/p>\n\n\n\n<p>Ent\u00e3o, por onde voc\u00ea deve come\u00e7ar? Antes de tomar sua decis\u00e3o definitiva por conta pr\u00f3pria, converse com um fornecedor que possa ajud\u00e1-lo nesse processo de decis\u00e3o. Descubra qual m\u00e1quina \u00e9 ideal para seu or\u00e7amento e se ela se adequar\u00e1 \u00e0s suas necessidades.<\/p>\n\n\n\n<p>Aqui na <a href=\"https:\/\/essencialmaquinas.com.br\/\" target=\"_blank\" rel=\"noreferrer noopener\">Essencial<\/a> n\u00e3o apenas fornecemos caf\u00e9 e outros ingredientes, tamb\u00e9m ajudamos nossos clientes no processo de escolha do equipamento certo para sua padaria. N\u00e3o deixe de entrar em contato conosco se voc\u00ea pretende alugar uma m\u00e1quina de caf\u00e9 em Porto Alegre, Regi\u00e3o Metropolitana ou na Serra Ga\u00facha. Temos certeza de que podemos ajud\u00e1-lo!<\/p>\n\n\n\n<div class=\"wp-block-group is-layout-flow wp-block-group-is-layout-flow\">\n<div class=\"wp-block-cover aligncenter has-parallax is-light has-white-color has-text-color has-link-color wp-elements-7bd5d06bb064756df6c127ce23aab4b7\" style=\"min-height:20rem;aspect-ratio:unset;\"><span aria-hidden=\"true\" class=\"wp-block-cover__background has-background-dim-0 has-background-dim\"><\/span><div class=\"wp-block-cover__image-background wp-image-5948 has-parallax\" style=\"background-position:50% 50%;background-image:url(https:\/\/essencialmaquinas.com.br\/blog\/wp-content\/uploads\/2021\/12\/coffee-cup-parallax.jpg)\"><\/div><div class=\"wp-block-cover__inner-container is-layout-flow wp-block-cover-is-layout-flow\">\n<div class=\"wp-block-columns is-layout-flex wp-container-core-columns-is-layout-9d6595d7 wp-block-columns-is-layout-flex\">\n<div class=\"wp-block-column is-layout-flow wp-block-column-is-layout-flow\" style=\"flex-basis:69%\">\n<div class=\"wp-block-buttons is-layout-flex wp-block-buttons-is-layout-flex\">\n<div class=\"wp-block-button has-custom-font-size is-style-outline is-style-outline--1\" style=\"font-size:15px\"><a class=\"wp-block-button__link wp-element-button\" href=\"https:\/\/essencialmaquinas.com.br\/aluguel-de-maquina-de-cafe\" target=\"_blank\" rel=\"noreferrer noopener\"> Aluguel de M\u00e1quina de Caf\u00e9<\/a><\/div>\n\n\n\n<div class=\"wp-block-button has-custom-font-size is-style-outline is-style-outline--2\" style=\"font-size:15px\"><a class=\"wp-block-button__link wp-element-button\" href=\"https:\/\/essencialmaquinas.com.br\/maquina-de-cafe-para-venda\" target=\"_blank\" rel=\"noreferrer noopener\"> M\u00e1quina de Caf\u00e9 para Venda <\/a><\/div>\n\n\n\n<div class=\"wp-block-button has-custom-font-size is-style-outline is-style-outline--3\" style=\"font-size:15px\"><a class=\"wp-block-button__link wp-element-button\" href=\"https:\/\/essencialmaquinas.com.br\/maquina-de-cafe-comodato\" target=\"_blank\" rel=\"noreferrer noopener\">M\u00e1quina de Caf\u00e9 em Comodato<\/a><\/div>\n\n\n\n<div class=\"wp-block-button has-custom-font-size is-style-outline is-style-outline--4\" style=\"font-size:15px\"><a class=\"wp-block-button__link wp-element-button\" href=\"https:\/\/essencialmaquinas.com.br\/maquina-de-cafe-para-evento\" target=\"_blank\" rel=\"noreferrer noopener\">M\u00e1quina de Caf\u00e9 para Evento<\/a><\/div>\n<\/div>\n<\/div>\n\n\n\n<div class=\"wp-block-column is-layout-flow wp-block-column-is-layout-flow\"><\/div>\n<\/div>\n<\/div><\/div>\n\n\n\n<p>Ligue em um dos nossos telefones &#8211; <a href=\"tel:+55-51-35190772\">(51) 3519.0772<\/a> ou <a href=\"tel:+55-51-35190772\">(51) <\/a><a href=\"tel:+55-51-35190776\">3519.0776<\/a>, <a rel=\"noreferrer noopener\" href=\"https:\/\/essencialmaquinas.com.br\/\" target=\"_blank\">visite nosso site<\/a> ou nos chame no <a rel=\"noreferrer noopener\" href=\"https:\/\/api.whatsapp.com\/send?phone=5551997172863\" target=\"_blank\">WhatsApp da Essencial M\u00e1quina de Caf\u00e9<\/a> e fique por dentro de todos os produtos que oferecemos, al\u00e9m das condi\u00e7\u00f5es de contrato e op\u00e7\u00f5es para o seu escrit\u00f3rio.<\/p>\n<\/div>\n","protected":false},"excerpt":{"rendered":"<p>Fornecer caf\u00e9 com uma \u00f3tima qualidade que atende as expectativas dos clientes, repetidamente, \u00e9 uma parte indispens\u00e1vel para garantir a fidelidade em qualquer estabelecimento, seja&#8230;<\/p>\n","protected":false},"author":4,"featured_media":6078,"comment_status":"closed","ping_status":"closed","sticky":false,"template":"","format":"standard","meta":{"footnotes":""},"categories":[26,23],"tags":[36,48,28,100],"class_list":{"0":"post-6079","1":"post","2":"type-post","3":"status-publish","4":"format-standard","5":"has-post-thumbnail","7":"category-dicas","8":"category-maquinas-de-cafe","9":"tag-aluguel-de-maquina-de-cafe","10":"tag-locacao-de-maquina-de-cafe","11":"tag-maquina-de-cafe","12":"tag-padaria"},"yoast_head":"<!-- This site is optimized with the Yoast SEO plugin v27.5 - https:\/\/yoast.com\/product\/yoast-seo-wordpress\/ -->\n<title>Aluguel de m\u00e1quina de caf\u00e9 para padaria: Vale a pena?<\/title>\n<meta name=\"description\" content=\"Aluguel de m\u00e1quina de caf\u00e9 para padaria: ofere\u00e7a mais sabor e conveni\u00eancia aos seus clientes. Descubra como essa solu\u00e7\u00e3o pr\u00e1tica pode aumentar suas vendas e fidelizar clientes.\" \/>\n<meta name=\"robots\" content=\"index, follow, max-snippet:-1, max-image-preview:large, max-video-preview:-1\" \/>\n<link rel=\"canonical\" href=\"https:\/\/essencialmaquinas.com.br\/blog\/aluguel-de-maquina-de-cafe-para-padaria\/\" \/>\n<meta property=\"og:locale\" content=\"pt_BR\" \/>\n<meta property=\"og:type\" content=\"article\" \/>\n<meta property=\"og:title\" content=\"Aluguel de m\u00e1quina de caf\u00e9 para padaria: Vale a pena?\" \/>\n<meta property=\"og:description\" content=\"Aluguel de m\u00e1quina de caf\u00e9 para padaria: ofere\u00e7a mais sabor e conveni\u00eancia aos seus clientes. Descubra como essa solu\u00e7\u00e3o pr\u00e1tica pode aumentar suas vendas e fidelizar clientes.\" \/>\n<meta property=\"og:url\" content=\"https:\/\/essencialmaquinas.com.br\/blog\/aluguel-de-maquina-de-cafe-para-padaria\/\" \/>\n<meta property=\"og:site_name\" content=\"Essencial M\u00e1quinas de Caf\u00e9\" \/>\n<meta property=\"article:publisher\" content=\"https:\/\/www.facebook.com\/essencialmaquinas\/\" \/>\n<meta property=\"article:published_time\" content=\"2022-09-09T18:51:00+00:00\" \/>\n<meta property=\"article:modified_time\" content=\"2024-08-19T13:38:58+00:00\" \/>\n<meta property=\"og:image\" content=\"https:\/\/essencialmaquinas.com.br\/blog\/wp-content\/uploads\/2022\/09\/pexels-katerina-holmes-5910744.jpg\" \/>\n\t<meta property=\"og:image:width\" content=\"1920\" \/>\n\t<meta property=\"og:image:height\" content=\"1280\" \/>\n\t<meta property=\"og:image:type\" content=\"image\/jpeg\" \/>\n<meta name=\"author\" content=\"Diogo Negrello\" \/>\n<meta name=\"twitter:card\" content=\"summary_large_image\" \/>\n<meta name=\"twitter:label1\" content=\"Escrito por\" \/>\n\t<meta name=\"twitter:data1\" content=\"Diogo Negrello\" \/>\n\t<meta name=\"twitter:label2\" content=\"Est. tempo de leitura\" \/>\n\t<meta name=\"twitter:data2\" content=\"3 minutos\" \/>\n<script type=\"application\/ld+json\" class=\"yoast-schema-graph\">{\"@context\":\"https:\\\/\\\/schema.org\",\"@graph\":[{\"@type\":\"Article\",\"@id\":\"https:\\\/\\\/essencialmaquinas.com.br\\\/blog\\\/aluguel-de-maquina-de-cafe-para-padaria\\\/#article\",\"isPartOf\":{\"@id\":\"https:\\\/\\\/essencialmaquinas.com.br\\\/blog\\\/aluguel-de-maquina-de-cafe-para-padaria\\\/\"},\"author\":{\"name\":\"Diogo Negrello\",\"@id\":\"https:\\\/\\\/essencialmaquinas.com.br\\\/#\\\/schema\\\/person\\\/c321763d791f5ab47f06f495e1c03e24\"},\"headline\":\"Aluguel de m\u00e1quina de caf\u00e9 para padaria: Vale a pena?\",\"datePublished\":\"2022-09-09T18:51:00+00:00\",\"dateModified\":\"2024-08-19T13:38:58+00:00\",\"mainEntityOfPage\":{\"@id\":\"https:\\\/\\\/essencialmaquinas.com.br\\\/blog\\\/aluguel-de-maquina-de-cafe-para-padaria\\\/\"},\"wordCount\":605,\"publisher\":{\"@id\":\"https:\\\/\\\/essencialmaquinas.com.br\\\/#organization\"},\"image\":{\"@id\":\"https:\\\/\\\/essencialmaquinas.com.br\\\/blog\\\/aluguel-de-maquina-de-cafe-para-padaria\\\/#primaryimage\"},\"thumbnailUrl\":\"https:\\\/\\\/essencialmaquinas.com.br\\\/blog\\\/wp-content\\\/uploads\\\/2022\\\/09\\\/pexels-katerina-holmes-5910744.jpg\",\"keywords\":[\"aluguel de m\u00e1quina de caf\u00e9\",\"loca\u00e7\u00e3o de m\u00e1quina de caf\u00e9\",\"m\u00e1quina de caf\u00e9\",\"padaria\"],\"articleSection\":[\"Dicas\",\"M\u00e1quinas de Caf\u00e9\"],\"inLanguage\":\"pt-BR\"},{\"@type\":\"WebPage\",\"@id\":\"https:\\\/\\\/essencialmaquinas.com.br\\\/blog\\\/aluguel-de-maquina-de-cafe-para-padaria\\\/\",\"url\":\"https:\\\/\\\/essencialmaquinas.com.br\\\/blog\\\/aluguel-de-maquina-de-cafe-para-padaria\\\/\",\"name\":\"Aluguel de m\u00e1quina de caf\u00e9 para padaria: Vale a pena?\",\"isPartOf\":{\"@id\":\"https:\\\/\\\/essencialmaquinas.com.br\\\/#website\"},\"primaryImageOfPage\":{\"@id\":\"https:\\\/\\\/essencialmaquinas.com.br\\\/blog\\\/aluguel-de-maquina-de-cafe-para-padaria\\\/#primaryimage\"},\"image\":{\"@id\":\"https:\\\/\\\/essencialmaquinas.com.br\\\/blog\\\/aluguel-de-maquina-de-cafe-para-padaria\\\/#primaryimage\"},\"thumbnailUrl\":\"https:\\\/\\\/essencialmaquinas.com.br\\\/blog\\\/wp-content\\\/uploads\\\/2022\\\/09\\\/pexels-katerina-holmes-5910744.jpg\",\"datePublished\":\"2022-09-09T18:51:00+00:00\",\"dateModified\":\"2024-08-19T13:38:58+00:00\",\"description\":\"Aluguel de m\u00e1quina de caf\u00e9 para padaria: ofere\u00e7a mais sabor e conveni\u00eancia aos seus clientes. Descubra como essa solu\u00e7\u00e3o pr\u00e1tica pode aumentar suas vendas e fidelizar clientes.\",\"breadcrumb\":{\"@id\":\"https:\\\/\\\/essencialmaquinas.com.br\\\/blog\\\/aluguel-de-maquina-de-cafe-para-padaria\\\/#breadcrumb\"},\"inLanguage\":\"pt-BR\",\"potentialAction\":[{\"@type\":\"ReadAction\",\"target\":[\"https:\\\/\\\/essencialmaquinas.com.br\\\/blog\\\/aluguel-de-maquina-de-cafe-para-padaria\\\/\"]}]},{\"@type\":\"ImageObject\",\"inLanguage\":\"pt-BR\",\"@id\":\"https:\\\/\\\/essencialmaquinas.com.br\\\/blog\\\/aluguel-de-maquina-de-cafe-para-padaria\\\/#primaryimage\",\"url\":\"https:\\\/\\\/essencialmaquinas.com.br\\\/blog\\\/wp-content\\\/uploads\\\/2022\\\/09\\\/pexels-katerina-holmes-5910744.jpg\",\"contentUrl\":\"https:\\\/\\\/essencialmaquinas.com.br\\\/blog\\\/wp-content\\\/uploads\\\/2022\\\/09\\\/pexels-katerina-holmes-5910744.jpg\",\"width\":1920,\"height\":1280,\"caption\":\"M\u00e1quina de caf\u00e9 na padaria\"},{\"@type\":\"BreadcrumbList\",\"@id\":\"https:\\\/\\\/essencialmaquinas.com.br\\\/blog\\\/aluguel-de-maquina-de-cafe-para-padaria\\\/#breadcrumb\",\"itemListElement\":[{\"@type\":\"ListItem\",\"position\":1,\"name\":\"In\u00edcio\",\"item\":\"https:\\\/\\\/essencialmaquinas.com.br\\\/blog\\\/\"},{\"@type\":\"ListItem\",\"position\":2,\"name\":\"Dicas\",\"item\":\"https:\\\/\\\/essencialmaquinas.com.br\\\/blog\\\/category\\\/dicas\\\/\"},{\"@type\":\"ListItem\",\"position\":3,\"name\":\"Aluguel de m\u00e1quina de caf\u00e9 para padaria: Vale a pena?\"}]},{\"@type\":\"WebSite\",\"@id\":\"https:\\\/\\\/essencialmaquinas.com.br\\\/#website\",\"url\":\"https:\\\/\\\/essencialmaquinas.com.br\\\/\",\"name\":\"Essencial M\u00e1quinas de Caf\u00e9\",\"description\":\"Novidades e curiosidades sobre as m\u00e1quinas de caf\u00e9 e insumos\",\"publisher\":{\"@id\":\"https:\\\/\\\/essencialmaquinas.com.br\\\/#organization\"},\"potentialAction\":[{\"@type\":\"SearchAction\",\"target\":{\"@type\":\"EntryPoint\",\"urlTemplate\":\"https:\\\/\\\/essencialmaquinas.com.br\\\/?s={search_term_string}\"},\"query-input\":{\"@type\":\"PropertyValueSpecification\",\"valueRequired\":true,\"valueName\":\"search_term_string\"}}],\"inLanguage\":\"pt-BR\"},{\"@type\":\"Organization\",\"@id\":\"https:\\\/\\\/essencialmaquinas.com.br\\\/#organization\",\"name\":\"Essencial M\u00e1quinas de Caf\u00e9\",\"url\":\"https:\\\/\\\/essencialmaquinas.com.br\\\/\",\"logo\":{\"@type\":\"ImageObject\",\"inLanguage\":\"pt-BR\",\"@id\":\"https:\\\/\\\/essencialmaquinas.com.br\\\/#\\\/schema\\\/logo\\\/image\\\/\",\"url\":\"https:\\\/\\\/essencialmaquinas.com.br\\\/blog\\\/wp-content\\\/uploads\\\/2021\\\/12\\\/essencial-maquinas-logo.png\",\"contentUrl\":\"https:\\\/\\\/essencialmaquinas.com.br\\\/blog\\\/wp-content\\\/uploads\\\/2021\\\/12\\\/essencial-maquinas-logo.png\",\"width\":250,\"height\":67,\"caption\":\"Essencial M\u00e1quinas de Caf\u00e9\"},\"image\":{\"@id\":\"https:\\\/\\\/essencialmaquinas.com.br\\\/#\\\/schema\\\/logo\\\/image\\\/\"},\"sameAs\":[\"https:\\\/\\\/www.facebook.com\\\/essencialmaquinas\\\/\",\"https:\\\/\\\/www.instagram.com\\\/essencial_maquinas\\\/\",\"https:\\\/\\\/www.youtube.com\\\/channel\\\/UCRV9nmg2xPS4gy_Lil7BWVQ\"]},{\"@type\":\"Person\",\"@id\":\"https:\\\/\\\/essencialmaquinas.com.br\\\/#\\\/schema\\\/person\\\/c321763d791f5ab47f06f495e1c03e24\",\"name\":\"Diogo Negrello\",\"image\":{\"@type\":\"ImageObject\",\"inLanguage\":\"pt-BR\",\"@id\":\"https:\\\/\\\/essencialmaquinas.com.br\\\/blog\\\/wp-content\\\/uploads\\\/2025\\\/10\\\/cropped-diogo-negrello-96x96.webp\",\"url\":\"https:\\\/\\\/essencialmaquinas.com.br\\\/blog\\\/wp-content\\\/uploads\\\/2025\\\/10\\\/cropped-diogo-negrello-96x96.webp\",\"contentUrl\":\"https:\\\/\\\/essencialmaquinas.com.br\\\/blog\\\/wp-content\\\/uploads\\\/2025\\\/10\\\/cropped-diogo-negrello-96x96.webp\",\"caption\":\"Diogo Negrello\"},\"description\":\"Diogo Artur Negrello \u00e9 CEO da Essencial M\u00e1quinas de Caf\u00e9, sediada em Porto Alegre (RS). Formado pela PUC-RS, Diogo lidera a empresa desde sua funda\u00e7\u00e3o em 2015, atuando no mercado de loca\u00e7\u00e3o, venda e manuten\u00e7\u00e3o de m\u00e1quinas autom\u00e1ticas de caf\u00e9 para ambientes corporativos e eventos. Com foco em excel\u00eancia, inova\u00e7\u00e3o e experi\u00eancia de consumo, acredita que \u201cuma boa x\u00edcara de caf\u00e9 pode ser o come\u00e7o de grandes ideias\u201d. Fora do expediente, \u00e9 casado, torcedor do SC Internacional e est\u00e1 sempre aprendendo. Siga-o no Instagram @diogonegrello para acompanhar sua vis\u00e3o e a trajet\u00f3ria da Essencial M\u00e1quinas de Caf\u00e9.\",\"sameAs\":[\"https:\\\/\\\/essencialmaquinas.com.br\\\/\",\"https:\\\/\\\/www.instagram.com\\\/diogonegrello\\\/\"],\"url\":\"https:\\\/\\\/essencialmaquinas.com.br\\\/blog\\\/author\\\/negrello_diogo_redator\\\/\"}]}<\/script>\n<!-- \/ Yoast SEO plugin. -->","yoast_head_json":{"title":"Aluguel de m\u00e1quina de caf\u00e9 para padaria: Vale a pena?","description":"Aluguel de m\u00e1quina de caf\u00e9 para padaria: ofere\u00e7a mais sabor e conveni\u00eancia aos seus clientes. Descubra como essa solu\u00e7\u00e3o pr\u00e1tica pode aumentar suas vendas e fidelizar clientes.","robots":{"index":"index","follow":"follow","max-snippet":"max-snippet:-1","max-image-preview":"max-image-preview:large","max-video-preview":"max-video-preview:-1"},"canonical":"https:\/\/essencialmaquinas.com.br\/blog\/aluguel-de-maquina-de-cafe-para-padaria\/","og_locale":"pt_BR","og_type":"article","og_title":"Aluguel de m\u00e1quina de caf\u00e9 para padaria: Vale a pena?","og_description":"Aluguel de m\u00e1quina de caf\u00e9 para padaria: ofere\u00e7a mais sabor e conveni\u00eancia aos seus clientes. Descubra como essa solu\u00e7\u00e3o pr\u00e1tica pode aumentar suas vendas e fidelizar clientes.","og_url":"https:\/\/essencialmaquinas.com.br\/blog\/aluguel-de-maquina-de-cafe-para-padaria\/","og_site_name":"Essencial M\u00e1quinas de Caf\u00e9","article_publisher":"https:\/\/www.facebook.com\/essencialmaquinas\/","article_published_time":"2022-09-09T18:51:00+00:00","article_modified_time":"2024-08-19T13:38:58+00:00","og_image":[{"width":1920,"height":1280,"url":"https:\/\/essencialmaquinas.com.br\/blog\/wp-content\/uploads\/2022\/09\/pexels-katerina-holmes-5910744.jpg","type":"image\/jpeg"}],"author":"Diogo Negrello","twitter_card":"summary_large_image","twitter_misc":{"Escrito por":"Diogo Negrello","Est. tempo de leitura":"3 minutos"},"schema":{"@context":"https:\/\/schema.org","@graph":[{"@type":"Article","@id":"https:\/\/essencialmaquinas.com.br\/blog\/aluguel-de-maquina-de-cafe-para-padaria\/#article","isPartOf":{"@id":"https:\/\/essencialmaquinas.com.br\/blog\/aluguel-de-maquina-de-cafe-para-padaria\/"},"author":{"name":"Diogo Negrello","@id":"https:\/\/essencialmaquinas.com.br\/#\/schema\/person\/c321763d791f5ab47f06f495e1c03e24"},"headline":"Aluguel de m\u00e1quina de caf\u00e9 para padaria: Vale a pena?","datePublished":"2022-09-09T18:51:00+00:00","dateModified":"2024-08-19T13:38:58+00:00","mainEntityOfPage":{"@id":"https:\/\/essencialmaquinas.com.br\/blog\/aluguel-de-maquina-de-cafe-para-padaria\/"},"wordCount":605,"publisher":{"@id":"https:\/\/essencialmaquinas.com.br\/#organization"},"image":{"@id":"https:\/\/essencialmaquinas.com.br\/blog\/aluguel-de-maquina-de-cafe-para-padaria\/#primaryimage"},"thumbnailUrl":"https:\/\/essencialmaquinas.com.br\/blog\/wp-content\/uploads\/2022\/09\/pexels-katerina-holmes-5910744.jpg","keywords":["aluguel de m\u00e1quina de caf\u00e9","loca\u00e7\u00e3o de m\u00e1quina de caf\u00e9","m\u00e1quina de caf\u00e9","padaria"],"articleSection":["Dicas","M\u00e1quinas de Caf\u00e9"],"inLanguage":"pt-BR"},{"@type":"WebPage","@id":"https:\/\/essencialmaquinas.com.br\/blog\/aluguel-de-maquina-de-cafe-para-padaria\/","url":"https:\/\/essencialmaquinas.com.br\/blog\/aluguel-de-maquina-de-cafe-para-padaria\/","name":"Aluguel de m\u00e1quina de caf\u00e9 para padaria: Vale a pena?","isPartOf":{"@id":"https:\/\/essencialmaquinas.com.br\/#website"},"primaryImageOfPage":{"@id":"https:\/\/essencialmaquinas.com.br\/blog\/aluguel-de-maquina-de-cafe-para-padaria\/#primaryimage"},"image":{"@id":"https:\/\/essencialmaquinas.com.br\/blog\/aluguel-de-maquina-de-cafe-para-padaria\/#primaryimage"},"thumbnailUrl":"https:\/\/essencialmaquinas.com.br\/blog\/wp-content\/uploads\/2022\/09\/pexels-katerina-holmes-5910744.jpg","datePublished":"2022-09-09T18:51:00+00:00","dateModified":"2024-08-19T13:38:58+00:00","description":"Aluguel de m\u00e1quina de caf\u00e9 para padaria: ofere\u00e7a mais sabor e conveni\u00eancia aos seus clientes. Descubra como essa solu\u00e7\u00e3o pr\u00e1tica pode aumentar suas vendas e fidelizar clientes.","breadcrumb":{"@id":"https:\/\/essencialmaquinas.com.br\/blog\/aluguel-de-maquina-de-cafe-para-padaria\/#breadcrumb"},"inLanguage":"pt-BR","potentialAction":[{"@type":"ReadAction","target":["https:\/\/essencialmaquinas.com.br\/blog\/aluguel-de-maquina-de-cafe-para-padaria\/"]}]},{"@type":"ImageObject","inLanguage":"pt-BR","@id":"https:\/\/essencialmaquinas.com.br\/blog\/aluguel-de-maquina-de-cafe-para-padaria\/#primaryimage","url":"https:\/\/essencialmaquinas.com.br\/blog\/wp-content\/uploads\/2022\/09\/pexels-katerina-holmes-5910744.jpg","contentUrl":"https:\/\/essencialmaquinas.com.br\/blog\/wp-content\/uploads\/2022\/09\/pexels-katerina-holmes-5910744.jpg","width":1920,"height":1280,"caption":"M\u00e1quina de caf\u00e9 na padaria"},{"@type":"BreadcrumbList","@id":"https:\/\/essencialmaquinas.com.br\/blog\/aluguel-de-maquina-de-cafe-para-padaria\/#breadcrumb","itemListElement":[{"@type":"ListItem","position":1,"name":"In\u00edcio","item":"https:\/\/essencialmaquinas.com.br\/blog\/"},{"@type":"ListItem","position":2,"name":"Dicas","item":"https:\/\/essencialmaquinas.com.br\/blog\/category\/dicas\/"},{"@type":"ListItem","position":3,"name":"Aluguel de m\u00e1quina de caf\u00e9 para padaria: Vale a pena?"}]},{"@type":"WebSite","@id":"https:\/\/essencialmaquinas.com.br\/#website","url":"https:\/\/essencialmaquinas.com.br\/","name":"Essencial M\u00e1quinas de Caf\u00e9","description":"Novidades e curiosidades sobre as m\u00e1quinas de caf\u00e9 e insumos","publisher":{"@id":"https:\/\/essencialmaquinas.com.br\/#organization"},"potentialAction":[{"@type":"SearchAction","target":{"@type":"EntryPoint","urlTemplate":"https:\/\/essencialmaquinas.com.br\/?s={search_term_string}"},"query-input":{"@type":"PropertyValueSpecification","valueRequired":true,"valueName":"search_term_string"}}],"inLanguage":"pt-BR"},{"@type":"Organization","@id":"https:\/\/essencialmaquinas.com.br\/#organization","name":"Essencial M\u00e1quinas de Caf\u00e9","url":"https:\/\/essencialmaquinas.com.br\/","logo":{"@type":"ImageObject","inLanguage":"pt-BR","@id":"https:\/\/essencialmaquinas.com.br\/#\/schema\/logo\/image\/","url":"https:\/\/essencialmaquinas.com.br\/blog\/wp-content\/uploads\/2021\/12\/essencial-maquinas-logo.png","contentUrl":"https:\/\/essencialmaquinas.com.br\/blog\/wp-content\/uploads\/2021\/12\/essencial-maquinas-logo.png","width":250,"height":67,"caption":"Essencial M\u00e1quinas de Caf\u00e9"},"image":{"@id":"https:\/\/essencialmaquinas.com.br\/#\/schema\/logo\/image\/"},"sameAs":["https:\/\/www.facebook.com\/essencialmaquinas\/","https:\/\/www.instagram.com\/essencial_maquinas\/","https:\/\/www.youtube.com\/channel\/UCRV9nmg2xPS4gy_Lil7BWVQ"]},{"@type":"Person","@id":"https:\/\/essencialmaquinas.com.br\/#\/schema\/person\/c321763d791f5ab47f06f495e1c03e24","name":"Diogo Negrello","image":{"@type":"ImageObject","inLanguage":"pt-BR","@id":"https:\/\/essencialmaquinas.com.br\/blog\/wp-content\/uploads\/2025\/10\/cropped-diogo-negrello-96x96.webp","url":"https:\/\/essencialmaquinas.com.br\/blog\/wp-content\/uploads\/2025\/10\/cropped-diogo-negrello-96x96.webp","contentUrl":"https:\/\/essencialmaquinas.com.br\/blog\/wp-content\/uploads\/2025\/10\/cropped-diogo-negrello-96x96.webp","caption":"Diogo Negrello"},"description":"Diogo Artur Negrello \u00e9 CEO da Essencial M\u00e1quinas de Caf\u00e9, sediada em Porto Alegre (RS). Formado pela PUC-RS, Diogo lidera a empresa desde sua funda\u00e7\u00e3o em 2015, atuando no mercado de loca\u00e7\u00e3o, venda e manuten\u00e7\u00e3o de m\u00e1quinas autom\u00e1ticas de caf\u00e9 para ambientes corporativos e eventos. Com foco em excel\u00eancia, inova\u00e7\u00e3o e experi\u00eancia de consumo, acredita que \u201cuma boa x\u00edcara de caf\u00e9 pode ser o come\u00e7o de grandes ideias\u201d. Fora do expediente, \u00e9 casado, torcedor do SC Internacional e est\u00e1 sempre aprendendo. Siga-o no Instagram @diogonegrello para acompanhar sua vis\u00e3o e a trajet\u00f3ria da Essencial M\u00e1quinas de Caf\u00e9.","sameAs":["https:\/\/essencialmaquinas.com.br\/","https:\/\/www.instagram.com\/diogonegrello\/"],"url":"https:\/\/essencialmaquinas.com.br\/blog\/author\/negrello_diogo_redator\/"}]}},"_links":{"self":[{"href":"https:\/\/essencialmaquinas.com.br\/blog\/wp-json\/wp\/v2\/posts\/6079","targetHints":{"allow":["GET"]}}],"collection":[{"href":"https:\/\/essencialmaquinas.com.br\/blog\/wp-json\/wp\/v2\/posts"}],"about":[{"href":"https:\/\/essencialmaquinas.com.br\/blog\/wp-json\/wp\/v2\/types\/post"}],"author":[{"embeddable":true,"href":"https:\/\/essencialmaquinas.com.br\/blog\/wp-json\/wp\/v2\/users\/4"}],"replies":[{"embeddable":true,"href":"https:\/\/essencialmaquinas.com.br\/blog\/wp-json\/wp\/v2\/comments?post=6079"}],"version-history":[{"count":1,"href":"https:\/\/essencialmaquinas.com.br\/blog\/wp-json\/wp\/v2\/posts\/6079\/revisions"}],"predecessor-version":[{"id":6080,"href":"https:\/\/essencialmaquinas.com.br\/blog\/wp-json\/wp\/v2\/posts\/6079\/revisions\/6080"}],"wp:featuredmedia":[{"embeddable":true,"href":"https:\/\/essencialmaquinas.com.br\/blog\/wp-json\/wp\/v2\/media\/6078"}],"wp:attachment":[{"href":"https:\/\/essencialmaquinas.com.br\/blog\/wp-json\/wp\/v2\/media?parent=6079"}],"wp:term":[{"taxonomy":"category","embeddable":true,"href":"https:\/\/essencialmaquinas.com.br\/blog\/wp-json\/wp\/v2\/categories?post=6079"},{"taxonomy":"post_tag","embeddable":true,"href":"https:\/\/essencialmaquinas.com.br\/blog\/wp-json\/wp\/v2\/tags?post=6079"}],"curies":[{"name":"wp","href":"https:\/\/api.w.org\/{rel}","templated":true}]}}