{"id":6083,"date":"2022-10-24T12:00:30","date_gmt":"2022-10-24T15:00:30","guid":{"rendered":"https:\/\/blog.essencialmaquinas.com.br\/?p=6083"},"modified":"2022-10-24T14:17:03","modified_gmt":"2022-10-24T17:17:03","slug":"qual-relacao-entre-cafe-e-doencas-neurodegenerativas","status":"publish","type":"post","link":"https:\/\/essencialmaquinas.com.br\/blog\/qual-relacao-entre-cafe-e-doencas-neurodegenerativas\/","title":{"rendered":"Qual a rela\u00e7\u00e3o entre o caf\u00e9 e as doen\u00e7as neurodegenerativas?"},"content":{"rendered":"\n<p>N\u00e3o consegue viver longe de uma <a href=\"https:\/\/essencialmaquinas.com.br\/\">m\u00e1quina de caf\u00e9<\/a>? Temos certeza de que voc\u00ea n\u00e3o \u00e9 o \u00fanico!<\/p>\n\n\n\n<p>Embora diversos estudos tenham mostrado historicamente alguns efeitos colaterais negativos do caf\u00e9, pesquisas recentes indicam que a bebida tamb\u00e9m pode promover uma melhora em sua sa\u00fade \u2013 desde aumentar os n\u00edveis de aten\u00e7\u00e3o no c\u00e9rebro at\u00e9 retardar a doen\u00e7a de Alzheimer e melhorar a sua mem\u00f3ria \u00e0 medida que envelhece.<\/p>\n\n\n\n<p>Ficou interessado em entender tudo isso melhor? Ent\u00e3o, continue lendo para saber alguns dos surpreendentes benef\u00edcios do caf\u00e9 para o corpo e a mente que uma m\u00e1quina de caf\u00e9 pode trazer para seu dia a dia.<\/p>\n\n\n\n<h2 class=\"wp-block-heading\"><strong>Retardo no aparecimento da doen\u00e7a de Alzheimer.<\/strong><\/h2>\n\n\n\n<p>De acordo com um estudo australiano da <em>Editch Cowan University (ECU)<\/em>, a cafe\u00edna e o caf\u00e9 podem retardar o aparecimento da doen\u00e7a de Alzheimer, mesmo em idosos que j\u00e1 apresentam alguma forma de dem\u00eancia leve. [1]\n\n\n\n<p>O estudo mostra que a cafe\u00edna bloqueia a inflama\u00e7\u00e3o no c\u00e9rebro, especificamente os receptores de adenosina, que podem iniciar uma rea\u00e7\u00e3o em cadeia que come\u00e7a o decl\u00ednio cognitivo da mente.<\/p>\n\n\n\n<p>O caf\u00e9 pode ter um efeito t\u00e3o positivo na inflama\u00e7\u00e3o no c\u00e9rebro que, segundo o mesmo estudo, adultos com mais de 65 anos que tinham n\u00edveis mais altos de cafe\u00edna no sangue evitavam ou retardavam o aparecimento da doen\u00e7a de Alzheimer.<\/p>\n\n\n\n<h2 class=\"wp-block-heading\"><strong>Melhora na fun\u00e7\u00e3o cerebral e a mem\u00f3ria.<\/strong><\/h2>\n\n\n\n<figure class=\"wp-block-image size-large\"><img decoding=\"async\" width=\"1024\" height=\"682\" src=\"https:\/\/essencialmaquinas.com.br\/blog\/wp-content\/uploads\/2022\/10\/pexels-andrea-piacquadio-3823503-1024x682.jpg\" alt=\"Senhor tomando caf\u00e9\" class=\"wp-image-6088\" srcset=\"https:\/\/essencialmaquinas.com.br\/blog\/wp-content\/uploads\/2022\/10\/pexels-andrea-piacquadio-3823503-1024x682.jpg 1024w, https:\/\/essencialmaquinas.com.br\/blog\/wp-content\/uploads\/2022\/10\/pexels-andrea-piacquadio-3823503-300x200.jpg 300w, https:\/\/essencialmaquinas.com.br\/blog\/wp-content\/uploads\/2022\/10\/pexels-andrea-piacquadio-3823503-768x512.jpg 768w, https:\/\/essencialmaquinas.com.br\/blog\/wp-content\/uploads\/2022\/10\/pexels-andrea-piacquadio-3823503-900x600.jpg 900w, https:\/\/essencialmaquinas.com.br\/blog\/wp-content\/uploads\/2022\/10\/pexels-andrea-piacquadio-3823503.jpg 1280w\" sizes=\"(max-width: 1024px) 100vw, 1024px\" \/><\/figure>\n\n\n\n<p>Um estudo feito na Universidade da Calif\u00f3rnia mostrou que adultos que consumiram 200 mg de cafe\u00edna antes de fazer um teste de mem\u00f3ria tiveram pontua\u00e7\u00f5es significativamente maiores no teste. [2]\n\n\n\n<p>Os participantes foram solicitados a olhar para as imagens e tomar a p\u00edlula de cafe\u00edna e, em seguida, voltar um dia depois para identificar as imagens que tinham visto, imagens que n\u00e3o tinham visto e imagens que eram semelhantes, mas n\u00e3o id\u00eanticas.<\/p>\n\n\n\n<p>Os pesquisadores descobriram que a cafe\u00edna melhora a mem\u00f3ria de longo prazo, otimizando o processo de consolida\u00e7\u00e3o para que a recorda\u00e7\u00e3o se torne mais f\u00e1cil de ser lembrada.<\/p>\n\n\n\n<p>\u00c9 importante notar que os participantes que receberam 300 mg de cafe\u00edna n\u00e3o se sa\u00edram significativamente melhor no teste e relataram efeitos colaterais negativos, como sensa\u00e7\u00e3o de nervosismo e dores de cabe\u00e7a.<\/p>\n\n\n\n<h2 class=\"wp-block-heading\"><strong>Prote\u00e7\u00e3o contra diabetes tipo 2.<\/strong><\/h2>\n\n\n\n<p>Por fim, voc\u00ea gosta de fazer visitas \u00e0 m\u00e1quina de caf\u00e9, mas n\u00e3o gosta dos efeitos colaterais da cafe\u00edna? Voc\u00ea ainda pode aproveitar os benef\u00edcios da bebida! Estudos mostraram que mesmo o caf\u00e9 descafeinado pode diminuir o risco de desenvolver diabetes tipo 2.<\/p>\n\n\n\n<p>O estudo descobriu que aumentar a ingest\u00e3o de caf\u00e9 em uma x\u00edcara por dia levou a uma redu\u00e7\u00e3o de 9% no risco, enquanto uma x\u00edcara por dia de caf\u00e9 descafeinado levou a uma redu\u00e7\u00e3o de 6%. [3]\n\n\n\n<p>Muitas pessoas que sofrem de diabetes tipo 2 desenvolvem a doen\u00e7a de Alzheimer \u2013 outros estudos at\u00e9 sugerem que a doen\u00e7a de Alzheimer pode ser os est\u00e1gios finais do diabetes tipo 2 ou at\u00e9 mesmo um tipo diferente de diabetes. [4]\n\n\n\n<p>Esteja voc\u00ea adquirindo uma nova <a href=\"https:\/\/essencialmaquinas.com.br\/\" target=\"_blank\" rel=\"noreferrer noopener\">m\u00e1quina de caf\u00e9<\/a> para sua empresa ou para uso pessoal, n\u00f3s da Essencial temos certeza de que al\u00e9m de um conforto matinal, como vimos at\u00e9 aqui, a bebida tem a capacidade de trazer benef\u00edcios n\u00e3o s\u00f3 para seu corpo como tamb\u00e9m para sua mente.<\/p>\n\n\n\n<div class=\"wp-block-group is-layout-flow wp-block-group-is-layout-flow\">\n<div class=\"wp-block-cover aligncenter has-parallax is-light has-white-color has-text-color has-link-color wp-elements-7bd5d06bb064756df6c127ce23aab4b7\" style=\"min-height:20rem;aspect-ratio:unset;\"><span aria-hidden=\"true\" class=\"wp-block-cover__background has-background-dim-0 has-background-dim\"><\/span><div class=\"wp-block-cover__image-background wp-image-5948 has-parallax\" style=\"background-position:50% 50%;background-image:url(https:\/\/essencialmaquinas.com.br\/blog\/wp-content\/uploads\/2021\/12\/coffee-cup-parallax.jpg)\"><\/div><div class=\"wp-block-cover__inner-container is-layout-flow wp-block-cover-is-layout-flow\">\n<div class=\"wp-block-columns is-layout-flex wp-container-core-columns-is-layout-9d6595d7 wp-block-columns-is-layout-flex\">\n<div class=\"wp-block-column is-layout-flow wp-block-column-is-layout-flow\" style=\"flex-basis:69%\">\n<div class=\"wp-block-buttons is-layout-flex wp-block-buttons-is-layout-flex\">\n<div class=\"wp-block-button has-custom-font-size is-style-outline is-style-outline--1\" style=\"font-size:15px\"><a class=\"wp-block-button__link wp-element-button\" href=\"https:\/\/essencialmaquinas.com.br\/aluguel-de-maquina-de-cafe\" target=\"_blank\" rel=\"noreferrer noopener\"> Aluguel de M\u00e1quina de Caf\u00e9<\/a><\/div>\n\n\n\n<div class=\"wp-block-button has-custom-font-size is-style-outline is-style-outline--2\" style=\"font-size:15px\"><a class=\"wp-block-button__link wp-element-button\" href=\"https:\/\/essencialmaquinas.com.br\/maquina-de-cafe-para-venda\" target=\"_blank\" rel=\"noreferrer noopener\"> M\u00e1quina de Caf\u00e9 para Venda <\/a><\/div>\n\n\n\n<div class=\"wp-block-button has-custom-font-size is-style-outline is-style-outline--3\" style=\"font-size:15px\"><a class=\"wp-block-button__link wp-element-button\" href=\"https:\/\/essencialmaquinas.com.br\/maquina-de-cafe-comodato\" target=\"_blank\" rel=\"noreferrer noopener\">M\u00e1quina de Caf\u00e9 em Comodato<\/a><\/div>\n\n\n\n<div class=\"wp-block-button has-custom-font-size is-style-outline is-style-outline--4\" style=\"font-size:15px\"><a class=\"wp-block-button__link wp-element-button\" href=\"https:\/\/essencialmaquinas.com.br\/maquina-de-cafe-para-evento\" target=\"_blank\" rel=\"noreferrer noopener\">M\u00e1quina de Caf\u00e9 para Evento<\/a><\/div>\n<\/div>\n<\/div>\n\n\n\n<div class=\"wp-block-column is-layout-flow wp-block-column-is-layout-flow\"><\/div>\n<\/div>\n<\/div><\/div>\n\n\n\n<p>Ligue em um dos nossos telefones &#8211; <a href=\"tel:+55-51-35190772\">(51) 3519.0772<\/a> ou <a href=\"tel:+55-51-35190772\">(51) <\/a><a href=\"tel:+55-51-35190776\">3519.0776<\/a>, <a rel=\"noreferrer noopener\" href=\"https:\/\/essencialmaquinas.com.br\/\" target=\"_blank\">visite nosso site<\/a> ou nos chame no <a rel=\"noreferrer noopener\" href=\"https:\/\/api.whatsapp.com\/send?phone=5551997172863\" target=\"_blank\">WhatsApp da Essencial M\u00e1quina de Caf\u00e9<\/a> e fique por dentro de todos os produtos que oferecemos, al\u00e9m das condi\u00e7\u00f5es de contrato e op\u00e7\u00f5es para o seu escrit\u00f3rio.<\/p>\n<\/div>\n\n\n\n<p>&#8212;<\/p>\n\n\n\n<ul class=\"wp-block-list\"><li>[1] <a href=\"https:\/\/olhardigital.com.br\/2021\/11\/23\/medicina-e-saude\/beber-cafe-pode-diminuir-o-risco-de-desenvolver-alzheimer-diz-estudo\">https:\/\/olhardigital.com.br\/2021\/11\/23\/medicina-e-saude\/beber-cafe-pode-diminuir-o-risco-de-desenvolver-alzheimer-diz-estudo<\/a><\/li><li>[2] <a href=\"https:\/\/gizmodo.com\/we-now-know-why-coffee-helps-to-stave-off-alzheimers-di-5950498\">https:\/\/gizmodo.com\/we-now-know-why-coffee-helps-to-stave-off-alzheimers-di-5950498<\/a><\/li><li>[3] <a href=\"https:\/\/pubmed.ncbi.nlm.nih.gov\/24150256\/\">https:\/\/pubmed.ncbi.nlm.nih.gov\/24150256\/<\/a><\/li><li>[4] <a href=\"https:\/\/diabetes.org.br\/diabetes-e-doenca-de-alzheimer-uma-interacao-de-risco-3-2\/\">https:\/\/diabetes.org.br\/diabetes-e-doenca-de-alzheimer-uma-interacao-de-risco-3-2\/<\/a><\/li><\/ul>\n\n\n\n<p><em>Cr\u00e9dito das fotos<\/em><\/p>\n\n\n\n<ul class=\"wp-block-list\" style=\"font-size:11px\"><li>Foto de Marcus Aurelius: https:\/\/www.pexels.com\/pt-br\/foto\/adulto-negocio-empresa-ocupado-6787678\/<\/li><li>Foto de Andrea Piacquadio: https:\/\/www.pexels.com\/pt-br\/foto\/ultimo-homem-bebendo-uma-bebida-quente-enquanto-esta-sentado-a-mesa-com-livros-3823503\/<\/li><\/ul>\n\n\n\n<p><\/p>\n","protected":false},"excerpt":{"rendered":"<p>N\u00e3o consegue viver longe de uma m\u00e1quina de caf\u00e9? Temos certeza de que voc\u00ea n\u00e3o \u00e9 o \u00fanico! Embora diversos estudos tenham mostrado historicamente alguns&#8230;<\/p>\n","protected":false},"author":4,"featured_media":6107,"comment_status":"closed","ping_status":"closed","sticky":false,"template":"","format":"standard","meta":{"footnotes":""},"categories":[26],"tags":[103,104,28,101],"class_list":{"0":"post-6083","1":"post","2":"type-post","3":"status-publish","4":"format-standard","5":"has-post-thumbnail","7":"category-dicas","8":"tag-alzheimer","9":"tag-funcao-cerebral","10":"tag-maquina-de-cafe","11":"tag-neurodegenerativas"},"yoast_head":"<!-- This site is optimized with the Yoast SEO plugin v27.5 - https:\/\/yoast.com\/product\/yoast-seo-wordpress\/ -->\n<title>Qual a rela\u00e7\u00e3o entre o caf\u00e9 e as doen\u00e7as neurodegenerativas?<\/title>\n<meta name=\"description\" content=\"Pesquisas indicam que o caf\u00e9 pode promover uma melhora em sua sa\u00fade, como aumentar a aten\u00e7\u00e3o no c\u00e9rebro at\u00e9 retardar a doen\u00e7a de Alzheimer\" \/>\n<meta name=\"robots\" content=\"index, follow, max-snippet:-1, max-image-preview:large, max-video-preview:-1\" \/>\n<link rel=\"canonical\" href=\"https:\/\/essencialmaquinas.com.br\/blog\/qual-relacao-entre-cafe-e-doencas-neurodegenerativas\/\" \/>\n<meta property=\"og:locale\" content=\"pt_BR\" \/>\n<meta property=\"og:type\" content=\"article\" \/>\n<meta property=\"og:title\" content=\"Qual a rela\u00e7\u00e3o entre o caf\u00e9 e as doen\u00e7as neurodegenerativas?\" \/>\n<meta property=\"og:description\" content=\"Pesquisas indicam que o caf\u00e9 pode promover uma melhora em sua sa\u00fade, como aumentar a aten\u00e7\u00e3o no c\u00e9rebro at\u00e9 retardar a doen\u00e7a de Alzheimer\" \/>\n<meta property=\"og:url\" content=\"https:\/\/essencialmaquinas.com.br\/blog\/qual-relacao-entre-cafe-e-doencas-neurodegenerativas\/\" \/>\n<meta property=\"og:site_name\" content=\"Essencial M\u00e1quinas de Caf\u00e9\" \/>\n<meta property=\"article:publisher\" content=\"https:\/\/www.facebook.com\/essencialmaquinas\/\" \/>\n<meta property=\"article:published_time\" content=\"2022-10-24T15:00:30+00:00\" \/>\n<meta property=\"article:modified_time\" content=\"2022-10-24T17:17:03+00:00\" \/>\n<meta property=\"og:image\" content=\"https:\/\/essencialmaquinas.com.br\/blog\/wp-content\/uploads\/2022\/10\/pexels-marcus-aurelius-6787678.jpg\" \/>\n\t<meta property=\"og:image:width\" content=\"1920\" \/>\n\t<meta property=\"og:image:height\" content=\"1280\" \/>\n\t<meta property=\"og:image:type\" content=\"image\/jpeg\" \/>\n<meta name=\"author\" content=\"Diogo Negrello\" \/>\n<meta name=\"twitter:card\" content=\"summary_large_image\" \/>\n<meta name=\"twitter:label1\" content=\"Escrito por\" \/>\n\t<meta name=\"twitter:data1\" content=\"Diogo Negrello\" \/>\n\t<meta name=\"twitter:label2\" content=\"Est. tempo de leitura\" \/>\n\t<meta name=\"twitter:data2\" content=\"3 minutos\" \/>\n<script type=\"application\/ld+json\" class=\"yoast-schema-graph\">{\"@context\":\"https:\\\/\\\/schema.org\",\"@graph\":[{\"@type\":\"Article\",\"@id\":\"https:\\\/\\\/essencialmaquinas.com.br\\\/blog\\\/qual-relacao-entre-cafe-e-doencas-neurodegenerativas\\\/#article\",\"isPartOf\":{\"@id\":\"https:\\\/\\\/essencialmaquinas.com.br\\\/blog\\\/qual-relacao-entre-cafe-e-doencas-neurodegenerativas\\\/\"},\"author\":{\"name\":\"Diogo Negrello\",\"@id\":\"https:\\\/\\\/essencialmaquinas.com.br\\\/#\\\/schema\\\/person\\\/c321763d791f5ab47f06f495e1c03e24\"},\"headline\":\"Qual a rela\u00e7\u00e3o entre o caf\u00e9 e as doen\u00e7as neurodegenerativas?\",\"datePublished\":\"2022-10-24T15:00:30+00:00\",\"dateModified\":\"2022-10-24T17:17:03+00:00\",\"mainEntityOfPage\":{\"@id\":\"https:\\\/\\\/essencialmaquinas.com.br\\\/blog\\\/qual-relacao-entre-cafe-e-doencas-neurodegenerativas\\\/\"},\"wordCount\":643,\"publisher\":{\"@id\":\"https:\\\/\\\/essencialmaquinas.com.br\\\/#organization\"},\"image\":{\"@id\":\"https:\\\/\\\/essencialmaquinas.com.br\\\/blog\\\/qual-relacao-entre-cafe-e-doencas-neurodegenerativas\\\/#primaryimage\"},\"thumbnailUrl\":\"https:\\\/\\\/essencialmaquinas.com.br\\\/blog\\\/wp-content\\\/uploads\\\/2022\\\/10\\\/pexels-marcus-aurelius-6787678.jpg\",\"keywords\":[\"alzheimer\",\"fun\u00e7\u00e3o cerebral\",\"m\u00e1quina de caf\u00e9\",\"neurodegenerativas\"],\"articleSection\":[\"Dicas\"],\"inLanguage\":\"pt-BR\"},{\"@type\":\"WebPage\",\"@id\":\"https:\\\/\\\/essencialmaquinas.com.br\\\/blog\\\/qual-relacao-entre-cafe-e-doencas-neurodegenerativas\\\/\",\"url\":\"https:\\\/\\\/essencialmaquinas.com.br\\\/blog\\\/qual-relacao-entre-cafe-e-doencas-neurodegenerativas\\\/\",\"name\":\"Qual a rela\u00e7\u00e3o entre o caf\u00e9 e as doen\u00e7as neurodegenerativas?\",\"isPartOf\":{\"@id\":\"https:\\\/\\\/essencialmaquinas.com.br\\\/#website\"},\"primaryImageOfPage\":{\"@id\":\"https:\\\/\\\/essencialmaquinas.com.br\\\/blog\\\/qual-relacao-entre-cafe-e-doencas-neurodegenerativas\\\/#primaryimage\"},\"image\":{\"@id\":\"https:\\\/\\\/essencialmaquinas.com.br\\\/blog\\\/qual-relacao-entre-cafe-e-doencas-neurodegenerativas\\\/#primaryimage\"},\"thumbnailUrl\":\"https:\\\/\\\/essencialmaquinas.com.br\\\/blog\\\/wp-content\\\/uploads\\\/2022\\\/10\\\/pexels-marcus-aurelius-6787678.jpg\",\"datePublished\":\"2022-10-24T15:00:30+00:00\",\"dateModified\":\"2022-10-24T17:17:03+00:00\",\"description\":\"Pesquisas indicam que o caf\u00e9 pode promover uma melhora em sua sa\u00fade, como aumentar a aten\u00e7\u00e3o no c\u00e9rebro at\u00e9 retardar a doen\u00e7a de Alzheimer\",\"breadcrumb\":{\"@id\":\"https:\\\/\\\/essencialmaquinas.com.br\\\/blog\\\/qual-relacao-entre-cafe-e-doencas-neurodegenerativas\\\/#breadcrumb\"},\"inLanguage\":\"pt-BR\",\"potentialAction\":[{\"@type\":\"ReadAction\",\"target\":[\"https:\\\/\\\/essencialmaquinas.com.br\\\/blog\\\/qual-relacao-entre-cafe-e-doencas-neurodegenerativas\\\/\"]}]},{\"@type\":\"ImageObject\",\"inLanguage\":\"pt-BR\",\"@id\":\"https:\\\/\\\/essencialmaquinas.com.br\\\/blog\\\/qual-relacao-entre-cafe-e-doencas-neurodegenerativas\\\/#primaryimage\",\"url\":\"https:\\\/\\\/essencialmaquinas.com.br\\\/blog\\\/wp-content\\\/uploads\\\/2022\\\/10\\\/pexels-marcus-aurelius-6787678.jpg\",\"contentUrl\":\"https:\\\/\\\/essencialmaquinas.com.br\\\/blog\\\/wp-content\\\/uploads\\\/2022\\\/10\\\/pexels-marcus-aurelius-6787678.jpg\",\"width\":1920,\"height\":1280,\"caption\":\"Caf\u00e9 E As Doen\u00e7as Neurodegenerativas\"},{\"@type\":\"BreadcrumbList\",\"@id\":\"https:\\\/\\\/essencialmaquinas.com.br\\\/blog\\\/qual-relacao-entre-cafe-e-doencas-neurodegenerativas\\\/#breadcrumb\",\"itemListElement\":[{\"@type\":\"ListItem\",\"position\":1,\"name\":\"In\u00edcio\",\"item\":\"https:\\\/\\\/essencialmaquinas.com.br\\\/blog\\\/\"},{\"@type\":\"ListItem\",\"position\":2,\"name\":\"Dicas\",\"item\":\"https:\\\/\\\/essencialmaquinas.com.br\\\/blog\\\/category\\\/dicas\\\/\"},{\"@type\":\"ListItem\",\"position\":3,\"name\":\"Qual a rela\u00e7\u00e3o entre o caf\u00e9 e as doen\u00e7as neurodegenerativas?\"}]},{\"@type\":\"WebSite\",\"@id\":\"https:\\\/\\\/essencialmaquinas.com.br\\\/#website\",\"url\":\"https:\\\/\\\/essencialmaquinas.com.br\\\/\",\"name\":\"Essencial M\u00e1quinas de Caf\u00e9\",\"description\":\"Novidades e curiosidades sobre as m\u00e1quinas de caf\u00e9 e insumos\",\"publisher\":{\"@id\":\"https:\\\/\\\/essencialmaquinas.com.br\\\/#organization\"},\"potentialAction\":[{\"@type\":\"SearchAction\",\"target\":{\"@type\":\"EntryPoint\",\"urlTemplate\":\"https:\\\/\\\/essencialmaquinas.com.br\\\/?s={search_term_string}\"},\"query-input\":{\"@type\":\"PropertyValueSpecification\",\"valueRequired\":true,\"valueName\":\"search_term_string\"}}],\"inLanguage\":\"pt-BR\"},{\"@type\":\"Organization\",\"@id\":\"https:\\\/\\\/essencialmaquinas.com.br\\\/#organization\",\"name\":\"Essencial M\u00e1quinas de Caf\u00e9\",\"url\":\"https:\\\/\\\/essencialmaquinas.com.br\\\/\",\"logo\":{\"@type\":\"ImageObject\",\"inLanguage\":\"pt-BR\",\"@id\":\"https:\\\/\\\/essencialmaquinas.com.br\\\/#\\\/schema\\\/logo\\\/image\\\/\",\"url\":\"https:\\\/\\\/essencialmaquinas.com.br\\\/blog\\\/wp-content\\\/uploads\\\/2021\\\/12\\\/essencial-maquinas-logo.png\",\"contentUrl\":\"https:\\\/\\\/essencialmaquinas.com.br\\\/blog\\\/wp-content\\\/uploads\\\/2021\\\/12\\\/essencial-maquinas-logo.png\",\"width\":250,\"height\":67,\"caption\":\"Essencial M\u00e1quinas de Caf\u00e9\"},\"image\":{\"@id\":\"https:\\\/\\\/essencialmaquinas.com.br\\\/#\\\/schema\\\/logo\\\/image\\\/\"},\"sameAs\":[\"https:\\\/\\\/www.facebook.com\\\/essencialmaquinas\\\/\",\"https:\\\/\\\/www.instagram.com\\\/essencial_maquinas\\\/\",\"https:\\\/\\\/www.youtube.com\\\/channel\\\/UCRV9nmg2xPS4gy_Lil7BWVQ\"]},{\"@type\":\"Person\",\"@id\":\"https:\\\/\\\/essencialmaquinas.com.br\\\/#\\\/schema\\\/person\\\/c321763d791f5ab47f06f495e1c03e24\",\"name\":\"Diogo Negrello\",\"image\":{\"@type\":\"ImageObject\",\"inLanguage\":\"pt-BR\",\"@id\":\"https:\\\/\\\/essencialmaquinas.com.br\\\/blog\\\/wp-content\\\/uploads\\\/2025\\\/10\\\/cropped-diogo-negrello-96x96.webp\",\"url\":\"https:\\\/\\\/essencialmaquinas.com.br\\\/blog\\\/wp-content\\\/uploads\\\/2025\\\/10\\\/cropped-diogo-negrello-96x96.webp\",\"contentUrl\":\"https:\\\/\\\/essencialmaquinas.com.br\\\/blog\\\/wp-content\\\/uploads\\\/2025\\\/10\\\/cropped-diogo-negrello-96x96.webp\",\"caption\":\"Diogo Negrello\"},\"description\":\"Diogo Artur Negrello \u00e9 CEO da Essencial M\u00e1quinas de Caf\u00e9, sediada em Porto Alegre (RS). Formado pela PUC-RS, Diogo lidera a empresa desde sua funda\u00e7\u00e3o em 2015, atuando no mercado de loca\u00e7\u00e3o, venda e manuten\u00e7\u00e3o de m\u00e1quinas autom\u00e1ticas de caf\u00e9 para ambientes corporativos e eventos. Com foco em excel\u00eancia, inova\u00e7\u00e3o e experi\u00eancia de consumo, acredita que \u201cuma boa x\u00edcara de caf\u00e9 pode ser o come\u00e7o de grandes ideias\u201d. Fora do expediente, \u00e9 casado, torcedor do SC Internacional e est\u00e1 sempre aprendendo. Siga-o no Instagram @diogonegrello para acompanhar sua vis\u00e3o e a trajet\u00f3ria da Essencial M\u00e1quinas de Caf\u00e9.\",\"sameAs\":[\"https:\\\/\\\/essencialmaquinas.com.br\\\/\",\"https:\\\/\\\/www.instagram.com\\\/diogonegrello\\\/\"],\"url\":\"https:\\\/\\\/essencialmaquinas.com.br\\\/blog\\\/author\\\/negrello_diogo_redator\\\/\"}]}<\/script>\n<!-- \/ Yoast SEO plugin. -->","yoast_head_json":{"title":"Qual a rela\u00e7\u00e3o entre o caf\u00e9 e as doen\u00e7as neurodegenerativas?","description":"Pesquisas indicam que o caf\u00e9 pode promover uma melhora em sua sa\u00fade, como aumentar a aten\u00e7\u00e3o no c\u00e9rebro at\u00e9 retardar a doen\u00e7a de Alzheimer","robots":{"index":"index","follow":"follow","max-snippet":"max-snippet:-1","max-image-preview":"max-image-preview:large","max-video-preview":"max-video-preview:-1"},"canonical":"https:\/\/essencialmaquinas.com.br\/blog\/qual-relacao-entre-cafe-e-doencas-neurodegenerativas\/","og_locale":"pt_BR","og_type":"article","og_title":"Qual a rela\u00e7\u00e3o entre o caf\u00e9 e as doen\u00e7as neurodegenerativas?","og_description":"Pesquisas indicam que o caf\u00e9 pode promover uma melhora em sua sa\u00fade, como aumentar a aten\u00e7\u00e3o no c\u00e9rebro at\u00e9 retardar a doen\u00e7a de Alzheimer","og_url":"https:\/\/essencialmaquinas.com.br\/blog\/qual-relacao-entre-cafe-e-doencas-neurodegenerativas\/","og_site_name":"Essencial M\u00e1quinas de Caf\u00e9","article_publisher":"https:\/\/www.facebook.com\/essencialmaquinas\/","article_published_time":"2022-10-24T15:00:30+00:00","article_modified_time":"2022-10-24T17:17:03+00:00","og_image":[{"width":1920,"height":1280,"url":"https:\/\/essencialmaquinas.com.br\/blog\/wp-content\/uploads\/2022\/10\/pexels-marcus-aurelius-6787678.jpg","type":"image\/jpeg"}],"author":"Diogo Negrello","twitter_card":"summary_large_image","twitter_misc":{"Escrito por":"Diogo Negrello","Est. tempo de leitura":"3 minutos"},"schema":{"@context":"https:\/\/schema.org","@graph":[{"@type":"Article","@id":"https:\/\/essencialmaquinas.com.br\/blog\/qual-relacao-entre-cafe-e-doencas-neurodegenerativas\/#article","isPartOf":{"@id":"https:\/\/essencialmaquinas.com.br\/blog\/qual-relacao-entre-cafe-e-doencas-neurodegenerativas\/"},"author":{"name":"Diogo Negrello","@id":"https:\/\/essencialmaquinas.com.br\/#\/schema\/person\/c321763d791f5ab47f06f495e1c03e24"},"headline":"Qual a rela\u00e7\u00e3o entre o caf\u00e9 e as doen\u00e7as neurodegenerativas?","datePublished":"2022-10-24T15:00:30+00:00","dateModified":"2022-10-24T17:17:03+00:00","mainEntityOfPage":{"@id":"https:\/\/essencialmaquinas.com.br\/blog\/qual-relacao-entre-cafe-e-doencas-neurodegenerativas\/"},"wordCount":643,"publisher":{"@id":"https:\/\/essencialmaquinas.com.br\/#organization"},"image":{"@id":"https:\/\/essencialmaquinas.com.br\/blog\/qual-relacao-entre-cafe-e-doencas-neurodegenerativas\/#primaryimage"},"thumbnailUrl":"https:\/\/essencialmaquinas.com.br\/blog\/wp-content\/uploads\/2022\/10\/pexels-marcus-aurelius-6787678.jpg","keywords":["alzheimer","fun\u00e7\u00e3o cerebral","m\u00e1quina de caf\u00e9","neurodegenerativas"],"articleSection":["Dicas"],"inLanguage":"pt-BR"},{"@type":"WebPage","@id":"https:\/\/essencialmaquinas.com.br\/blog\/qual-relacao-entre-cafe-e-doencas-neurodegenerativas\/","url":"https:\/\/essencialmaquinas.com.br\/blog\/qual-relacao-entre-cafe-e-doencas-neurodegenerativas\/","name":"Qual a rela\u00e7\u00e3o entre o caf\u00e9 e as doen\u00e7as neurodegenerativas?","isPartOf":{"@id":"https:\/\/essencialmaquinas.com.br\/#website"},"primaryImageOfPage":{"@id":"https:\/\/essencialmaquinas.com.br\/blog\/qual-relacao-entre-cafe-e-doencas-neurodegenerativas\/#primaryimage"},"image":{"@id":"https:\/\/essencialmaquinas.com.br\/blog\/qual-relacao-entre-cafe-e-doencas-neurodegenerativas\/#primaryimage"},"thumbnailUrl":"https:\/\/essencialmaquinas.com.br\/blog\/wp-content\/uploads\/2022\/10\/pexels-marcus-aurelius-6787678.jpg","datePublished":"2022-10-24T15:00:30+00:00","dateModified":"2022-10-24T17:17:03+00:00","description":"Pesquisas indicam que o caf\u00e9 pode promover uma melhora em sua sa\u00fade, como aumentar a aten\u00e7\u00e3o no c\u00e9rebro at\u00e9 retardar a doen\u00e7a de Alzheimer","breadcrumb":{"@id":"https:\/\/essencialmaquinas.com.br\/blog\/qual-relacao-entre-cafe-e-doencas-neurodegenerativas\/#breadcrumb"},"inLanguage":"pt-BR","potentialAction":[{"@type":"ReadAction","target":["https:\/\/essencialmaquinas.com.br\/blog\/qual-relacao-entre-cafe-e-doencas-neurodegenerativas\/"]}]},{"@type":"ImageObject","inLanguage":"pt-BR","@id":"https:\/\/essencialmaquinas.com.br\/blog\/qual-relacao-entre-cafe-e-doencas-neurodegenerativas\/#primaryimage","url":"https:\/\/essencialmaquinas.com.br\/blog\/wp-content\/uploads\/2022\/10\/pexels-marcus-aurelius-6787678.jpg","contentUrl":"https:\/\/essencialmaquinas.com.br\/blog\/wp-content\/uploads\/2022\/10\/pexels-marcus-aurelius-6787678.jpg","width":1920,"height":1280,"caption":"Caf\u00e9 E As Doen\u00e7as Neurodegenerativas"},{"@type":"BreadcrumbList","@id":"https:\/\/essencialmaquinas.com.br\/blog\/qual-relacao-entre-cafe-e-doencas-neurodegenerativas\/#breadcrumb","itemListElement":[{"@type":"ListItem","position":1,"name":"In\u00edcio","item":"https:\/\/essencialmaquinas.com.br\/blog\/"},{"@type":"ListItem","position":2,"name":"Dicas","item":"https:\/\/essencialmaquinas.com.br\/blog\/category\/dicas\/"},{"@type":"ListItem","position":3,"name":"Qual a rela\u00e7\u00e3o entre o caf\u00e9 e as doen\u00e7as neurodegenerativas?"}]},{"@type":"WebSite","@id":"https:\/\/essencialmaquinas.com.br\/#website","url":"https:\/\/essencialmaquinas.com.br\/","name":"Essencial M\u00e1quinas de Caf\u00e9","description":"Novidades e curiosidades sobre as m\u00e1quinas de caf\u00e9 e insumos","publisher":{"@id":"https:\/\/essencialmaquinas.com.br\/#organization"},"potentialAction":[{"@type":"SearchAction","target":{"@type":"EntryPoint","urlTemplate":"https:\/\/essencialmaquinas.com.br\/?s={search_term_string}"},"query-input":{"@type":"PropertyValueSpecification","valueRequired":true,"valueName":"search_term_string"}}],"inLanguage":"pt-BR"},{"@type":"Organization","@id":"https:\/\/essencialmaquinas.com.br\/#organization","name":"Essencial M\u00e1quinas de Caf\u00e9","url":"https:\/\/essencialmaquinas.com.br\/","logo":{"@type":"ImageObject","inLanguage":"pt-BR","@id":"https:\/\/essencialmaquinas.com.br\/#\/schema\/logo\/image\/","url":"https:\/\/essencialmaquinas.com.br\/blog\/wp-content\/uploads\/2021\/12\/essencial-maquinas-logo.png","contentUrl":"https:\/\/essencialmaquinas.com.br\/blog\/wp-content\/uploads\/2021\/12\/essencial-maquinas-logo.png","width":250,"height":67,"caption":"Essencial M\u00e1quinas de Caf\u00e9"},"image":{"@id":"https:\/\/essencialmaquinas.com.br\/#\/schema\/logo\/image\/"},"sameAs":["https:\/\/www.facebook.com\/essencialmaquinas\/","https:\/\/www.instagram.com\/essencial_maquinas\/","https:\/\/www.youtube.com\/channel\/UCRV9nmg2xPS4gy_Lil7BWVQ"]},{"@type":"Person","@id":"https:\/\/essencialmaquinas.com.br\/#\/schema\/person\/c321763d791f5ab47f06f495e1c03e24","name":"Diogo Negrello","image":{"@type":"ImageObject","inLanguage":"pt-BR","@id":"https:\/\/essencialmaquinas.com.br\/blog\/wp-content\/uploads\/2025\/10\/cropped-diogo-negrello-96x96.webp","url":"https:\/\/essencialmaquinas.com.br\/blog\/wp-content\/uploads\/2025\/10\/cropped-diogo-negrello-96x96.webp","contentUrl":"https:\/\/essencialmaquinas.com.br\/blog\/wp-content\/uploads\/2025\/10\/cropped-diogo-negrello-96x96.webp","caption":"Diogo Negrello"},"description":"Diogo Artur Negrello \u00e9 CEO da Essencial M\u00e1quinas de Caf\u00e9, sediada em Porto Alegre (RS). Formado pela PUC-RS, Diogo lidera a empresa desde sua funda\u00e7\u00e3o em 2015, atuando no mercado de loca\u00e7\u00e3o, venda e manuten\u00e7\u00e3o de m\u00e1quinas autom\u00e1ticas de caf\u00e9 para ambientes corporativos e eventos. Com foco em excel\u00eancia, inova\u00e7\u00e3o e experi\u00eancia de consumo, acredita que \u201cuma boa x\u00edcara de caf\u00e9 pode ser o come\u00e7o de grandes ideias\u201d. Fora do expediente, \u00e9 casado, torcedor do SC Internacional e est\u00e1 sempre aprendendo. Siga-o no Instagram @diogonegrello para acompanhar sua vis\u00e3o e a trajet\u00f3ria da Essencial M\u00e1quinas de Caf\u00e9.","sameAs":["https:\/\/essencialmaquinas.com.br\/","https:\/\/www.instagram.com\/diogonegrello\/"],"url":"https:\/\/essencialmaquinas.com.br\/blog\/author\/negrello_diogo_redator\/"}]}},"_links":{"self":[{"href":"https:\/\/essencialmaquinas.com.br\/blog\/wp-json\/wp\/v2\/posts\/6083","targetHints":{"allow":["GET"]}}],"collection":[{"href":"https:\/\/essencialmaquinas.com.br\/blog\/wp-json\/wp\/v2\/posts"}],"about":[{"href":"https:\/\/essencialmaquinas.com.br\/blog\/wp-json\/wp\/v2\/types\/post"}],"author":[{"embeddable":true,"href":"https:\/\/essencialmaquinas.com.br\/blog\/wp-json\/wp\/v2\/users\/4"}],"replies":[{"embeddable":true,"href":"https:\/\/essencialmaquinas.com.br\/blog\/wp-json\/wp\/v2\/comments?post=6083"}],"version-history":[{"count":8,"href":"https:\/\/essencialmaquinas.com.br\/blog\/wp-json\/wp\/v2\/posts\/6083\/revisions"}],"predecessor-version":[{"id":6108,"href":"https:\/\/essencialmaquinas.com.br\/blog\/wp-json\/wp\/v2\/posts\/6083\/revisions\/6108"}],"wp:featuredmedia":[{"embeddable":true,"href":"https:\/\/essencialmaquinas.com.br\/blog\/wp-json\/wp\/v2\/media\/6107"}],"wp:attachment":[{"href":"https:\/\/essencialmaquinas.com.br\/blog\/wp-json\/wp\/v2\/media?parent=6083"}],"wp:term":[{"taxonomy":"category","embeddable":true,"href":"https:\/\/essencialmaquinas.com.br\/blog\/wp-json\/wp\/v2\/categories?post=6083"},{"taxonomy":"post_tag","embeddable":true,"href":"https:\/\/essencialmaquinas.com.br\/blog\/wp-json\/wp\/v2\/tags?post=6083"}],"curies":[{"name":"wp","href":"https:\/\/api.w.org\/{rel}","templated":true}]}}