{"id":6097,"date":"2022-10-24T09:11:00","date_gmt":"2022-10-24T12:11:00","guid":{"rendered":"https:\/\/blog.essencialmaquinas.com.br\/?p=6097"},"modified":"2022-10-24T14:12:10","modified_gmt":"2022-10-24T17:12:10","slug":"aroma-do-cafe-afeta-nosso-humor","status":"publish","type":"post","link":"https:\/\/essencialmaquinas.com.br\/blog\/aroma-do-cafe-afeta-nosso-humor\/","title":{"rendered":"Como o aroma do caf\u00e9 afeta nosso humor?"},"content":{"rendered":"\n<p>Todos n\u00f3s reconhecemos o cheiro de caf\u00e9 quando ele est\u00e1 presente em um ambiente, certo?<\/p>\n\n\n\n<p>O aroma do caf\u00e9 \u00e9 um cheiro facilmente distingu\u00edvel. No entanto, quais imagens vem a sua mente quando voc\u00ea sente o aroma do caf\u00e9? Isso desencadeia uma mem\u00f3ria feliz ou negativa em voc\u00ea? Voc\u00ea fica contente ou irritado ao ver uma m\u00e1quina de caf\u00e9?<\/p>\n\n\n\n<p>Na maioria das vezes, o caf\u00e9 est\u00e1 associado a ambientes calmos e mem\u00f3rias agrad\u00e1veis \u2013 e esse \u00e9 o motivo pelo qual simplesmente a ess\u00eancia do caf\u00e9 pode realmente afetar positivamente o humor de algu\u00e9m.<\/p>\n\n\n\n<p>Contudo, voc\u00ea j\u00e1 parou para se perguntar por que isso acontece? A seguir, n\u00f3s da Essencial vamos responder essa e outras perguntas a respeito do assunto. Ent\u00e3o, n\u00e3o deixe de acompanhar o artigo at\u00e9 o fim para entender todos esses detalhes.<\/p>\n\n\n\n<h2 class=\"wp-block-heading\"><strong>O efeito do caf\u00e9 no c\u00e9rebro humano.<\/strong><\/h2>\n\n\n\n<figure class=\"wp-block-image size-large\"><img decoding=\"async\" width=\"1024\" height=\"683\" src=\"https:\/\/essencialmaquinas.com.br\/blog\/wp-content\/uploads\/2022\/10\/pexels-cottonbro-4827506-1024x683.jpg\" alt=\"efeito do caf\u00e9 no c\u00e9rebro humano\" class=\"wp-image-6102\" srcset=\"https:\/\/essencialmaquinas.com.br\/blog\/wp-content\/uploads\/2022\/10\/pexels-cottonbro-4827506-1024x683.jpg 1024w, https:\/\/essencialmaquinas.com.br\/blog\/wp-content\/uploads\/2022\/10\/pexels-cottonbro-4827506-300x200.jpg 300w, https:\/\/essencialmaquinas.com.br\/blog\/wp-content\/uploads\/2022\/10\/pexels-cottonbro-4827506-768x512.jpg 768w, https:\/\/essencialmaquinas.com.br\/blog\/wp-content\/uploads\/2022\/10\/pexels-cottonbro-4827506-900x600.jpg 900w, https:\/\/essencialmaquinas.com.br\/blog\/wp-content\/uploads\/2022\/10\/pexels-cottonbro-4827506.jpg 1279w\" sizes=\"(max-width: 1024px) 100vw, 1024px\" \/><\/figure>\n\n\n\n<p>Em grande parte, as pessoas adquirem uma <a href=\"https:\/\/essencialmaquinas.com.br\/\" target=\"_blank\" rel=\"noreferrer noopener\">m\u00e1quina de caf\u00e9<\/a> e bebem caf\u00e9 por seu teor de cafe\u00edna, contando com o aumento de energia para impulsion\u00e1-los durante um dia de trabalho.<\/p>\n\n\n\n<p>No entanto, o in\u00edcio do efeito do caf\u00e9 vem puramente do seu aroma. Apesar das propriedades cient\u00edficas dos efeitos arom\u00e1ticos no c\u00e9rebro, embora certamente importantes, os benef\u00edcios do aroma do caf\u00e9 come\u00e7am nas mem\u00f3rias de uma pessoa.<\/p>\n\n\n\n<p>Voc\u00ea pode sentir o cheiro de caf\u00e9 e come\u00e7ar a se sentir acordado, mas calmo por exemplo. Talvez uma pessoa tenha crescido com seus pais tomando caf\u00e9 todas as manh\u00e3s, enquanto ambos assistiam o jornal matinal antes de irem para o trabalho.<\/p>\n\n\n\n<p>Dessa forma, o cheiro de caf\u00e9 tem o potencial de desencadear as mesmas prote\u00ednas cerebrais de bem-estar que estavam presentes no passado.<\/p>\n\n\n\n<h2 class=\"wp-block-heading\"><strong>Como o aroma do caf\u00e9 ativa a mem\u00f3ria?<\/strong><\/h2>\n\n\n\n<p>Em contrapartida, deve-se notar que, em circunst\u00e2ncias diferentes, o caf\u00e9, entre outros cheiros, pode ter um efeito negativo na psique de algu\u00e9m.<\/p>\n\n\n\n<p>Talvez uma pessoa realmente tenha tido um relacionamento p\u00e9ssimo com seu pai que frequentemente consumia caf\u00e9, e apenas o cheiro desencadeia esses sentimentos negativos.<\/p>\n\n\n\n<p>Sejam mem\u00f3rias felizes ou desagrad\u00e1veis, o benef\u00edcio mais procurado do caf\u00e9 \u00e9 a cafe\u00edna \u2013 e at\u00e9 mesmo esse est\u00edmulo come\u00e7a com o cheiro. Como o paladar come\u00e7a com o olfato, voc\u00ea come\u00e7a a antecipar o sabor e salivar se preparando para consumir a bebida.<\/p>\n\n\n\n<p>Com o caf\u00e9, uma pessoa pode come\u00e7ar a se sentir alerta antes mesmo de tomar um gole, simplesmente por antecipa\u00e7\u00e3o. Mais uma vez, o aroma literalmente desencadeia as prote\u00ednas do bem-estar no c\u00e9rebro.<\/p>\n\n\n\n<h2 class=\"wp-block-heading\"><strong>Devo beber caf\u00e9 para melhorar meu humor?<\/strong><\/h2>\n\n\n\n<p>Por fim, em muitos casos, para uma altera\u00e7\u00e3o no seu humor n\u00e3o \u00e9 necess\u00e1rio o sabor do caf\u00e9.<\/p>\n\n\n\n<p>O cheiro por si s\u00f3 pode atuar como um est\u00edmulo para o seu c\u00e9rebro. As lembran\u00e7as agrad\u00e1veis \u200b\u200bque uma pessoa pode associar ao caf\u00e9 podem ser o suficiente para uma mudan\u00e7a repentina no seu \u00e2nimo e disposi\u00e7\u00e3o ao longo do dia.<\/p>\n\n\n\n<p>Claro, literalmente, ligar sua <a href=\"https:\/\/essencialmaquinas.com.br\/\" target=\"_blank\" rel=\"noreferrer noopener\">m\u00e1quina de caf\u00e9<\/a>, preparar e beber um expresso ter\u00e1 um impacto maior no seu corpo e mente, mas vale lembrar que o gosto come\u00e7a com o cheiro.<\/p>\n\n\n\n<p>Com a expectativa de um aumento de energia, combinado com as mem\u00f3rias agrad\u00e1veis \u200b\u200b\u200b\u200be calmantes associadas ao caf\u00e9, \u00e9 f\u00e1cil ver por que at\u00e9 mesmo o aroma pode ter um efeito profundo no humor de algu\u00e9m.<\/p>\n\n\n\n<div class=\"wp-block-group is-layout-flow wp-block-group-is-layout-flow\">\n<div class=\"wp-block-cover aligncenter has-parallax is-light has-white-color has-text-color has-link-color wp-elements-7bd5d06bb064756df6c127ce23aab4b7\" style=\"min-height:20rem;aspect-ratio:unset;\"><span aria-hidden=\"true\" class=\"wp-block-cover__background has-background-dim-0 has-background-dim\"><\/span><div class=\"wp-block-cover__image-background wp-image-5948 has-parallax\" style=\"background-position:50% 50%;background-image:url(https:\/\/essencialmaquinas.com.br\/blog\/wp-content\/uploads\/2021\/12\/coffee-cup-parallax.jpg)\"><\/div><div class=\"wp-block-cover__inner-container is-layout-flow wp-block-cover-is-layout-flow\">\n<div class=\"wp-block-columns is-layout-flex wp-container-core-columns-is-layout-9d6595d7 wp-block-columns-is-layout-flex\">\n<div class=\"wp-block-column is-layout-flow wp-block-column-is-layout-flow\" style=\"flex-basis:69%\">\n<div class=\"wp-block-buttons is-layout-flex wp-block-buttons-is-layout-flex\">\n<div class=\"wp-block-button has-custom-font-size is-style-outline is-style-outline--1\" style=\"font-size:15px\"><a class=\"wp-block-button__link wp-element-button\" href=\"https:\/\/essencialmaquinas.com.br\/aluguel-de-maquina-de-cafe\" target=\"_blank\" rel=\"noreferrer noopener\"> Aluguel de M\u00e1quina de Caf\u00e9<\/a><\/div>\n\n\n\n<div class=\"wp-block-button has-custom-font-size is-style-outline is-style-outline--2\" style=\"font-size:15px\"><a class=\"wp-block-button__link wp-element-button\" href=\"https:\/\/essencialmaquinas.com.br\/maquina-de-cafe-para-venda\" target=\"_blank\" rel=\"noreferrer noopener\"> M\u00e1quina de Caf\u00e9 para Venda <\/a><\/div>\n\n\n\n<div class=\"wp-block-button has-custom-font-size is-style-outline is-style-outline--3\" style=\"font-size:15px\"><a class=\"wp-block-button__link wp-element-button\" href=\"https:\/\/essencialmaquinas.com.br\/maquina-de-cafe-comodato\" target=\"_blank\" rel=\"noreferrer noopener\">M\u00e1quina de Caf\u00e9 em Comodato<\/a><\/div>\n\n\n\n<div class=\"wp-block-button has-custom-font-size is-style-outline is-style-outline--4\" style=\"font-size:15px\"><a class=\"wp-block-button__link wp-element-button\" href=\"https:\/\/essencialmaquinas.com.br\/maquina-de-cafe-para-evento\" target=\"_blank\" rel=\"noreferrer noopener\">M\u00e1quina de Caf\u00e9 para Evento<\/a><\/div>\n<\/div>\n<\/div>\n\n\n\n<div class=\"wp-block-column is-layout-flow wp-block-column-is-layout-flow\"><\/div>\n<\/div>\n<\/div><\/div>\n\n\n\n<p>Ligue em um dos nossos telefones &#8211; <a href=\"tel:+55-51-35190772\">(51) 3519.0772<\/a> ou <a href=\"tel:+55-51-35190772\">(51) <\/a><a href=\"tel:+55-51-35190776\">3519.0776<\/a>, <a rel=\"noreferrer noopener\" href=\"https:\/\/essencialmaquinas.com.br\/\" target=\"_blank\">visite nosso site<\/a> ou nos chame no <a rel=\"noreferrer noopener\" href=\"https:\/\/api.whatsapp.com\/send?phone=5551997172863\" target=\"_blank\">WhatsApp da Essencial M\u00e1quina de Caf\u00e9<\/a> e fique por dentro de todos os produtos que oferecemos, al\u00e9m das condi\u00e7\u00f5es de contrato e op\u00e7\u00f5es para o seu escrit\u00f3rio.<\/p>\n<\/div>\n\n\n\n<p><em>Cr\u00e9dito das fotos<\/em><\/p>\n\n\n\n<ul class=\"wp-block-list\"><li>Foto de Andrea Piacquadio: https:\/\/www.pexels.com\/pt-br\/foto\/barista-negra-encantada-servindo-cafe-em-uma-xicara-de-cafe-3796810\/<\/li><li>Foto de cottonbro: https:\/\/www.pexels.com\/pt-br\/foto\/mulher-com-camisa-floral-vermelha-e-azul-branca-segurando-um-livro-branco-4827506\/<\/li><\/ul>\n","protected":false},"excerpt":{"rendered":"<p>Todos n\u00f3s reconhecemos o cheiro de caf\u00e9 quando ele est\u00e1 presente em um ambiente, certo? O aroma do caf\u00e9 \u00e9 um cheiro facilmente distingu\u00edvel. No&#8230;<\/p>\n","protected":false},"author":4,"featured_media":6101,"comment_status":"closed","ping_status":"closed","sticky":false,"template":"","format":"standard","meta":{"footnotes":""},"categories":[23],"tags":[105,27,106],"class_list":{"0":"post-6097","1":"post","2":"type-post","3":"status-publish","4":"format-standard","5":"has-post-thumbnail","7":"category-maquinas-de-cafe","8":"tag-aroma-do-cafe","9":"tag-cafe","10":"tag-humor"},"yoast_head":"<!-- This site is optimized with the Yoast SEO plugin v27.5 - https:\/\/yoast.com\/product\/yoast-seo-wordpress\/ -->\n<title>Como o aroma do caf\u00e9 afeta nosso humor?<\/title>\n<meta name=\"description\" content=\"O aroma do caf\u00e9 \u00e9 um cheiro facilmente distingu\u00edvel. No entanto, quais imagens vem a sua mente quando voc\u00ea sente o aroma do caf\u00e9?\" \/>\n<meta name=\"robots\" content=\"index, follow, max-snippet:-1, max-image-preview:large, max-video-preview:-1\" \/>\n<link rel=\"canonical\" href=\"https:\/\/essencialmaquinas.com.br\/blog\/aroma-do-cafe-afeta-nosso-humor\/\" \/>\n<meta property=\"og:locale\" content=\"pt_BR\" \/>\n<meta property=\"og:type\" content=\"article\" \/>\n<meta property=\"og:title\" content=\"Como o aroma do caf\u00e9 afeta nosso humor?\" \/>\n<meta property=\"og:description\" content=\"O aroma do caf\u00e9 \u00e9 um cheiro facilmente distingu\u00edvel. No entanto, quais imagens vem a sua mente quando voc\u00ea sente o aroma do caf\u00e9?\" \/>\n<meta property=\"og:url\" content=\"https:\/\/essencialmaquinas.com.br\/blog\/aroma-do-cafe-afeta-nosso-humor\/\" \/>\n<meta property=\"og:site_name\" content=\"Essencial M\u00e1quinas de Caf\u00e9\" \/>\n<meta property=\"article:publisher\" content=\"https:\/\/www.facebook.com\/essencialmaquinas\/\" \/>\n<meta property=\"article:published_time\" content=\"2022-10-24T12:11:00+00:00\" \/>\n<meta property=\"article:modified_time\" content=\"2022-10-24T17:12:10+00:00\" \/>\n<meta property=\"og:image\" content=\"https:\/\/essencialmaquinas.com.br\/blog\/wp-content\/uploads\/2022\/10\/pexels-andrea-piacquadio-3796810.jpg\" \/>\n\t<meta property=\"og:image:width\" content=\"1920\" \/>\n\t<meta property=\"og:image:height\" content=\"1280\" \/>\n\t<meta property=\"og:image:type\" content=\"image\/jpeg\" \/>\n<meta name=\"author\" content=\"Diogo Negrello\" \/>\n<meta name=\"twitter:card\" content=\"summary_large_image\" \/>\n<meta name=\"twitter:label1\" content=\"Escrito por\" \/>\n\t<meta name=\"twitter:data1\" content=\"Diogo Negrello\" \/>\n\t<meta name=\"twitter:label2\" content=\"Est. tempo de leitura\" \/>\n\t<meta name=\"twitter:data2\" content=\"3 minutos\" \/>\n<script type=\"application\/ld+json\" class=\"yoast-schema-graph\">{\"@context\":\"https:\\\/\\\/schema.org\",\"@graph\":[{\"@type\":\"Article\",\"@id\":\"https:\\\/\\\/essencialmaquinas.com.br\\\/blog\\\/aroma-do-cafe-afeta-nosso-humor\\\/#article\",\"isPartOf\":{\"@id\":\"https:\\\/\\\/essencialmaquinas.com.br\\\/blog\\\/aroma-do-cafe-afeta-nosso-humor\\\/\"},\"author\":{\"name\":\"Diogo Negrello\",\"@id\":\"https:\\\/\\\/essencialmaquinas.com.br\\\/#\\\/schema\\\/person\\\/c321763d791f5ab47f06f495e1c03e24\"},\"headline\":\"Como o aroma do caf\u00e9 afeta nosso humor?\",\"datePublished\":\"2022-10-24T12:11:00+00:00\",\"dateModified\":\"2022-10-24T17:12:10+00:00\",\"mainEntityOfPage\":{\"@id\":\"https:\\\/\\\/essencialmaquinas.com.br\\\/blog\\\/aroma-do-cafe-afeta-nosso-humor\\\/\"},\"wordCount\":621,\"publisher\":{\"@id\":\"https:\\\/\\\/essencialmaquinas.com.br\\\/#organization\"},\"image\":{\"@id\":\"https:\\\/\\\/essencialmaquinas.com.br\\\/blog\\\/aroma-do-cafe-afeta-nosso-humor\\\/#primaryimage\"},\"thumbnailUrl\":\"https:\\\/\\\/essencialmaquinas.com.br\\\/blog\\\/wp-content\\\/uploads\\\/2022\\\/10\\\/pexels-andrea-piacquadio-3796810.jpg\",\"keywords\":[\"aroma do caf\u00e9\",\"caf\u00e9\",\"humor\"],\"articleSection\":[\"M\u00e1quinas de Caf\u00e9\"],\"inLanguage\":\"pt-BR\"},{\"@type\":\"WebPage\",\"@id\":\"https:\\\/\\\/essencialmaquinas.com.br\\\/blog\\\/aroma-do-cafe-afeta-nosso-humor\\\/\",\"url\":\"https:\\\/\\\/essencialmaquinas.com.br\\\/blog\\\/aroma-do-cafe-afeta-nosso-humor\\\/\",\"name\":\"Como o aroma do caf\u00e9 afeta nosso humor?\",\"isPartOf\":{\"@id\":\"https:\\\/\\\/essencialmaquinas.com.br\\\/#website\"},\"primaryImageOfPage\":{\"@id\":\"https:\\\/\\\/essencialmaquinas.com.br\\\/blog\\\/aroma-do-cafe-afeta-nosso-humor\\\/#primaryimage\"},\"image\":{\"@id\":\"https:\\\/\\\/essencialmaquinas.com.br\\\/blog\\\/aroma-do-cafe-afeta-nosso-humor\\\/#primaryimage\"},\"thumbnailUrl\":\"https:\\\/\\\/essencialmaquinas.com.br\\\/blog\\\/wp-content\\\/uploads\\\/2022\\\/10\\\/pexels-andrea-piacquadio-3796810.jpg\",\"datePublished\":\"2022-10-24T12:11:00+00:00\",\"dateModified\":\"2022-10-24T17:12:10+00:00\",\"description\":\"O aroma do caf\u00e9 \u00e9 um cheiro facilmente distingu\u00edvel. No entanto, quais imagens vem a sua mente quando voc\u00ea sente o aroma do caf\u00e9?\",\"breadcrumb\":{\"@id\":\"https:\\\/\\\/essencialmaquinas.com.br\\\/blog\\\/aroma-do-cafe-afeta-nosso-humor\\\/#breadcrumb\"},\"inLanguage\":\"pt-BR\",\"potentialAction\":[{\"@type\":\"ReadAction\",\"target\":[\"https:\\\/\\\/essencialmaquinas.com.br\\\/blog\\\/aroma-do-cafe-afeta-nosso-humor\\\/\"]}]},{\"@type\":\"ImageObject\",\"inLanguage\":\"pt-BR\",\"@id\":\"https:\\\/\\\/essencialmaquinas.com.br\\\/blog\\\/aroma-do-cafe-afeta-nosso-humor\\\/#primaryimage\",\"url\":\"https:\\\/\\\/essencialmaquinas.com.br\\\/blog\\\/wp-content\\\/uploads\\\/2022\\\/10\\\/pexels-andrea-piacquadio-3796810.jpg\",\"contentUrl\":\"https:\\\/\\\/essencialmaquinas.com.br\\\/blog\\\/wp-content\\\/uploads\\\/2022\\\/10\\\/pexels-andrea-piacquadio-3796810.jpg\",\"width\":1920,\"height\":1280,\"caption\":\"aroma do caf\u00e9 afeta nosso humor\"},{\"@type\":\"BreadcrumbList\",\"@id\":\"https:\\\/\\\/essencialmaquinas.com.br\\\/blog\\\/aroma-do-cafe-afeta-nosso-humor\\\/#breadcrumb\",\"itemListElement\":[{\"@type\":\"ListItem\",\"position\":1,\"name\":\"In\u00edcio\",\"item\":\"https:\\\/\\\/essencialmaquinas.com.br\\\/blog\\\/\"},{\"@type\":\"ListItem\",\"position\":2,\"name\":\"M\u00e1quinas de Caf\u00e9\",\"item\":\"https:\\\/\\\/essencialmaquinas.com.br\\\/blog\\\/category\\\/maquinas-de-cafe\\\/\"},{\"@type\":\"ListItem\",\"position\":3,\"name\":\"Como o aroma do caf\u00e9 afeta nosso humor?\"}]},{\"@type\":\"WebSite\",\"@id\":\"https:\\\/\\\/essencialmaquinas.com.br\\\/#website\",\"url\":\"https:\\\/\\\/essencialmaquinas.com.br\\\/\",\"name\":\"Essencial M\u00e1quinas de Caf\u00e9\",\"description\":\"Novidades e curiosidades sobre as m\u00e1quinas de caf\u00e9 e insumos\",\"publisher\":{\"@id\":\"https:\\\/\\\/essencialmaquinas.com.br\\\/#organization\"},\"potentialAction\":[{\"@type\":\"SearchAction\",\"target\":{\"@type\":\"EntryPoint\",\"urlTemplate\":\"https:\\\/\\\/essencialmaquinas.com.br\\\/?s={search_term_string}\"},\"query-input\":{\"@type\":\"PropertyValueSpecification\",\"valueRequired\":true,\"valueName\":\"search_term_string\"}}],\"inLanguage\":\"pt-BR\"},{\"@type\":\"Organization\",\"@id\":\"https:\\\/\\\/essencialmaquinas.com.br\\\/#organization\",\"name\":\"Essencial M\u00e1quinas de Caf\u00e9\",\"url\":\"https:\\\/\\\/essencialmaquinas.com.br\\\/\",\"logo\":{\"@type\":\"ImageObject\",\"inLanguage\":\"pt-BR\",\"@id\":\"https:\\\/\\\/essencialmaquinas.com.br\\\/#\\\/schema\\\/logo\\\/image\\\/\",\"url\":\"https:\\\/\\\/essencialmaquinas.com.br\\\/blog\\\/wp-content\\\/uploads\\\/2021\\\/12\\\/essencial-maquinas-logo.png\",\"contentUrl\":\"https:\\\/\\\/essencialmaquinas.com.br\\\/blog\\\/wp-content\\\/uploads\\\/2021\\\/12\\\/essencial-maquinas-logo.png\",\"width\":250,\"height\":67,\"caption\":\"Essencial M\u00e1quinas de Caf\u00e9\"},\"image\":{\"@id\":\"https:\\\/\\\/essencialmaquinas.com.br\\\/#\\\/schema\\\/logo\\\/image\\\/\"},\"sameAs\":[\"https:\\\/\\\/www.facebook.com\\\/essencialmaquinas\\\/\",\"https:\\\/\\\/www.instagram.com\\\/essencial_maquinas\\\/\",\"https:\\\/\\\/www.youtube.com\\\/channel\\\/UCRV9nmg2xPS4gy_Lil7BWVQ\"]},{\"@type\":\"Person\",\"@id\":\"https:\\\/\\\/essencialmaquinas.com.br\\\/#\\\/schema\\\/person\\\/c321763d791f5ab47f06f495e1c03e24\",\"name\":\"Diogo Negrello\",\"image\":{\"@type\":\"ImageObject\",\"inLanguage\":\"pt-BR\",\"@id\":\"https:\\\/\\\/essencialmaquinas.com.br\\\/blog\\\/wp-content\\\/uploads\\\/2025\\\/10\\\/cropped-diogo-negrello-96x96.webp\",\"url\":\"https:\\\/\\\/essencialmaquinas.com.br\\\/blog\\\/wp-content\\\/uploads\\\/2025\\\/10\\\/cropped-diogo-negrello-96x96.webp\",\"contentUrl\":\"https:\\\/\\\/essencialmaquinas.com.br\\\/blog\\\/wp-content\\\/uploads\\\/2025\\\/10\\\/cropped-diogo-negrello-96x96.webp\",\"caption\":\"Diogo Negrello\"},\"description\":\"Diogo Artur Negrello \u00e9 CEO da Essencial M\u00e1quinas de Caf\u00e9, sediada em Porto Alegre (RS). Formado pela PUC-RS, Diogo lidera a empresa desde sua funda\u00e7\u00e3o em 2015, atuando no mercado de loca\u00e7\u00e3o, venda e manuten\u00e7\u00e3o de m\u00e1quinas autom\u00e1ticas de caf\u00e9 para ambientes corporativos e eventos. Com foco em excel\u00eancia, inova\u00e7\u00e3o e experi\u00eancia de consumo, acredita que \u201cuma boa x\u00edcara de caf\u00e9 pode ser o come\u00e7o de grandes ideias\u201d. Fora do expediente, \u00e9 casado, torcedor do SC Internacional e est\u00e1 sempre aprendendo. Siga-o no Instagram @diogonegrello para acompanhar sua vis\u00e3o e a trajet\u00f3ria da Essencial M\u00e1quinas de Caf\u00e9.\",\"sameAs\":[\"https:\\\/\\\/essencialmaquinas.com.br\\\/\",\"https:\\\/\\\/www.instagram.com\\\/diogonegrello\\\/\"],\"url\":\"https:\\\/\\\/essencialmaquinas.com.br\\\/blog\\\/author\\\/negrello_diogo_redator\\\/\"}]}<\/script>\n<!-- \/ Yoast SEO plugin. -->","yoast_head_json":{"title":"Como o aroma do caf\u00e9 afeta nosso humor?","description":"O aroma do caf\u00e9 \u00e9 um cheiro facilmente distingu\u00edvel. No entanto, quais imagens vem a sua mente quando voc\u00ea sente o aroma do caf\u00e9?","robots":{"index":"index","follow":"follow","max-snippet":"max-snippet:-1","max-image-preview":"max-image-preview:large","max-video-preview":"max-video-preview:-1"},"canonical":"https:\/\/essencialmaquinas.com.br\/blog\/aroma-do-cafe-afeta-nosso-humor\/","og_locale":"pt_BR","og_type":"article","og_title":"Como o aroma do caf\u00e9 afeta nosso humor?","og_description":"O aroma do caf\u00e9 \u00e9 um cheiro facilmente distingu\u00edvel. No entanto, quais imagens vem a sua mente quando voc\u00ea sente o aroma do caf\u00e9?","og_url":"https:\/\/essencialmaquinas.com.br\/blog\/aroma-do-cafe-afeta-nosso-humor\/","og_site_name":"Essencial M\u00e1quinas de Caf\u00e9","article_publisher":"https:\/\/www.facebook.com\/essencialmaquinas\/","article_published_time":"2022-10-24T12:11:00+00:00","article_modified_time":"2022-10-24T17:12:10+00:00","og_image":[{"width":1920,"height":1280,"url":"https:\/\/essencialmaquinas.com.br\/blog\/wp-content\/uploads\/2022\/10\/pexels-andrea-piacquadio-3796810.jpg","type":"image\/jpeg"}],"author":"Diogo Negrello","twitter_card":"summary_large_image","twitter_misc":{"Escrito por":"Diogo Negrello","Est. tempo de leitura":"3 minutos"},"schema":{"@context":"https:\/\/schema.org","@graph":[{"@type":"Article","@id":"https:\/\/essencialmaquinas.com.br\/blog\/aroma-do-cafe-afeta-nosso-humor\/#article","isPartOf":{"@id":"https:\/\/essencialmaquinas.com.br\/blog\/aroma-do-cafe-afeta-nosso-humor\/"},"author":{"name":"Diogo Negrello","@id":"https:\/\/essencialmaquinas.com.br\/#\/schema\/person\/c321763d791f5ab47f06f495e1c03e24"},"headline":"Como o aroma do caf\u00e9 afeta nosso humor?","datePublished":"2022-10-24T12:11:00+00:00","dateModified":"2022-10-24T17:12:10+00:00","mainEntityOfPage":{"@id":"https:\/\/essencialmaquinas.com.br\/blog\/aroma-do-cafe-afeta-nosso-humor\/"},"wordCount":621,"publisher":{"@id":"https:\/\/essencialmaquinas.com.br\/#organization"},"image":{"@id":"https:\/\/essencialmaquinas.com.br\/blog\/aroma-do-cafe-afeta-nosso-humor\/#primaryimage"},"thumbnailUrl":"https:\/\/essencialmaquinas.com.br\/blog\/wp-content\/uploads\/2022\/10\/pexels-andrea-piacquadio-3796810.jpg","keywords":["aroma do caf\u00e9","caf\u00e9","humor"],"articleSection":["M\u00e1quinas de Caf\u00e9"],"inLanguage":"pt-BR"},{"@type":"WebPage","@id":"https:\/\/essencialmaquinas.com.br\/blog\/aroma-do-cafe-afeta-nosso-humor\/","url":"https:\/\/essencialmaquinas.com.br\/blog\/aroma-do-cafe-afeta-nosso-humor\/","name":"Como o aroma do caf\u00e9 afeta nosso humor?","isPartOf":{"@id":"https:\/\/essencialmaquinas.com.br\/#website"},"primaryImageOfPage":{"@id":"https:\/\/essencialmaquinas.com.br\/blog\/aroma-do-cafe-afeta-nosso-humor\/#primaryimage"},"image":{"@id":"https:\/\/essencialmaquinas.com.br\/blog\/aroma-do-cafe-afeta-nosso-humor\/#primaryimage"},"thumbnailUrl":"https:\/\/essencialmaquinas.com.br\/blog\/wp-content\/uploads\/2022\/10\/pexels-andrea-piacquadio-3796810.jpg","datePublished":"2022-10-24T12:11:00+00:00","dateModified":"2022-10-24T17:12:10+00:00","description":"O aroma do caf\u00e9 \u00e9 um cheiro facilmente distingu\u00edvel. No entanto, quais imagens vem a sua mente quando voc\u00ea sente o aroma do caf\u00e9?","breadcrumb":{"@id":"https:\/\/essencialmaquinas.com.br\/blog\/aroma-do-cafe-afeta-nosso-humor\/#breadcrumb"},"inLanguage":"pt-BR","potentialAction":[{"@type":"ReadAction","target":["https:\/\/essencialmaquinas.com.br\/blog\/aroma-do-cafe-afeta-nosso-humor\/"]}]},{"@type":"ImageObject","inLanguage":"pt-BR","@id":"https:\/\/essencialmaquinas.com.br\/blog\/aroma-do-cafe-afeta-nosso-humor\/#primaryimage","url":"https:\/\/essencialmaquinas.com.br\/blog\/wp-content\/uploads\/2022\/10\/pexels-andrea-piacquadio-3796810.jpg","contentUrl":"https:\/\/essencialmaquinas.com.br\/blog\/wp-content\/uploads\/2022\/10\/pexels-andrea-piacquadio-3796810.jpg","width":1920,"height":1280,"caption":"aroma do caf\u00e9 afeta nosso humor"},{"@type":"BreadcrumbList","@id":"https:\/\/essencialmaquinas.com.br\/blog\/aroma-do-cafe-afeta-nosso-humor\/#breadcrumb","itemListElement":[{"@type":"ListItem","position":1,"name":"In\u00edcio","item":"https:\/\/essencialmaquinas.com.br\/blog\/"},{"@type":"ListItem","position":2,"name":"M\u00e1quinas de Caf\u00e9","item":"https:\/\/essencialmaquinas.com.br\/blog\/category\/maquinas-de-cafe\/"},{"@type":"ListItem","position":3,"name":"Como o aroma do caf\u00e9 afeta nosso humor?"}]},{"@type":"WebSite","@id":"https:\/\/essencialmaquinas.com.br\/#website","url":"https:\/\/essencialmaquinas.com.br\/","name":"Essencial M\u00e1quinas de Caf\u00e9","description":"Novidades e curiosidades sobre as m\u00e1quinas de caf\u00e9 e insumos","publisher":{"@id":"https:\/\/essencialmaquinas.com.br\/#organization"},"potentialAction":[{"@type":"SearchAction","target":{"@type":"EntryPoint","urlTemplate":"https:\/\/essencialmaquinas.com.br\/?s={search_term_string}"},"query-input":{"@type":"PropertyValueSpecification","valueRequired":true,"valueName":"search_term_string"}}],"inLanguage":"pt-BR"},{"@type":"Organization","@id":"https:\/\/essencialmaquinas.com.br\/#organization","name":"Essencial M\u00e1quinas de Caf\u00e9","url":"https:\/\/essencialmaquinas.com.br\/","logo":{"@type":"ImageObject","inLanguage":"pt-BR","@id":"https:\/\/essencialmaquinas.com.br\/#\/schema\/logo\/image\/","url":"https:\/\/essencialmaquinas.com.br\/blog\/wp-content\/uploads\/2021\/12\/essencial-maquinas-logo.png","contentUrl":"https:\/\/essencialmaquinas.com.br\/blog\/wp-content\/uploads\/2021\/12\/essencial-maquinas-logo.png","width":250,"height":67,"caption":"Essencial M\u00e1quinas de Caf\u00e9"},"image":{"@id":"https:\/\/essencialmaquinas.com.br\/#\/schema\/logo\/image\/"},"sameAs":["https:\/\/www.facebook.com\/essencialmaquinas\/","https:\/\/www.instagram.com\/essencial_maquinas\/","https:\/\/www.youtube.com\/channel\/UCRV9nmg2xPS4gy_Lil7BWVQ"]},{"@type":"Person","@id":"https:\/\/essencialmaquinas.com.br\/#\/schema\/person\/c321763d791f5ab47f06f495e1c03e24","name":"Diogo Negrello","image":{"@type":"ImageObject","inLanguage":"pt-BR","@id":"https:\/\/essencialmaquinas.com.br\/blog\/wp-content\/uploads\/2025\/10\/cropped-diogo-negrello-96x96.webp","url":"https:\/\/essencialmaquinas.com.br\/blog\/wp-content\/uploads\/2025\/10\/cropped-diogo-negrello-96x96.webp","contentUrl":"https:\/\/essencialmaquinas.com.br\/blog\/wp-content\/uploads\/2025\/10\/cropped-diogo-negrello-96x96.webp","caption":"Diogo Negrello"},"description":"Diogo Artur Negrello \u00e9 CEO da Essencial M\u00e1quinas de Caf\u00e9, sediada em Porto Alegre (RS). Formado pela PUC-RS, Diogo lidera a empresa desde sua funda\u00e7\u00e3o em 2015, atuando no mercado de loca\u00e7\u00e3o, venda e manuten\u00e7\u00e3o de m\u00e1quinas autom\u00e1ticas de caf\u00e9 para ambientes corporativos e eventos. Com foco em excel\u00eancia, inova\u00e7\u00e3o e experi\u00eancia de consumo, acredita que \u201cuma boa x\u00edcara de caf\u00e9 pode ser o come\u00e7o de grandes ideias\u201d. Fora do expediente, \u00e9 casado, torcedor do SC Internacional e est\u00e1 sempre aprendendo. Siga-o no Instagram @diogonegrello para acompanhar sua vis\u00e3o e a trajet\u00f3ria da Essencial M\u00e1quinas de Caf\u00e9.","sameAs":["https:\/\/essencialmaquinas.com.br\/","https:\/\/www.instagram.com\/diogonegrello\/"],"url":"https:\/\/essencialmaquinas.com.br\/blog\/author\/negrello_diogo_redator\/"}]}},"_links":{"self":[{"href":"https:\/\/essencialmaquinas.com.br\/blog\/wp-json\/wp\/v2\/posts\/6097","targetHints":{"allow":["GET"]}}],"collection":[{"href":"https:\/\/essencialmaquinas.com.br\/blog\/wp-json\/wp\/v2\/posts"}],"about":[{"href":"https:\/\/essencialmaquinas.com.br\/blog\/wp-json\/wp\/v2\/types\/post"}],"author":[{"embeddable":true,"href":"https:\/\/essencialmaquinas.com.br\/blog\/wp-json\/wp\/v2\/users\/4"}],"replies":[{"embeddable":true,"href":"https:\/\/essencialmaquinas.com.br\/blog\/wp-json\/wp\/v2\/comments?post=6097"}],"version-history":[{"count":4,"href":"https:\/\/essencialmaquinas.com.br\/blog\/wp-json\/wp\/v2\/posts\/6097\/revisions"}],"predecessor-version":[{"id":6106,"href":"https:\/\/essencialmaquinas.com.br\/blog\/wp-json\/wp\/v2\/posts\/6097\/revisions\/6106"}],"wp:featuredmedia":[{"embeddable":true,"href":"https:\/\/essencialmaquinas.com.br\/blog\/wp-json\/wp\/v2\/media\/6101"}],"wp:attachment":[{"href":"https:\/\/essencialmaquinas.com.br\/blog\/wp-json\/wp\/v2\/media?parent=6097"}],"wp:term":[{"taxonomy":"category","embeddable":true,"href":"https:\/\/essencialmaquinas.com.br\/blog\/wp-json\/wp\/v2\/categories?post=6097"},{"taxonomy":"post_tag","embeddable":true,"href":"https:\/\/essencialmaquinas.com.br\/blog\/wp-json\/wp\/v2\/tags?post=6097"}],"curies":[{"name":"wp","href":"https:\/\/api.w.org\/{rel}","templated":true}]}}