{"id":6110,"date":"2022-11-21T09:46:53","date_gmt":"2022-11-21T12:46:53","guid":{"rendered":"https:\/\/blog.essencialmaquinas.com.br\/?p=6110"},"modified":"2024-08-19T10:36:40","modified_gmt":"2024-08-19T13:36:40","slug":"qual-melhor-tipo-maquina-de-cafe-para-meu-negocio","status":"publish","type":"post","link":"https:\/\/essencialmaquinas.com.br\/blog\/qual-melhor-tipo-maquina-de-cafe-para-meu-negocio\/","title":{"rendered":"Qual o melhor tipo de m\u00e1quina de caf\u00e9 para o meu neg\u00f3cio?"},"content":{"rendered":"\n<p>Os dias em que era necess\u00e1rio ter que esperar uma eternidade ao lado do fog\u00e3o aguardando a \u00e1gua esquentar para passar um cafezinho j\u00e1 se foram. Hoje, existem dezenas de tipos de m\u00e1quinas que podem fazer um caf\u00e9 incr\u00edvel mais r\u00e1pido do que qualquer chaleira.<\/p>\n\n\n\n<p>A \u00fanica desvantagem dessa abund\u00e2ncia de op\u00e7\u00f5es \u00e9 que pode ser dif\u00edcil escolher o melhor equipamento para voc\u00ea \u2013 especialmente se voc\u00ea n\u00e3o tiver certeza das diferen\u00e7as entre os modelos mais populares do mercado.<\/p>\n\n\n\n<p>Neste artigo, o time da <a href=\"https:\/\/essencialmaquinas.com.br\/\">Essencial M\u00e1quina de Caf\u00e9<\/a> separou para voc\u00ea os tipos mais comuns de m\u00e1quina de caf\u00e9 que voc\u00ea encontrar\u00e1 durante sua busca e como eles podem atender as necessidades do seu neg\u00f3cio.<\/p>\n\n\n\n<h2 class=\"wp-block-heading\"><strong>M\u00e1quina de caf\u00e9 com filtro \u2013 A op\u00e7\u00e3o mais acess\u00edvel.<\/strong><\/h2>\n\n\n\n<p>As m\u00e1quinas de caf\u00e9 com filtro s\u00e3o simples de usar e relativamente baratas. O pre\u00e7o baixo n\u00e3o significa que elas n\u00e3o possam fazer um caf\u00e9 excelente, no entanto, as m\u00e1quinas de caf\u00e9 com filtro n\u00e3o t\u00eam recursos avan\u00e7ados e s\u00f3 podem fazer caf\u00e9 preto.<\/p>\n\n\n\n<p>Uma m\u00e1quina de filtro funciona pingando \u00e1gua lentamente atrav\u00e9s do caf\u00e9 mo\u00eddo em uma caneca ou jarra. Elas, geralmente, est\u00e3o amplamente dispon\u00edveis para compra\/aluguel e s\u00e3o uma \u00f3tima op\u00e7\u00e3o para os amantes de caf\u00e9 com um or\u00e7amento apertado.<\/p>\n\n\n\n<p>Uma vantagem da m\u00e1quina de caf\u00e9 de filtro \u00e9 que ela pode preparar caf\u00e9 para diversas pessoas ao mesmo tempo. Muitos modelos podem fazer at\u00e9 12 x\u00edcaras de caf\u00e9 em um ciclo, tornando-as ideais para escrit\u00f3rios.<\/p>\n\n\n\n<h2 class=\"wp-block-heading\"><strong>M\u00e1quina de caf\u00e9 em c\u00e1psulas \u2013 A op\u00e7\u00e3o mais pr\u00e1tica.<\/strong><\/h2>\n\n\n\n<p>As m\u00e1quinas de caf\u00e9 em c\u00e1psula s\u00e3o convenientes para tomar um caf\u00e9 r\u00e1pido com uma boa variedade de sabores. Voc\u00ea s\u00f3 precisa encaixar uma c\u00e1psula na m\u00e1quina, clicar em iniciar e esperar que seu caf\u00e9 esteja pronto.<\/p>\n\n\n\n<p>Cada c\u00e1psula cont\u00e9m gr\u00e3os de caf\u00e9 torrados ou mo\u00eddos hermeticamente selados. Contudo, essas m\u00e1quinas s\u00f3 podem fazer caf\u00e9 com essas c\u00e1psulas \u2013 voc\u00ea n\u00e3o pode usar gr\u00e3os frescos ou caf\u00e9 pr\u00e9-mo\u00eddo.<\/p>\n\n\n\n<p>A maior desvantagem da m\u00e1quina de caf\u00e9 em c\u00e1psula \u00e9 que voc\u00ea est\u00e1 limitado \u00e0s c\u00e1psulas produzidas pelo fabricante da m\u00e1quina. Mesmo assim, se voc\u00ea quiser apenas fazer um caf\u00e9 ocasional para uma ou duas pessoas, uma m\u00e1quina de c\u00e1psulas pode ser uma boa op\u00e7\u00e3o.<\/p>\n\n\n\n<h2 class=\"wp-block-heading\"><strong>M\u00e1quina de caf\u00e9 expresso tradicional \u2013 A op\u00e7\u00e3o com mais variedade.<\/strong><\/h2>\n\n\n\n<p>Para fazer caf\u00e9 expresso usando uma excelente variedade de caf\u00e9s pr\u00e9-mo\u00eddos, as m\u00e1quinas de caf\u00e9 expresso s\u00e3o, provavelmente, a melhor op\u00e7\u00e3o.<\/p>\n\n\n\n<p>S\u00e3o mais baratas que as m\u00e1quinas de gr\u00e3os (j\u00e1 que n\u00e3o podem moer gr\u00e3os frescos de caf\u00e9) e tamb\u00e9m s\u00e3o menos volumosas devido \u00e0 falta de um moedor. Ao contr\u00e1rio das m\u00e1quinas de c\u00e1psulas, voc\u00ea pode usar caf\u00e9 mo\u00eddo de qualquer marca.<\/p>\n\n\n\n<p>Uma das vantagens de uma m\u00e1quina de caf\u00e9 expresso tradicional \u00e9 que voc\u00ea pode personalizar o seu caf\u00e9 \u2013 e isto pode ser alcan\u00e7ado atrav\u00e9s da altera\u00e7\u00e3o da quantidade de \u00e1gua e caf\u00e9.<\/p>\n\n\n\n<p>Embora esse detalhe seja \u00f3timo para os entusiastas do caf\u00e9, se voc\u00ea quer apenas um caf\u00e9 r\u00e1pido, uma m\u00e1quina de c\u00e1psulas ou com filtro s\u00e3o op\u00e7\u00f5es menos complicadas. Outra desvantagem \u00e9 que a m\u00e1quina de caf\u00e9 expresso usa apenas caf\u00e9 pr\u00e9-mo\u00eddo.<\/p>\n\n\n\n<p>No entanto, se voc\u00ea deseja fazer uso comercial do equipamento esta \u00e9, sem d\u00favida, uma das melhores op\u00e7\u00f5es. Com uma m\u00e1quina de caf\u00e9 expresso tradicional \u00e9 poss\u00edvel preparar uma infinidade de bebidas, desde cappuccinos at\u00e9 o cl\u00e1ssico caf\u00e9 preto.<\/p>\n\n\n\n<h2 class=\"wp-block-heading\"><strong>M\u00e1quina de caf\u00e9 em gr\u00e3os \u2013 A op\u00e7\u00e3o com mais sabor.<\/strong><\/h2>\n\n\n\n<p>As m\u00e1quinas de caf\u00e9 em gr\u00e3os s\u00e3o para os verdadeiros entusiastas de caf\u00e9. Estas m\u00e1quinas moem os gr\u00e3os de caf\u00e9 sempre que voc\u00ea precisar, para que o seu expresso esteja sempre fresco.<\/p>\n\n\n\n<p>Muitos equipamentos tamb\u00e9m v\u00eam com uma fun\u00e7\u00e3o de espuma de leite para a produ\u00e7\u00e3o de cappuccino ou latte. Apesar de fazer um caf\u00e9 mais fresco, este \u00e9 o modelo desta lista mais complexo de se usar.<\/p>\n\n\n\n<p>Muitos v\u00eam com uma variedade de op\u00e7\u00f5es de personaliza\u00e7\u00e3o, como moagem r\u00fastica, temperatura da \u00e1gua e for\u00e7a do caf\u00e9. A maioria tamb\u00e9m permite que voc\u00ea use caf\u00e9 mo\u00eddo se ficar sem gr\u00e3os ou quiser um descafeinado.<\/p>\n\n\n\n<h2 class=\"wp-block-heading\"><strong>Pronto para fazer um cafezinho?<\/strong><\/h2>\n\n\n\n<p>Embora o mercado de m\u00e1quinas de caf\u00e9 possa parecer inicialmente confuso, entender os diferentes tipos de m\u00e1quinas dispon\u00edveis ajuda bastante a simplificar o processo de compra\/aluguel para o seu neg\u00f3cio.<\/p>\n\n\n\n<p>Esperamos que este artigo tenha esclarecido os pr\u00f3s e contras dos diferentes tipos de m\u00e1quinas de caf\u00e9. Lembre-se tamb\u00e9m de que existem m\u00e1quinas boas e ruins em todas as categorias.<\/p>\n\n\n\n<p>S\u00f3 porque acreditamos que as m\u00e1quinas de gr\u00e3os produzem o melhor caf\u00e9, por exemplo, n\u00e3o significa que recomendamos todos os modelos da categoria. \u00c9 por isso que \u00e9 vital contar com a assist\u00eancia de um parceiro com experi\u00eancia no mercado para tomar a melhor decis\u00e3o.<\/p>\n\n\n\n<p>Ficou interessado em fazer um or\u00e7amento ou tirar uma d\u00favida? Ent\u00e3o, n\u00e3o deixe de entrar em contato com nossa equipe para garantir o melhor equipamento para sua demanda.<\/p>\n","protected":false},"excerpt":{"rendered":"<p>Os dias em que era necess\u00e1rio ter que esperar uma eternidade ao lado do fog\u00e3o aguardando a \u00e1gua esquentar para passar um cafezinho j\u00e1 se&#8230;<\/p>\n","protected":false},"author":4,"featured_media":6111,"comment_status":"closed","ping_status":"closed","sticky":false,"template":"","format":"standard","meta":{"footnotes":""},"categories":[26,23],"tags":[],"class_list":{"0":"post-6110","1":"post","2":"type-post","3":"status-publish","4":"format-standard","5":"has-post-thumbnail","7":"category-dicas","8":"category-maquinas-de-cafe"},"yoast_head":"<!-- This site is optimized with the Yoast SEO plugin v27.5 - https:\/\/yoast.com\/product\/yoast-seo-wordpress\/ -->\n<title>Qual o melhor tipo de m\u00e1quina de caf\u00e9 para o meu neg\u00f3cio?<\/title>\n<meta name=\"description\" content=\"Saiba como escolher o melhor tipo de m\u00e1quina de caf\u00e9 para o seu neg\u00f3cio. Descubra as op\u00e7\u00f5es ideais para oferecer uma experi\u00eancia diferenciada aos seus clientes e aumentar a satisfa\u00e7\u00e3o.\" \/>\n<meta name=\"robots\" content=\"index, follow, max-snippet:-1, max-image-preview:large, max-video-preview:-1\" \/>\n<link rel=\"canonical\" href=\"https:\/\/essencialmaquinas.com.br\/blog\/qual-melhor-tipo-maquina-de-cafe-para-meu-negocio\/\" \/>\n<meta property=\"og:locale\" content=\"pt_BR\" \/>\n<meta property=\"og:type\" content=\"article\" \/>\n<meta property=\"og:title\" content=\"Qual o melhor tipo de m\u00e1quina de caf\u00e9 para o meu neg\u00f3cio?\" \/>\n<meta property=\"og:description\" content=\"Saiba como escolher o melhor tipo de m\u00e1quina de caf\u00e9 para o seu neg\u00f3cio. Descubra as op\u00e7\u00f5es ideais para oferecer uma experi\u00eancia diferenciada aos seus clientes e aumentar a satisfa\u00e7\u00e3o.\" \/>\n<meta property=\"og:url\" content=\"https:\/\/essencialmaquinas.com.br\/blog\/qual-melhor-tipo-maquina-de-cafe-para-meu-negocio\/\" \/>\n<meta property=\"og:site_name\" content=\"Essencial M\u00e1quinas de Caf\u00e9\" \/>\n<meta property=\"article:publisher\" content=\"https:\/\/www.facebook.com\/essencialmaquinas\/\" \/>\n<meta property=\"article:published_time\" content=\"2022-11-21T12:46:53+00:00\" \/>\n<meta property=\"article:modified_time\" content=\"2024-08-19T13:36:40+00:00\" \/>\n<meta property=\"og:image\" content=\"https:\/\/essencialmaquinas.com.br\/blog\/wp-content\/uploads\/2022\/11\/pexels-marta-dzedyshko-2067628.jpg\" \/>\n\t<meta property=\"og:image:width\" content=\"1280\" \/>\n\t<meta property=\"og:image:height\" content=\"853\" \/>\n\t<meta property=\"og:image:type\" content=\"image\/jpeg\" \/>\n<meta name=\"author\" content=\"Diogo Negrello\" \/>\n<meta name=\"twitter:card\" content=\"summary_large_image\" \/>\n<meta name=\"twitter:label1\" content=\"Escrito por\" \/>\n\t<meta name=\"twitter:data1\" content=\"Diogo Negrello\" \/>\n\t<meta name=\"twitter:label2\" content=\"Est. tempo de leitura\" \/>\n\t<meta name=\"twitter:data2\" content=\"5 minutos\" \/>\n<script type=\"application\/ld+json\" class=\"yoast-schema-graph\">{\"@context\":\"https:\\\/\\\/schema.org\",\"@graph\":[{\"@type\":\"Article\",\"@id\":\"https:\\\/\\\/essencialmaquinas.com.br\\\/blog\\\/qual-melhor-tipo-maquina-de-cafe-para-meu-negocio\\\/#article\",\"isPartOf\":{\"@id\":\"https:\\\/\\\/essencialmaquinas.com.br\\\/blog\\\/qual-melhor-tipo-maquina-de-cafe-para-meu-negocio\\\/\"},\"author\":{\"name\":\"Diogo Negrello\",\"@id\":\"https:\\\/\\\/essencialmaquinas.com.br\\\/#\\\/schema\\\/person\\\/c321763d791f5ab47f06f495e1c03e24\"},\"headline\":\"Qual o melhor tipo de m\u00e1quina de caf\u00e9 para o meu neg\u00f3cio?\",\"datePublished\":\"2022-11-21T12:46:53+00:00\",\"dateModified\":\"2024-08-19T13:36:40+00:00\",\"mainEntityOfPage\":{\"@id\":\"https:\\\/\\\/essencialmaquinas.com.br\\\/blog\\\/qual-melhor-tipo-maquina-de-cafe-para-meu-negocio\\\/\"},\"wordCount\":940,\"publisher\":{\"@id\":\"https:\\\/\\\/essencialmaquinas.com.br\\\/#organization\"},\"image\":{\"@id\":\"https:\\\/\\\/essencialmaquinas.com.br\\\/blog\\\/qual-melhor-tipo-maquina-de-cafe-para-meu-negocio\\\/#primaryimage\"},\"thumbnailUrl\":\"https:\\\/\\\/essencialmaquinas.com.br\\\/blog\\\/wp-content\\\/uploads\\\/2022\\\/11\\\/pexels-marta-dzedyshko-2067628.jpg\",\"articleSection\":[\"Dicas\",\"M\u00e1quinas de Caf\u00e9\"],\"inLanguage\":\"pt-BR\"},{\"@type\":\"WebPage\",\"@id\":\"https:\\\/\\\/essencialmaquinas.com.br\\\/blog\\\/qual-melhor-tipo-maquina-de-cafe-para-meu-negocio\\\/\",\"url\":\"https:\\\/\\\/essencialmaquinas.com.br\\\/blog\\\/qual-melhor-tipo-maquina-de-cafe-para-meu-negocio\\\/\",\"name\":\"Qual o melhor tipo de m\u00e1quina de caf\u00e9 para o meu neg\u00f3cio?\",\"isPartOf\":{\"@id\":\"https:\\\/\\\/essencialmaquinas.com.br\\\/#website\"},\"primaryImageOfPage\":{\"@id\":\"https:\\\/\\\/essencialmaquinas.com.br\\\/blog\\\/qual-melhor-tipo-maquina-de-cafe-para-meu-negocio\\\/#primaryimage\"},\"image\":{\"@id\":\"https:\\\/\\\/essencialmaquinas.com.br\\\/blog\\\/qual-melhor-tipo-maquina-de-cafe-para-meu-negocio\\\/#primaryimage\"},\"thumbnailUrl\":\"https:\\\/\\\/essencialmaquinas.com.br\\\/blog\\\/wp-content\\\/uploads\\\/2022\\\/11\\\/pexels-marta-dzedyshko-2067628.jpg\",\"datePublished\":\"2022-11-21T12:46:53+00:00\",\"dateModified\":\"2024-08-19T13:36:40+00:00\",\"description\":\"Saiba como escolher o melhor tipo de m\u00e1quina de caf\u00e9 para o seu neg\u00f3cio. Descubra as op\u00e7\u00f5es ideais para oferecer uma experi\u00eancia diferenciada aos seus clientes e aumentar a satisfa\u00e7\u00e3o.\",\"breadcrumb\":{\"@id\":\"https:\\\/\\\/essencialmaquinas.com.br\\\/blog\\\/qual-melhor-tipo-maquina-de-cafe-para-meu-negocio\\\/#breadcrumb\"},\"inLanguage\":\"pt-BR\",\"potentialAction\":[{\"@type\":\"ReadAction\",\"target\":[\"https:\\\/\\\/essencialmaquinas.com.br\\\/blog\\\/qual-melhor-tipo-maquina-de-cafe-para-meu-negocio\\\/\"]}]},{\"@type\":\"ImageObject\",\"inLanguage\":\"pt-BR\",\"@id\":\"https:\\\/\\\/essencialmaquinas.com.br\\\/blog\\\/qual-melhor-tipo-maquina-de-cafe-para-meu-negocio\\\/#primaryimage\",\"url\":\"https:\\\/\\\/essencialmaquinas.com.br\\\/blog\\\/wp-content\\\/uploads\\\/2022\\\/11\\\/pexels-marta-dzedyshko-2067628.jpg\",\"contentUrl\":\"https:\\\/\\\/essencialmaquinas.com.br\\\/blog\\\/wp-content\\\/uploads\\\/2022\\\/11\\\/pexels-marta-dzedyshko-2067628.jpg\",\"width\":1280,\"height\":853,\"caption\":\"M\u00e1quina de caf\u00e9 para o meu neg\u00f3cio\"},{\"@type\":\"BreadcrumbList\",\"@id\":\"https:\\\/\\\/essencialmaquinas.com.br\\\/blog\\\/qual-melhor-tipo-maquina-de-cafe-para-meu-negocio\\\/#breadcrumb\",\"itemListElement\":[{\"@type\":\"ListItem\",\"position\":1,\"name\":\"In\u00edcio\",\"item\":\"https:\\\/\\\/essencialmaquinas.com.br\\\/blog\\\/\"},{\"@type\":\"ListItem\",\"position\":2,\"name\":\"Dicas\",\"item\":\"https:\\\/\\\/essencialmaquinas.com.br\\\/blog\\\/category\\\/dicas\\\/\"},{\"@type\":\"ListItem\",\"position\":3,\"name\":\"Qual o melhor tipo de m\u00e1quina de caf\u00e9 para o meu neg\u00f3cio?\"}]},{\"@type\":\"WebSite\",\"@id\":\"https:\\\/\\\/essencialmaquinas.com.br\\\/#website\",\"url\":\"https:\\\/\\\/essencialmaquinas.com.br\\\/\",\"name\":\"Essencial M\u00e1quinas de Caf\u00e9\",\"description\":\"Novidades e curiosidades sobre as m\u00e1quinas de caf\u00e9 e insumos\",\"publisher\":{\"@id\":\"https:\\\/\\\/essencialmaquinas.com.br\\\/#organization\"},\"potentialAction\":[{\"@type\":\"SearchAction\",\"target\":{\"@type\":\"EntryPoint\",\"urlTemplate\":\"https:\\\/\\\/essencialmaquinas.com.br\\\/?s={search_term_string}\"},\"query-input\":{\"@type\":\"PropertyValueSpecification\",\"valueRequired\":true,\"valueName\":\"search_term_string\"}}],\"inLanguage\":\"pt-BR\"},{\"@type\":\"Organization\",\"@id\":\"https:\\\/\\\/essencialmaquinas.com.br\\\/#organization\",\"name\":\"Essencial M\u00e1quinas de Caf\u00e9\",\"url\":\"https:\\\/\\\/essencialmaquinas.com.br\\\/\",\"logo\":{\"@type\":\"ImageObject\",\"inLanguage\":\"pt-BR\",\"@id\":\"https:\\\/\\\/essencialmaquinas.com.br\\\/#\\\/schema\\\/logo\\\/image\\\/\",\"url\":\"https:\\\/\\\/essencialmaquinas.com.br\\\/blog\\\/wp-content\\\/uploads\\\/2021\\\/12\\\/essencial-maquinas-logo.png\",\"contentUrl\":\"https:\\\/\\\/essencialmaquinas.com.br\\\/blog\\\/wp-content\\\/uploads\\\/2021\\\/12\\\/essencial-maquinas-logo.png\",\"width\":250,\"height\":67,\"caption\":\"Essencial M\u00e1quinas de Caf\u00e9\"},\"image\":{\"@id\":\"https:\\\/\\\/essencialmaquinas.com.br\\\/#\\\/schema\\\/logo\\\/image\\\/\"},\"sameAs\":[\"https:\\\/\\\/www.facebook.com\\\/essencialmaquinas\\\/\",\"https:\\\/\\\/www.instagram.com\\\/essencial_maquinas\\\/\",\"https:\\\/\\\/www.youtube.com\\\/channel\\\/UCRV9nmg2xPS4gy_Lil7BWVQ\"]},{\"@type\":\"Person\",\"@id\":\"https:\\\/\\\/essencialmaquinas.com.br\\\/#\\\/schema\\\/person\\\/c321763d791f5ab47f06f495e1c03e24\",\"name\":\"Diogo Negrello\",\"image\":{\"@type\":\"ImageObject\",\"inLanguage\":\"pt-BR\",\"@id\":\"https:\\\/\\\/essencialmaquinas.com.br\\\/blog\\\/wp-content\\\/uploads\\\/2025\\\/10\\\/cropped-diogo-negrello-96x96.webp\",\"url\":\"https:\\\/\\\/essencialmaquinas.com.br\\\/blog\\\/wp-content\\\/uploads\\\/2025\\\/10\\\/cropped-diogo-negrello-96x96.webp\",\"contentUrl\":\"https:\\\/\\\/essencialmaquinas.com.br\\\/blog\\\/wp-content\\\/uploads\\\/2025\\\/10\\\/cropped-diogo-negrello-96x96.webp\",\"caption\":\"Diogo Negrello\"},\"description\":\"Diogo Artur Negrello \u00e9 CEO da Essencial M\u00e1quinas de Caf\u00e9, sediada em Porto Alegre (RS). Formado pela PUC-RS, Diogo lidera a empresa desde sua funda\u00e7\u00e3o em 2015, atuando no mercado de loca\u00e7\u00e3o, venda e manuten\u00e7\u00e3o de m\u00e1quinas autom\u00e1ticas de caf\u00e9 para ambientes corporativos e eventos. Com foco em excel\u00eancia, inova\u00e7\u00e3o e experi\u00eancia de consumo, acredita que \u201cuma boa x\u00edcara de caf\u00e9 pode ser o come\u00e7o de grandes ideias\u201d. Fora do expediente, \u00e9 casado, torcedor do SC Internacional e est\u00e1 sempre aprendendo. Siga-o no Instagram @diogonegrello para acompanhar sua vis\u00e3o e a trajet\u00f3ria da Essencial M\u00e1quinas de Caf\u00e9.\",\"sameAs\":[\"https:\\\/\\\/essencialmaquinas.com.br\\\/\",\"https:\\\/\\\/www.instagram.com\\\/diogonegrello\\\/\"],\"url\":\"https:\\\/\\\/essencialmaquinas.com.br\\\/blog\\\/author\\\/negrello_diogo_redator\\\/\"}]}<\/script>\n<!-- \/ Yoast SEO plugin. -->","yoast_head_json":{"title":"Qual o melhor tipo de m\u00e1quina de caf\u00e9 para o meu neg\u00f3cio?","description":"Saiba como escolher o melhor tipo de m\u00e1quina de caf\u00e9 para o seu neg\u00f3cio. Descubra as op\u00e7\u00f5es ideais para oferecer uma experi\u00eancia diferenciada aos seus clientes e aumentar a satisfa\u00e7\u00e3o.","robots":{"index":"index","follow":"follow","max-snippet":"max-snippet:-1","max-image-preview":"max-image-preview:large","max-video-preview":"max-video-preview:-1"},"canonical":"https:\/\/essencialmaquinas.com.br\/blog\/qual-melhor-tipo-maquina-de-cafe-para-meu-negocio\/","og_locale":"pt_BR","og_type":"article","og_title":"Qual o melhor tipo de m\u00e1quina de caf\u00e9 para o meu neg\u00f3cio?","og_description":"Saiba como escolher o melhor tipo de m\u00e1quina de caf\u00e9 para o seu neg\u00f3cio. Descubra as op\u00e7\u00f5es ideais para oferecer uma experi\u00eancia diferenciada aos seus clientes e aumentar a satisfa\u00e7\u00e3o.","og_url":"https:\/\/essencialmaquinas.com.br\/blog\/qual-melhor-tipo-maquina-de-cafe-para-meu-negocio\/","og_site_name":"Essencial M\u00e1quinas de Caf\u00e9","article_publisher":"https:\/\/www.facebook.com\/essencialmaquinas\/","article_published_time":"2022-11-21T12:46:53+00:00","article_modified_time":"2024-08-19T13:36:40+00:00","og_image":[{"width":1280,"height":853,"url":"https:\/\/essencialmaquinas.com.br\/blog\/wp-content\/uploads\/2022\/11\/pexels-marta-dzedyshko-2067628.jpg","type":"image\/jpeg"}],"author":"Diogo Negrello","twitter_card":"summary_large_image","twitter_misc":{"Escrito por":"Diogo Negrello","Est. tempo de leitura":"5 minutos"},"schema":{"@context":"https:\/\/schema.org","@graph":[{"@type":"Article","@id":"https:\/\/essencialmaquinas.com.br\/blog\/qual-melhor-tipo-maquina-de-cafe-para-meu-negocio\/#article","isPartOf":{"@id":"https:\/\/essencialmaquinas.com.br\/blog\/qual-melhor-tipo-maquina-de-cafe-para-meu-negocio\/"},"author":{"name":"Diogo Negrello","@id":"https:\/\/essencialmaquinas.com.br\/#\/schema\/person\/c321763d791f5ab47f06f495e1c03e24"},"headline":"Qual o melhor tipo de m\u00e1quina de caf\u00e9 para o meu neg\u00f3cio?","datePublished":"2022-11-21T12:46:53+00:00","dateModified":"2024-08-19T13:36:40+00:00","mainEntityOfPage":{"@id":"https:\/\/essencialmaquinas.com.br\/blog\/qual-melhor-tipo-maquina-de-cafe-para-meu-negocio\/"},"wordCount":940,"publisher":{"@id":"https:\/\/essencialmaquinas.com.br\/#organization"},"image":{"@id":"https:\/\/essencialmaquinas.com.br\/blog\/qual-melhor-tipo-maquina-de-cafe-para-meu-negocio\/#primaryimage"},"thumbnailUrl":"https:\/\/essencialmaquinas.com.br\/blog\/wp-content\/uploads\/2022\/11\/pexels-marta-dzedyshko-2067628.jpg","articleSection":["Dicas","M\u00e1quinas de Caf\u00e9"],"inLanguage":"pt-BR"},{"@type":"WebPage","@id":"https:\/\/essencialmaquinas.com.br\/blog\/qual-melhor-tipo-maquina-de-cafe-para-meu-negocio\/","url":"https:\/\/essencialmaquinas.com.br\/blog\/qual-melhor-tipo-maquina-de-cafe-para-meu-negocio\/","name":"Qual o melhor tipo de m\u00e1quina de caf\u00e9 para o meu neg\u00f3cio?","isPartOf":{"@id":"https:\/\/essencialmaquinas.com.br\/#website"},"primaryImageOfPage":{"@id":"https:\/\/essencialmaquinas.com.br\/blog\/qual-melhor-tipo-maquina-de-cafe-para-meu-negocio\/#primaryimage"},"image":{"@id":"https:\/\/essencialmaquinas.com.br\/blog\/qual-melhor-tipo-maquina-de-cafe-para-meu-negocio\/#primaryimage"},"thumbnailUrl":"https:\/\/essencialmaquinas.com.br\/blog\/wp-content\/uploads\/2022\/11\/pexels-marta-dzedyshko-2067628.jpg","datePublished":"2022-11-21T12:46:53+00:00","dateModified":"2024-08-19T13:36:40+00:00","description":"Saiba como escolher o melhor tipo de m\u00e1quina de caf\u00e9 para o seu neg\u00f3cio. Descubra as op\u00e7\u00f5es ideais para oferecer uma experi\u00eancia diferenciada aos seus clientes e aumentar a satisfa\u00e7\u00e3o.","breadcrumb":{"@id":"https:\/\/essencialmaquinas.com.br\/blog\/qual-melhor-tipo-maquina-de-cafe-para-meu-negocio\/#breadcrumb"},"inLanguage":"pt-BR","potentialAction":[{"@type":"ReadAction","target":["https:\/\/essencialmaquinas.com.br\/blog\/qual-melhor-tipo-maquina-de-cafe-para-meu-negocio\/"]}]},{"@type":"ImageObject","inLanguage":"pt-BR","@id":"https:\/\/essencialmaquinas.com.br\/blog\/qual-melhor-tipo-maquina-de-cafe-para-meu-negocio\/#primaryimage","url":"https:\/\/essencialmaquinas.com.br\/blog\/wp-content\/uploads\/2022\/11\/pexels-marta-dzedyshko-2067628.jpg","contentUrl":"https:\/\/essencialmaquinas.com.br\/blog\/wp-content\/uploads\/2022\/11\/pexels-marta-dzedyshko-2067628.jpg","width":1280,"height":853,"caption":"M\u00e1quina de caf\u00e9 para o meu neg\u00f3cio"},{"@type":"BreadcrumbList","@id":"https:\/\/essencialmaquinas.com.br\/blog\/qual-melhor-tipo-maquina-de-cafe-para-meu-negocio\/#breadcrumb","itemListElement":[{"@type":"ListItem","position":1,"name":"In\u00edcio","item":"https:\/\/essencialmaquinas.com.br\/blog\/"},{"@type":"ListItem","position":2,"name":"Dicas","item":"https:\/\/essencialmaquinas.com.br\/blog\/category\/dicas\/"},{"@type":"ListItem","position":3,"name":"Qual o melhor tipo de m\u00e1quina de caf\u00e9 para o meu neg\u00f3cio?"}]},{"@type":"WebSite","@id":"https:\/\/essencialmaquinas.com.br\/#website","url":"https:\/\/essencialmaquinas.com.br\/","name":"Essencial M\u00e1quinas de Caf\u00e9","description":"Novidades e curiosidades sobre as m\u00e1quinas de caf\u00e9 e insumos","publisher":{"@id":"https:\/\/essencialmaquinas.com.br\/#organization"},"potentialAction":[{"@type":"SearchAction","target":{"@type":"EntryPoint","urlTemplate":"https:\/\/essencialmaquinas.com.br\/?s={search_term_string}"},"query-input":{"@type":"PropertyValueSpecification","valueRequired":true,"valueName":"search_term_string"}}],"inLanguage":"pt-BR"},{"@type":"Organization","@id":"https:\/\/essencialmaquinas.com.br\/#organization","name":"Essencial M\u00e1quinas de Caf\u00e9","url":"https:\/\/essencialmaquinas.com.br\/","logo":{"@type":"ImageObject","inLanguage":"pt-BR","@id":"https:\/\/essencialmaquinas.com.br\/#\/schema\/logo\/image\/","url":"https:\/\/essencialmaquinas.com.br\/blog\/wp-content\/uploads\/2021\/12\/essencial-maquinas-logo.png","contentUrl":"https:\/\/essencialmaquinas.com.br\/blog\/wp-content\/uploads\/2021\/12\/essencial-maquinas-logo.png","width":250,"height":67,"caption":"Essencial M\u00e1quinas de Caf\u00e9"},"image":{"@id":"https:\/\/essencialmaquinas.com.br\/#\/schema\/logo\/image\/"},"sameAs":["https:\/\/www.facebook.com\/essencialmaquinas\/","https:\/\/www.instagram.com\/essencial_maquinas\/","https:\/\/www.youtube.com\/channel\/UCRV9nmg2xPS4gy_Lil7BWVQ"]},{"@type":"Person","@id":"https:\/\/essencialmaquinas.com.br\/#\/schema\/person\/c321763d791f5ab47f06f495e1c03e24","name":"Diogo Negrello","image":{"@type":"ImageObject","inLanguage":"pt-BR","@id":"https:\/\/essencialmaquinas.com.br\/blog\/wp-content\/uploads\/2025\/10\/cropped-diogo-negrello-96x96.webp","url":"https:\/\/essencialmaquinas.com.br\/blog\/wp-content\/uploads\/2025\/10\/cropped-diogo-negrello-96x96.webp","contentUrl":"https:\/\/essencialmaquinas.com.br\/blog\/wp-content\/uploads\/2025\/10\/cropped-diogo-negrello-96x96.webp","caption":"Diogo Negrello"},"description":"Diogo Artur Negrello \u00e9 CEO da Essencial M\u00e1quinas de Caf\u00e9, sediada em Porto Alegre (RS). Formado pela PUC-RS, Diogo lidera a empresa desde sua funda\u00e7\u00e3o em 2015, atuando no mercado de loca\u00e7\u00e3o, venda e manuten\u00e7\u00e3o de m\u00e1quinas autom\u00e1ticas de caf\u00e9 para ambientes corporativos e eventos. Com foco em excel\u00eancia, inova\u00e7\u00e3o e experi\u00eancia de consumo, acredita que \u201cuma boa x\u00edcara de caf\u00e9 pode ser o come\u00e7o de grandes ideias\u201d. Fora do expediente, \u00e9 casado, torcedor do SC Internacional e est\u00e1 sempre aprendendo. Siga-o no Instagram @diogonegrello para acompanhar sua vis\u00e3o e a trajet\u00f3ria da Essencial M\u00e1quinas de Caf\u00e9.","sameAs":["https:\/\/essencialmaquinas.com.br\/","https:\/\/www.instagram.com\/diogonegrello\/"],"url":"https:\/\/essencialmaquinas.com.br\/blog\/author\/negrello_diogo_redator\/"}]}},"_links":{"self":[{"href":"https:\/\/essencialmaquinas.com.br\/blog\/wp-json\/wp\/v2\/posts\/6110","targetHints":{"allow":["GET"]}}],"collection":[{"href":"https:\/\/essencialmaquinas.com.br\/blog\/wp-json\/wp\/v2\/posts"}],"about":[{"href":"https:\/\/essencialmaquinas.com.br\/blog\/wp-json\/wp\/v2\/types\/post"}],"author":[{"embeddable":true,"href":"https:\/\/essencialmaquinas.com.br\/blog\/wp-json\/wp\/v2\/users\/4"}],"replies":[{"embeddable":true,"href":"https:\/\/essencialmaquinas.com.br\/blog\/wp-json\/wp\/v2\/comments?post=6110"}],"version-history":[{"count":1,"href":"https:\/\/essencialmaquinas.com.br\/blog\/wp-json\/wp\/v2\/posts\/6110\/revisions"}],"predecessor-version":[{"id":6112,"href":"https:\/\/essencialmaquinas.com.br\/blog\/wp-json\/wp\/v2\/posts\/6110\/revisions\/6112"}],"wp:featuredmedia":[{"embeddable":true,"href":"https:\/\/essencialmaquinas.com.br\/blog\/wp-json\/wp\/v2\/media\/6111"}],"wp:attachment":[{"href":"https:\/\/essencialmaquinas.com.br\/blog\/wp-json\/wp\/v2\/media?parent=6110"}],"wp:term":[{"taxonomy":"category","embeddable":true,"href":"https:\/\/essencialmaquinas.com.br\/blog\/wp-json\/wp\/v2\/categories?post=6110"},{"taxonomy":"post_tag","embeddable":true,"href":"https:\/\/essencialmaquinas.com.br\/blog\/wp-json\/wp\/v2\/tags?post=6110"}],"curies":[{"name":"wp","href":"https:\/\/api.w.org\/{rel}","templated":true}]}}