{"id":6124,"date":"2024-08-19T09:53:58","date_gmt":"2024-08-19T12:53:58","guid":{"rendered":"https:\/\/blog.essencialmaquinas.com.br\/?p=6124"},"modified":"2024-08-19T09:55:33","modified_gmt":"2024-08-19T12:55:33","slug":"locacao-maquina-cafe-expointer-2024","status":"publish","type":"post","link":"https:\/\/essencialmaquinas.com.br\/blog\/locacao-maquina-cafe-expointer-2024\/","title":{"rendered":"Loca\u00e7\u00e3o de M\u00e1quina de Caf\u00e9: Um diferencial para o sucesso do seu evento na Expointer 2024"},"content":{"rendered":"\n<p>Participar da Expointer \u00e9 uma oportunidade \u00fanica para expositores e visitantes se conectarem e explorarem novas oportunidades de neg\u00f3cios. Em um evento t\u00e3o grandioso, a presen\u00e7a de uma m\u00e1quina de caf\u00e9 no estande pode ser essencial, como sempre dizemos um bom caf\u00e9 \u00e9 Essencial, e nisso temos a oportunidade de fazer toda a diferen\u00e7a. Imagine o impacto positivo que uma m\u00e1quina de caf\u00e9 pode ter na experi\u00eancia dos visitantes: al\u00e9m de oferecer uma pausa revigorante, ela contribui para a cria\u00e7\u00e3o de um ambiente mais acolhedor e convidativo.<\/p>\n\n\n\n<p>A import\u00e2ncia de ter uma m\u00e1quina de caf\u00e9 Essencial M\u00e1quinas no estande na Expointer vai al\u00e9m do simples fornecimento de bebidas, provar nossas saborosas bebidas como <em>cappucino<\/em> s\u00e3o uma \u00f3tima experi\u00eancia. Em um evento com um fluxo intenso de pessoas, uma m\u00e1quina de caf\u00e9 bem-posicionada pode atrair visitantes e incentivar conversas mais informais e produtivas. As pausas para o caf\u00e9 proporcionam momentos ideais para estabelecer conex\u00f5es, responder perguntas e promover seu produto ou servi\u00e7o de maneira mais eficaz.<\/p>\n\n\n\n<p>Ademais, a comodidade de uma m\u00e1quina de caf\u00e9 autom\u00e1tica no estande durante a Expointer pode aumentar o tempo que os visitantes passam em seu espa\u00e7o, criando oportunidades adicionais para engajamento e ativa\u00e7\u00f5es. Al\u00e9m disso, a presen\u00e7a de uma m\u00e1quina de caf\u00e9 da Essencial M\u00e1quinas contribui para a imagem positiva da sua marca, demonstrando cuidado com o bem-estar dos participantes e elevando a percep\u00e7\u00e3o de qualidade do seu atendimento.<\/p>\n\n\n\n<p>N\u00f3s da Essencial M\u00e1quinas de caf\u00e9 somos especialistas no atendimento \u00e0 grandes eventos como a Expointer, o n\u00famero de clientes que atendemos vem crescendo ano a ano e hoje mais de 50% das m\u00e1quinas locadas no parque s\u00e3o atendidas pela nossa empresa, al\u00e9m de possuirmos o \u201cpasse livre\u201d onde podemos nos deslocar com ve\u00edculos dentro do parque, trazendo assim um SLA bem menor em caso de necessidade de manuten\u00e7\u00f5es ou entrega de produtos, como os insumos para as m\u00e1quinas de caf\u00e9 autom\u00e1ticas.<\/p>\n\n\n\n<p>Portanto, investir em uma m\u00e1quina de caf\u00e9 para o seu estande na Expointer n\u00e3o \u00e9 apenas uma quest\u00e3o de conveni\u00eancia, mas uma estrat\u00e9gia inteligente e essencial para melhorar a experi\u00eancia dos visitantes e otimizar os resultados do evento. Com uma m\u00e1quina de caf\u00e9 da Essencial M\u00e1quinas, voc\u00ea garante que seu estande se destaque e proporcione uma experi\u00eancia memor\u00e1vel para todos que passarem&nbsp;por&nbsp;ele.<\/p>\n\n\n\n<h2 class=\"wp-block-heading\">Veja abaixo as melhores op\u00e7\u00f5es para loca\u00e7\u00e3o de m\u00e1quina de caf\u00e9 para seu evento:<\/h2>\n\n\n\n<figure class=\"wp-block-image size-full\"><a href=\"https:\/\/essencialmaquinas.com.br\/produtos\/maquina-de-cafe-lioness-xsh5\" target=\"_blank\" rel=\"noreferrer noopener\"><img decoding=\"async\" width=\"600\" height=\"356\" src=\"https:\/\/essencialmaquinas.com.br\/blog\/wp-content\/uploads\/2024\/08\/maquina_de_cafe_rheavendors-lioness-XSH5.jpg\" alt=\"Rheavendors Lioness XSH5\" class=\"wp-image-6125\" srcset=\"https:\/\/essencialmaquinas.com.br\/blog\/wp-content\/uploads\/2024\/08\/maquina_de_cafe_rheavendors-lioness-XSH5.jpg 600w, https:\/\/essencialmaquinas.com.br\/blog\/wp-content\/uploads\/2024\/08\/maquina_de_cafe_rheavendors-lioness-XSH5-300x178.jpg 300w\" sizes=\"(max-width: 600px) 100vw, 600px\" \/><\/a><figcaption class=\"wp-element-caption\"><strong>Rheavendors Lioness XSH5<\/strong> (acesse para mais informa\u00e7\u00f5es)<\/figcaption><\/figure>\n\n\n\n<figure class=\"wp-block-image size-full\"><img decoding=\"async\" width=\"600\" height=\"356\" src=\"https:\/\/essencialmaquinas.com.br\/blog\/wp-content\/uploads\/2024\/08\/maquina_de_cafe_bianchi-lei-sa.jpg\" alt=\"Bianchi LEI SA\" class=\"wp-image-6132\" srcset=\"https:\/\/essencialmaquinas.com.br\/blog\/wp-content\/uploads\/2024\/08\/maquina_de_cafe_bianchi-lei-sa.jpg 600w, https:\/\/essencialmaquinas.com.br\/blog\/wp-content\/uploads\/2024\/08\/maquina_de_cafe_bianchi-lei-sa-300x178.jpg 300w\" sizes=\"(max-width: 600px) 100vw, 600px\" \/><figcaption class=\"wp-element-caption\"><strong>Bianchi LEI SA<\/strong> (acesse para mais informa\u00e7\u00f5es)<\/figcaption><\/figure>\n\n\n\n<figure class=\"wp-block-image size-full\"><img decoding=\"async\" width=\"600\" height=\"356\" src=\"https:\/\/essencialmaquinas.com.br\/blog\/wp-content\/uploads\/2024\/08\/maquinas-compactas-grao-expresso.jpg\" alt=\"M\u00e1quinas Compactas de Gr\u00e3o Expresso\" class=\"wp-image-6137\" srcset=\"https:\/\/essencialmaquinas.com.br\/blog\/wp-content\/uploads\/2024\/08\/maquinas-compactas-grao-expresso.jpg 600w, https:\/\/essencialmaquinas.com.br\/blog\/wp-content\/uploads\/2024\/08\/maquinas-compactas-grao-expresso-300x178.jpg 300w\" sizes=\"(max-width: 600px) 100vw, 600px\" \/><figcaption class=\"wp-element-caption\"><strong>Compactas de Gr\u00e3o Expresso<\/strong> (acesse para mais informa\u00e7\u00f5es)<\/figcaption><\/figure>\n","protected":false},"excerpt":{"rendered":"<p>Participar da Expointer \u00e9 uma oportunidade \u00fanica para expositores e visitantes se conectarem e explorarem novas oportunidades de neg\u00f3cios. Em um evento t\u00e3o grandioso, a&#8230;<\/p>\n","protected":false},"author":4,"featured_media":6130,"comment_status":"closed","ping_status":"closed","sticky":false,"template":"","format":"standard","meta":{"footnotes":""},"categories":[108,23],"tags":[36,87,48,28],"class_list":{"0":"post-6124","1":"post","2":"type-post","3":"status-publish","4":"format-standard","5":"has-post-thumbnail","7":"category-eventos","8":"category-maquinas-de-cafe","9":"tag-aluguel-de-maquina-de-cafe","10":"tag-expointer","11":"tag-locacao-de-maquina-de-cafe","12":"tag-maquina-de-cafe"},"yoast_head":"<!-- This site is optimized with the Yoast SEO plugin v27.5 - https:\/\/yoast.com\/product\/yoast-seo-wordpress\/ -->\n<title>Loca\u00e7\u00e3o de M\u00e1quina de Caf\u00e9: Um diferencial para o sucesso do seu evento na Expointer 2024<\/title>\n<meta name=\"description\" content=\"Descubra como a loca\u00e7\u00e3o de m\u00e1quinas de caf\u00e9 pode transformar a experi\u00eancia dos visitantes na Expointer 2024, oferecendo conforto, conveni\u00eancia e um toque especial ao seu evento. Saiba mais!\" \/>\n<meta name=\"robots\" content=\"index, follow, max-snippet:-1, max-image-preview:large, max-video-preview:-1\" \/>\n<link rel=\"canonical\" href=\"https:\/\/essencialmaquinas.com.br\/blog\/locacao-maquina-cafe-expointer-2024\/\" \/>\n<meta property=\"og:locale\" content=\"pt_BR\" \/>\n<meta property=\"og:type\" content=\"article\" \/>\n<meta property=\"og:title\" content=\"Loca\u00e7\u00e3o de M\u00e1quina de Caf\u00e9: Um diferencial para o sucesso do seu evento na Expointer 2024\" \/>\n<meta property=\"og:description\" content=\"Descubra como a loca\u00e7\u00e3o de m\u00e1quinas de caf\u00e9 pode transformar a experi\u00eancia dos visitantes na Expointer 2024, oferecendo conforto, conveni\u00eancia e um toque especial ao seu evento. Saiba mais!\" \/>\n<meta property=\"og:url\" content=\"https:\/\/essencialmaquinas.com.br\/blog\/locacao-maquina-cafe-expointer-2024\/\" \/>\n<meta property=\"og:site_name\" content=\"Essencial M\u00e1quinas de Caf\u00e9\" \/>\n<meta property=\"article:publisher\" content=\"https:\/\/www.facebook.com\/essencialmaquinas\/\" \/>\n<meta property=\"article:published_time\" content=\"2024-08-19T12:53:58+00:00\" \/>\n<meta property=\"article:modified_time\" content=\"2024-08-19T12:55:33+00:00\" \/>\n<meta property=\"og:image\" content=\"https:\/\/essencialmaquinas.com.br\/blog\/wp-content\/uploads\/2024\/08\/maquina-de-cafe-para-expointer.jpg\" \/>\n\t<meta property=\"og:image:width\" content=\"1344\" \/>\n\t<meta property=\"og:image:height\" content=\"768\" \/>\n\t<meta property=\"og:image:type\" content=\"image\/jpeg\" \/>\n<meta name=\"author\" content=\"Diogo Negrello\" \/>\n<meta name=\"twitter:card\" content=\"summary_large_image\" \/>\n<meta name=\"twitter:label1\" content=\"Escrito por\" \/>\n\t<meta name=\"twitter:data1\" content=\"Diogo Negrello\" \/>\n\t<meta name=\"twitter:label2\" content=\"Est. tempo de leitura\" \/>\n\t<meta name=\"twitter:data2\" content=\"2 minutos\" \/>\n<script type=\"application\/ld+json\" class=\"yoast-schema-graph\">{\"@context\":\"https:\\\/\\\/schema.org\",\"@graph\":[{\"@type\":\"Article\",\"@id\":\"https:\\\/\\\/essencialmaquinas.com.br\\\/blog\\\/locacao-maquina-cafe-expointer-2024\\\/#article\",\"isPartOf\":{\"@id\":\"https:\\\/\\\/essencialmaquinas.com.br\\\/blog\\\/locacao-maquina-cafe-expointer-2024\\\/\"},\"author\":{\"name\":\"Diogo Negrello\",\"@id\":\"https:\\\/\\\/essencialmaquinas.com.br\\\/#\\\/schema\\\/person\\\/c321763d791f5ab47f06f495e1c03e24\"},\"headline\":\"Loca\u00e7\u00e3o de M\u00e1quina de Caf\u00e9: Um diferencial para o sucesso do seu evento na Expointer 2024\",\"datePublished\":\"2024-08-19T12:53:58+00:00\",\"dateModified\":\"2024-08-19T12:55:33+00:00\",\"mainEntityOfPage\":{\"@id\":\"https:\\\/\\\/essencialmaquinas.com.br\\\/blog\\\/locacao-maquina-cafe-expointer-2024\\\/\"},\"wordCount\":483,\"publisher\":{\"@id\":\"https:\\\/\\\/essencialmaquinas.com.br\\\/#organization\"},\"image\":{\"@id\":\"https:\\\/\\\/essencialmaquinas.com.br\\\/blog\\\/locacao-maquina-cafe-expointer-2024\\\/#primaryimage\"},\"thumbnailUrl\":\"https:\\\/\\\/essencialmaquinas.com.br\\\/blog\\\/wp-content\\\/uploads\\\/2024\\\/08\\\/maquina-de-cafe-para-expointer.jpg\",\"keywords\":[\"aluguel de m\u00e1quina de caf\u00e9\",\"expointer\",\"loca\u00e7\u00e3o de m\u00e1quina de caf\u00e9\",\"m\u00e1quina de caf\u00e9\"],\"articleSection\":[\"Eventos\",\"M\u00e1quinas de Caf\u00e9\"],\"inLanguage\":\"pt-BR\"},{\"@type\":\"WebPage\",\"@id\":\"https:\\\/\\\/essencialmaquinas.com.br\\\/blog\\\/locacao-maquina-cafe-expointer-2024\\\/\",\"url\":\"https:\\\/\\\/essencialmaquinas.com.br\\\/blog\\\/locacao-maquina-cafe-expointer-2024\\\/\",\"name\":\"Loca\u00e7\u00e3o de M\u00e1quina de Caf\u00e9: Um diferencial para o sucesso do seu evento na Expointer 2024\",\"isPartOf\":{\"@id\":\"https:\\\/\\\/essencialmaquinas.com.br\\\/#website\"},\"primaryImageOfPage\":{\"@id\":\"https:\\\/\\\/essencialmaquinas.com.br\\\/blog\\\/locacao-maquina-cafe-expointer-2024\\\/#primaryimage\"},\"image\":{\"@id\":\"https:\\\/\\\/essencialmaquinas.com.br\\\/blog\\\/locacao-maquina-cafe-expointer-2024\\\/#primaryimage\"},\"thumbnailUrl\":\"https:\\\/\\\/essencialmaquinas.com.br\\\/blog\\\/wp-content\\\/uploads\\\/2024\\\/08\\\/maquina-de-cafe-para-expointer.jpg\",\"datePublished\":\"2024-08-19T12:53:58+00:00\",\"dateModified\":\"2024-08-19T12:55:33+00:00\",\"description\":\"Descubra como a loca\u00e7\u00e3o de m\u00e1quinas de caf\u00e9 pode transformar a experi\u00eancia dos visitantes na Expointer 2024, oferecendo conforto, conveni\u00eancia e um toque especial ao seu evento. Saiba mais!\",\"breadcrumb\":{\"@id\":\"https:\\\/\\\/essencialmaquinas.com.br\\\/blog\\\/locacao-maquina-cafe-expointer-2024\\\/#breadcrumb\"},\"inLanguage\":\"pt-BR\",\"potentialAction\":[{\"@type\":\"ReadAction\",\"target\":[\"https:\\\/\\\/essencialmaquinas.com.br\\\/blog\\\/locacao-maquina-cafe-expointer-2024\\\/\"]}]},{\"@type\":\"ImageObject\",\"inLanguage\":\"pt-BR\",\"@id\":\"https:\\\/\\\/essencialmaquinas.com.br\\\/blog\\\/locacao-maquina-cafe-expointer-2024\\\/#primaryimage\",\"url\":\"https:\\\/\\\/essencialmaquinas.com.br\\\/blog\\\/wp-content\\\/uploads\\\/2024\\\/08\\\/maquina-de-cafe-para-expointer.jpg\",\"contentUrl\":\"https:\\\/\\\/essencialmaquinas.com.br\\\/blog\\\/wp-content\\\/uploads\\\/2024\\\/08\\\/maquina-de-cafe-para-expointer.jpg\",\"width\":1344,\"height\":768,\"caption\":\"Loca\u00e7\u00e3o de M\u00e1quina de Caf\u00e9 para Expointer\"},{\"@type\":\"BreadcrumbList\",\"@id\":\"https:\\\/\\\/essencialmaquinas.com.br\\\/blog\\\/locacao-maquina-cafe-expointer-2024\\\/#breadcrumb\",\"itemListElement\":[{\"@type\":\"ListItem\",\"position\":1,\"name\":\"In\u00edcio\",\"item\":\"https:\\\/\\\/essencialmaquinas.com.br\\\/blog\\\/\"},{\"@type\":\"ListItem\",\"position\":2,\"name\":\"M\u00e1quinas de Caf\u00e9\",\"item\":\"https:\\\/\\\/essencialmaquinas.com.br\\\/blog\\\/category\\\/maquinas-de-cafe\\\/\"},{\"@type\":\"ListItem\",\"position\":3,\"name\":\"Loca\u00e7\u00e3o de M\u00e1quina de Caf\u00e9: Um diferencial para o sucesso do seu evento na Expointer 2024\"}]},{\"@type\":\"WebSite\",\"@id\":\"https:\\\/\\\/essencialmaquinas.com.br\\\/#website\",\"url\":\"https:\\\/\\\/essencialmaquinas.com.br\\\/\",\"name\":\"Essencial M\u00e1quinas de Caf\u00e9\",\"description\":\"Novidades e curiosidades sobre as m\u00e1quinas de caf\u00e9 e insumos\",\"publisher\":{\"@id\":\"https:\\\/\\\/essencialmaquinas.com.br\\\/#organization\"},\"potentialAction\":[{\"@type\":\"SearchAction\",\"target\":{\"@type\":\"EntryPoint\",\"urlTemplate\":\"https:\\\/\\\/essencialmaquinas.com.br\\\/?s={search_term_string}\"},\"query-input\":{\"@type\":\"PropertyValueSpecification\",\"valueRequired\":true,\"valueName\":\"search_term_string\"}}],\"inLanguage\":\"pt-BR\"},{\"@type\":\"Organization\",\"@id\":\"https:\\\/\\\/essencialmaquinas.com.br\\\/#organization\",\"name\":\"Essencial M\u00e1quinas de Caf\u00e9\",\"url\":\"https:\\\/\\\/essencialmaquinas.com.br\\\/\",\"logo\":{\"@type\":\"ImageObject\",\"inLanguage\":\"pt-BR\",\"@id\":\"https:\\\/\\\/essencialmaquinas.com.br\\\/#\\\/schema\\\/logo\\\/image\\\/\",\"url\":\"https:\\\/\\\/essencialmaquinas.com.br\\\/blog\\\/wp-content\\\/uploads\\\/2021\\\/12\\\/essencial-maquinas-logo.png\",\"contentUrl\":\"https:\\\/\\\/essencialmaquinas.com.br\\\/blog\\\/wp-content\\\/uploads\\\/2021\\\/12\\\/essencial-maquinas-logo.png\",\"width\":250,\"height\":67,\"caption\":\"Essencial M\u00e1quinas de Caf\u00e9\"},\"image\":{\"@id\":\"https:\\\/\\\/essencialmaquinas.com.br\\\/#\\\/schema\\\/logo\\\/image\\\/\"},\"sameAs\":[\"https:\\\/\\\/www.facebook.com\\\/essencialmaquinas\\\/\",\"https:\\\/\\\/www.instagram.com\\\/essencial_maquinas\\\/\",\"https:\\\/\\\/www.youtube.com\\\/channel\\\/UCRV9nmg2xPS4gy_Lil7BWVQ\"]},{\"@type\":\"Person\",\"@id\":\"https:\\\/\\\/essencialmaquinas.com.br\\\/#\\\/schema\\\/person\\\/c321763d791f5ab47f06f495e1c03e24\",\"name\":\"Diogo Negrello\",\"image\":{\"@type\":\"ImageObject\",\"inLanguage\":\"pt-BR\",\"@id\":\"https:\\\/\\\/essencialmaquinas.com.br\\\/blog\\\/wp-content\\\/uploads\\\/2025\\\/10\\\/cropped-diogo-negrello-96x96.webp\",\"url\":\"https:\\\/\\\/essencialmaquinas.com.br\\\/blog\\\/wp-content\\\/uploads\\\/2025\\\/10\\\/cropped-diogo-negrello-96x96.webp\",\"contentUrl\":\"https:\\\/\\\/essencialmaquinas.com.br\\\/blog\\\/wp-content\\\/uploads\\\/2025\\\/10\\\/cropped-diogo-negrello-96x96.webp\",\"caption\":\"Diogo Negrello\"},\"description\":\"Diogo Artur Negrello \u00e9 CEO da Essencial M\u00e1quinas de Caf\u00e9, sediada em Porto Alegre (RS). Formado pela PUC-RS, Diogo lidera a empresa desde sua funda\u00e7\u00e3o em 2015, atuando no mercado de loca\u00e7\u00e3o, venda e manuten\u00e7\u00e3o de m\u00e1quinas autom\u00e1ticas de caf\u00e9 para ambientes corporativos e eventos. Com foco em excel\u00eancia, inova\u00e7\u00e3o e experi\u00eancia de consumo, acredita que \u201cuma boa x\u00edcara de caf\u00e9 pode ser o come\u00e7o de grandes ideias\u201d. Fora do expediente, \u00e9 casado, torcedor do SC Internacional e est\u00e1 sempre aprendendo. Siga-o no Instagram @diogonegrello para acompanhar sua vis\u00e3o e a trajet\u00f3ria da Essencial M\u00e1quinas de Caf\u00e9.\",\"sameAs\":[\"https:\\\/\\\/essencialmaquinas.com.br\\\/\",\"https:\\\/\\\/www.instagram.com\\\/diogonegrello\\\/\"],\"url\":\"https:\\\/\\\/essencialmaquinas.com.br\\\/blog\\\/author\\\/negrello_diogo_redator\\\/\"}]}<\/script>\n<!-- \/ Yoast SEO plugin. -->","yoast_head_json":{"title":"Loca\u00e7\u00e3o de M\u00e1quina de Caf\u00e9: Um diferencial para o sucesso do seu evento na Expointer 2024","description":"Descubra como a loca\u00e7\u00e3o de m\u00e1quinas de caf\u00e9 pode transformar a experi\u00eancia dos visitantes na Expointer 2024, oferecendo conforto, conveni\u00eancia e um toque especial ao seu evento. Saiba mais!","robots":{"index":"index","follow":"follow","max-snippet":"max-snippet:-1","max-image-preview":"max-image-preview:large","max-video-preview":"max-video-preview:-1"},"canonical":"https:\/\/essencialmaquinas.com.br\/blog\/locacao-maquina-cafe-expointer-2024\/","og_locale":"pt_BR","og_type":"article","og_title":"Loca\u00e7\u00e3o de M\u00e1quina de Caf\u00e9: Um diferencial para o sucesso do seu evento na Expointer 2024","og_description":"Descubra como a loca\u00e7\u00e3o de m\u00e1quinas de caf\u00e9 pode transformar a experi\u00eancia dos visitantes na Expointer 2024, oferecendo conforto, conveni\u00eancia e um toque especial ao seu evento. Saiba mais!","og_url":"https:\/\/essencialmaquinas.com.br\/blog\/locacao-maquina-cafe-expointer-2024\/","og_site_name":"Essencial M\u00e1quinas de Caf\u00e9","article_publisher":"https:\/\/www.facebook.com\/essencialmaquinas\/","article_published_time":"2024-08-19T12:53:58+00:00","article_modified_time":"2024-08-19T12:55:33+00:00","og_image":[{"width":1344,"height":768,"url":"https:\/\/essencialmaquinas.com.br\/blog\/wp-content\/uploads\/2024\/08\/maquina-de-cafe-para-expointer.jpg","type":"image\/jpeg"}],"author":"Diogo Negrello","twitter_card":"summary_large_image","twitter_misc":{"Escrito por":"Diogo Negrello","Est. tempo de leitura":"2 minutos"},"schema":{"@context":"https:\/\/schema.org","@graph":[{"@type":"Article","@id":"https:\/\/essencialmaquinas.com.br\/blog\/locacao-maquina-cafe-expointer-2024\/#article","isPartOf":{"@id":"https:\/\/essencialmaquinas.com.br\/blog\/locacao-maquina-cafe-expointer-2024\/"},"author":{"name":"Diogo Negrello","@id":"https:\/\/essencialmaquinas.com.br\/#\/schema\/person\/c321763d791f5ab47f06f495e1c03e24"},"headline":"Loca\u00e7\u00e3o de M\u00e1quina de Caf\u00e9: Um diferencial para o sucesso do seu evento na Expointer 2024","datePublished":"2024-08-19T12:53:58+00:00","dateModified":"2024-08-19T12:55:33+00:00","mainEntityOfPage":{"@id":"https:\/\/essencialmaquinas.com.br\/blog\/locacao-maquina-cafe-expointer-2024\/"},"wordCount":483,"publisher":{"@id":"https:\/\/essencialmaquinas.com.br\/#organization"},"image":{"@id":"https:\/\/essencialmaquinas.com.br\/blog\/locacao-maquina-cafe-expointer-2024\/#primaryimage"},"thumbnailUrl":"https:\/\/essencialmaquinas.com.br\/blog\/wp-content\/uploads\/2024\/08\/maquina-de-cafe-para-expointer.jpg","keywords":["aluguel de m\u00e1quina de caf\u00e9","expointer","loca\u00e7\u00e3o de m\u00e1quina de caf\u00e9","m\u00e1quina de caf\u00e9"],"articleSection":["Eventos","M\u00e1quinas de Caf\u00e9"],"inLanguage":"pt-BR"},{"@type":"WebPage","@id":"https:\/\/essencialmaquinas.com.br\/blog\/locacao-maquina-cafe-expointer-2024\/","url":"https:\/\/essencialmaquinas.com.br\/blog\/locacao-maquina-cafe-expointer-2024\/","name":"Loca\u00e7\u00e3o de M\u00e1quina de Caf\u00e9: Um diferencial para o sucesso do seu evento na Expointer 2024","isPartOf":{"@id":"https:\/\/essencialmaquinas.com.br\/#website"},"primaryImageOfPage":{"@id":"https:\/\/essencialmaquinas.com.br\/blog\/locacao-maquina-cafe-expointer-2024\/#primaryimage"},"image":{"@id":"https:\/\/essencialmaquinas.com.br\/blog\/locacao-maquina-cafe-expointer-2024\/#primaryimage"},"thumbnailUrl":"https:\/\/essencialmaquinas.com.br\/blog\/wp-content\/uploads\/2024\/08\/maquina-de-cafe-para-expointer.jpg","datePublished":"2024-08-19T12:53:58+00:00","dateModified":"2024-08-19T12:55:33+00:00","description":"Descubra como a loca\u00e7\u00e3o de m\u00e1quinas de caf\u00e9 pode transformar a experi\u00eancia dos visitantes na Expointer 2024, oferecendo conforto, conveni\u00eancia e um toque especial ao seu evento. Saiba mais!","breadcrumb":{"@id":"https:\/\/essencialmaquinas.com.br\/blog\/locacao-maquina-cafe-expointer-2024\/#breadcrumb"},"inLanguage":"pt-BR","potentialAction":[{"@type":"ReadAction","target":["https:\/\/essencialmaquinas.com.br\/blog\/locacao-maquina-cafe-expointer-2024\/"]}]},{"@type":"ImageObject","inLanguage":"pt-BR","@id":"https:\/\/essencialmaquinas.com.br\/blog\/locacao-maquina-cafe-expointer-2024\/#primaryimage","url":"https:\/\/essencialmaquinas.com.br\/blog\/wp-content\/uploads\/2024\/08\/maquina-de-cafe-para-expointer.jpg","contentUrl":"https:\/\/essencialmaquinas.com.br\/blog\/wp-content\/uploads\/2024\/08\/maquina-de-cafe-para-expointer.jpg","width":1344,"height":768,"caption":"Loca\u00e7\u00e3o de M\u00e1quina de Caf\u00e9 para Expointer"},{"@type":"BreadcrumbList","@id":"https:\/\/essencialmaquinas.com.br\/blog\/locacao-maquina-cafe-expointer-2024\/#breadcrumb","itemListElement":[{"@type":"ListItem","position":1,"name":"In\u00edcio","item":"https:\/\/essencialmaquinas.com.br\/blog\/"},{"@type":"ListItem","position":2,"name":"M\u00e1quinas de Caf\u00e9","item":"https:\/\/essencialmaquinas.com.br\/blog\/category\/maquinas-de-cafe\/"},{"@type":"ListItem","position":3,"name":"Loca\u00e7\u00e3o de M\u00e1quina de Caf\u00e9: Um diferencial para o sucesso do seu evento na Expointer 2024"}]},{"@type":"WebSite","@id":"https:\/\/essencialmaquinas.com.br\/#website","url":"https:\/\/essencialmaquinas.com.br\/","name":"Essencial M\u00e1quinas de Caf\u00e9","description":"Novidades e curiosidades sobre as m\u00e1quinas de caf\u00e9 e insumos","publisher":{"@id":"https:\/\/essencialmaquinas.com.br\/#organization"},"potentialAction":[{"@type":"SearchAction","target":{"@type":"EntryPoint","urlTemplate":"https:\/\/essencialmaquinas.com.br\/?s={search_term_string}"},"query-input":{"@type":"PropertyValueSpecification","valueRequired":true,"valueName":"search_term_string"}}],"inLanguage":"pt-BR"},{"@type":"Organization","@id":"https:\/\/essencialmaquinas.com.br\/#organization","name":"Essencial M\u00e1quinas de Caf\u00e9","url":"https:\/\/essencialmaquinas.com.br\/","logo":{"@type":"ImageObject","inLanguage":"pt-BR","@id":"https:\/\/essencialmaquinas.com.br\/#\/schema\/logo\/image\/","url":"https:\/\/essencialmaquinas.com.br\/blog\/wp-content\/uploads\/2021\/12\/essencial-maquinas-logo.png","contentUrl":"https:\/\/essencialmaquinas.com.br\/blog\/wp-content\/uploads\/2021\/12\/essencial-maquinas-logo.png","width":250,"height":67,"caption":"Essencial M\u00e1quinas de Caf\u00e9"},"image":{"@id":"https:\/\/essencialmaquinas.com.br\/#\/schema\/logo\/image\/"},"sameAs":["https:\/\/www.facebook.com\/essencialmaquinas\/","https:\/\/www.instagram.com\/essencial_maquinas\/","https:\/\/www.youtube.com\/channel\/UCRV9nmg2xPS4gy_Lil7BWVQ"]},{"@type":"Person","@id":"https:\/\/essencialmaquinas.com.br\/#\/schema\/person\/c321763d791f5ab47f06f495e1c03e24","name":"Diogo Negrello","image":{"@type":"ImageObject","inLanguage":"pt-BR","@id":"https:\/\/essencialmaquinas.com.br\/blog\/wp-content\/uploads\/2025\/10\/cropped-diogo-negrello-96x96.webp","url":"https:\/\/essencialmaquinas.com.br\/blog\/wp-content\/uploads\/2025\/10\/cropped-diogo-negrello-96x96.webp","contentUrl":"https:\/\/essencialmaquinas.com.br\/blog\/wp-content\/uploads\/2025\/10\/cropped-diogo-negrello-96x96.webp","caption":"Diogo Negrello"},"description":"Diogo Artur Negrello \u00e9 CEO da Essencial M\u00e1quinas de Caf\u00e9, sediada em Porto Alegre (RS). Formado pela PUC-RS, Diogo lidera a empresa desde sua funda\u00e7\u00e3o em 2015, atuando no mercado de loca\u00e7\u00e3o, venda e manuten\u00e7\u00e3o de m\u00e1quinas autom\u00e1ticas de caf\u00e9 para ambientes corporativos e eventos. Com foco em excel\u00eancia, inova\u00e7\u00e3o e experi\u00eancia de consumo, acredita que \u201cuma boa x\u00edcara de caf\u00e9 pode ser o come\u00e7o de grandes ideias\u201d. Fora do expediente, \u00e9 casado, torcedor do SC Internacional e est\u00e1 sempre aprendendo. Siga-o no Instagram @diogonegrello para acompanhar sua vis\u00e3o e a trajet\u00f3ria da Essencial M\u00e1quinas de Caf\u00e9.","sameAs":["https:\/\/essencialmaquinas.com.br\/","https:\/\/www.instagram.com\/diogonegrello\/"],"url":"https:\/\/essencialmaquinas.com.br\/blog\/author\/negrello_diogo_redator\/"}]}},"_links":{"self":[{"href":"https:\/\/essencialmaquinas.com.br\/blog\/wp-json\/wp\/v2\/posts\/6124","targetHints":{"allow":["GET"]}}],"collection":[{"href":"https:\/\/essencialmaquinas.com.br\/blog\/wp-json\/wp\/v2\/posts"}],"about":[{"href":"https:\/\/essencialmaquinas.com.br\/blog\/wp-json\/wp\/v2\/types\/post"}],"author":[{"embeddable":true,"href":"https:\/\/essencialmaquinas.com.br\/blog\/wp-json\/wp\/v2\/users\/4"}],"replies":[{"embeddable":true,"href":"https:\/\/essencialmaquinas.com.br\/blog\/wp-json\/wp\/v2\/comments?post=6124"}],"version-history":[{"count":9,"href":"https:\/\/essencialmaquinas.com.br\/blog\/wp-json\/wp\/v2\/posts\/6124\/revisions"}],"predecessor-version":[{"id":6139,"href":"https:\/\/essencialmaquinas.com.br\/blog\/wp-json\/wp\/v2\/posts\/6124\/revisions\/6139"}],"wp:featuredmedia":[{"embeddable":true,"href":"https:\/\/essencialmaquinas.com.br\/blog\/wp-json\/wp\/v2\/media\/6130"}],"wp:attachment":[{"href":"https:\/\/essencialmaquinas.com.br\/blog\/wp-json\/wp\/v2\/media?parent=6124"}],"wp:term":[{"taxonomy":"category","embeddable":true,"href":"https:\/\/essencialmaquinas.com.br\/blog\/wp-json\/wp\/v2\/categories?post=6124"},{"taxonomy":"post_tag","embeddable":true,"href":"https:\/\/essencialmaquinas.com.br\/blog\/wp-json\/wp\/v2\/tags?post=6124"}],"curies":[{"name":"wp","href":"https:\/\/api.w.org\/{rel}","templated":true}]}}