{"id":6146,"date":"2024-12-18T10:08:34","date_gmt":"2024-12-18T13:08:34","guid":{"rendered":"https:\/\/blog.essencialmaquinas.com.br\/?p=6146"},"modified":"2024-12-18T10:32:37","modified_gmt":"2024-12-18T13:32:37","slug":"verao-com-bebidas-geladas-maquina-de-cafe","status":"publish","type":"post","link":"https:\/\/essencialmaquinas.com.br\/blog\/verao-com-bebidas-geladas-maquina-de-cafe\/","title":{"rendered":"Aproveite o ver\u00e3o com as deliciosas bebidas geladas da sua m\u00e1quina de caf\u00e9 expresso"},"content":{"rendered":"\n<p>O ver\u00e3o chegou em Porto Alegre e com ele, o calor\u00e3o que faz com que muitos deixem de lado o tradicional chocolate quente ou o cappuccino cremoso que sai quentinho da m\u00e1quina autom\u00e1tica de caf\u00e9. Mas ser\u00e1 que \u00e9 preciso parar de usar a m\u00e1quina de caf\u00e9 expresso durante essa esta\u00e7\u00e3o? A resposta \u00e9 n\u00e3o!<\/p>\n\n\n\n<p>As m\u00e1quinas autom\u00e1ticas de caf\u00e9 s\u00e3o verdadeiras aliadas no ver\u00e3o, pois al\u00e9m de prepararem uma variedade de bebidas geladas deliciosas, elas s\u00e3o simples de usar e garantem a mesma qualidade de um barista profissional, seja em casa ou no escrit\u00f3rio. Com a <a target=\"_blank\" href=\"https:\/\/essencialmaquinas.com.br\/produtos\" rel=\"noreferrer noopener\">Essencial M\u00e1quinas de Caf\u00e9<\/a>, voc\u00ea pode mudar a maneira como toma seu caf\u00e9 e usar o ver\u00e3o a seu favor.<\/p>\n\n\n\n<p>Essas m\u00e1quinas s\u00e3o \u00f3timas op\u00e7\u00f5es de presente para o ver\u00e3o. Em quest\u00e3o de segundos, voc\u00ea pode obter um expresso quente que servir\u00e1 de base para preparar um caf\u00e9 gelado ou at\u00e9 mesmo um Latte, perfeito para criar um ch\u00e1 latte ou um frapp\u00e9. Al\u00e9m disso, voc\u00ea pode preparar um delicioso ch\u00e1 gelado de p\u00eassego e deix\u00e1-lo na geladeira, oferecendo o mesmo sabor de um ICED TEA ou ch\u00e1 matte. Algumas m\u00e1quinas ainda permitem personalizar as receitas para atender \u00e0s suas prefer\u00eancias pessoais.<\/p>\n\n\n\n<p>A praticidade \u00e9 outro ponto forte das m\u00e1quinas autom\u00e1ticas. Com tecnologia avan\u00e7ada, elas fazem todo o trabalho para voc\u00ea: moem os gr\u00e3os na hora, ajustam a intensidade do caf\u00e9 e garantem um preparo r\u00e1pido e consistente. Muitas m\u00e1quinas possuem programas espec\u00edficos para receitas geladas, facilitando ainda mais a sua vida. A <a target=\"_blank\" href=\"https:\/\/essencialmaquinas.com.br\/produtos\" rel=\"noreferrer noopener\">Linha Dr. Coffee<\/a> da Essencial M\u00e1quinas oferece automa\u00e7\u00e3o e praticidade para a vaporiza\u00e7\u00e3o de leite e muitas regulagens personalizadas para a extra\u00e7\u00e3o do caf\u00e9 espresso.<\/p>\n\n\n\n<p>Confira 3 receitas simples e saborosas que v\u00e3o surpreender voc\u00ea:<\/p>\n\n\n\n<ol class=\"wp-block-list\">\n<li><strong>Caf\u00e9 Gelado Cl\u00e1ssico:<\/strong> Prepare um expresso duplo na m\u00e1quina e despeje sobre gelo. Adicione um toque de leite ou creme e ado\u00e7ante, se desejar. Simples e refrescante.<\/li>\n\n\n\n<li><strong>Frapp\u00e9 Cremoso:<\/strong> Bata um espresso com gelo, leite, a\u00e7\u00facar e, se preferir, uma colher de creme de avel\u00e3 ou chocolate. Sirva em um copo alto com chantilly por cima.<\/li>\n\n\n\n<li><strong>Cappuccino Gelado:<\/strong> Combine uma bola de sorvete de creme, com 200ml de leite e 4 colheres da mistura pronta para cappuccino com canela, tudo batido no liquidificador.<\/li>\n<\/ol>\n\n\n\n<p>N\u00e3o se esque\u00e7a: a imagina\u00e7\u00e3o n\u00e3o tem limites! Seja criativo e utilize as op\u00e7\u00f5es de bebidas ou insumos que voc\u00ea j\u00e1 tem \u00e0 disposi\u00e7\u00e3o com a sua m\u00e1quina de caf\u00e9 expresso autom\u00e1tica da Essencial M\u00e1quinas para misturar e criar \u00f3timas receitas. Neste ver\u00e3o, ter uma bebida refrescante vai melhorar ainda mais o seu dia a dia. E lembre-se:<br><strong>Um bom caf\u00e9 \u00e9 Essencial!<\/strong><\/p>\n\n\n\n<div class=\"wp-block-group is-layout-flow wp-block-group-is-layout-flow\">\n<div class=\"wp-block-cover aligncenter has-parallax is-light has-white-color has-text-color has-link-color wp-elements-7bd5d06bb064756df6c127ce23aab4b7\" style=\"min-height:20rem;aspect-ratio:unset;\"><span aria-hidden=\"true\" class=\"wp-block-cover__background has-background-dim-0 has-background-dim\"><\/span><div class=\"wp-block-cover__image-background wp-image-5948 has-parallax\" style=\"background-position:50% 50%;background-image:url(https:\/\/essencialmaquinas.com.br\/blog\/wp-content\/uploads\/2021\/12\/coffee-cup-parallax.jpg)\"><\/div><div class=\"wp-block-cover__inner-container is-layout-flow wp-block-cover-is-layout-flow\">\n<div class=\"wp-block-columns is-layout-flex wp-container-core-columns-is-layout-9d6595d7 wp-block-columns-is-layout-flex\">\n<div class=\"wp-block-column is-layout-flow wp-block-column-is-layout-flow\" style=\"flex-basis:69%\">\n<div class=\"wp-block-buttons is-layout-flex wp-block-buttons-is-layout-flex\">\n<div class=\"wp-block-button has-custom-font-size is-style-outline is-style-outline--1\" style=\"font-size:15px\"><a class=\"wp-block-button__link wp-element-button\" href=\"https:\/\/essencialmaquinas.com.br\/aluguel-de-maquina-de-cafe\" target=\"_blank\" rel=\"noreferrer noopener\"> Aluguel de M\u00e1quina de Caf\u00e9<\/a><\/div>\n\n\n\n<div class=\"wp-block-button has-custom-font-size is-style-outline is-style-outline--2\" style=\"font-size:15px\"><a class=\"wp-block-button__link wp-element-button\" href=\"https:\/\/essencialmaquinas.com.br\/maquina-de-cafe-para-venda\" target=\"_blank\" rel=\"noreferrer noopener\"> M\u00e1quina de Caf\u00e9 para Venda <\/a><\/div>\n\n\n\n<div class=\"wp-block-button has-custom-font-size is-style-outline is-style-outline--3\" style=\"font-size:15px\"><a class=\"wp-block-button__link wp-element-button\" href=\"https:\/\/essencialmaquinas.com.br\/maquina-de-cafe-comodato\" target=\"_blank\" rel=\"noreferrer noopener\">M\u00e1quina de Caf\u00e9 em Comodato<\/a><\/div>\n\n\n\n<div class=\"wp-block-button has-custom-font-size is-style-outline is-style-outline--4\" style=\"font-size:15px\"><a class=\"wp-block-button__link wp-element-button\" href=\"https:\/\/essencialmaquinas.com.br\/maquina-de-cafe-para-evento\" target=\"_blank\" rel=\"noreferrer noopener\">M\u00e1quina de Caf\u00e9 para Evento<\/a><\/div>\n<\/div>\n<\/div>\n\n\n\n<div class=\"wp-block-column is-layout-flow wp-block-column-is-layout-flow\"><\/div>\n<\/div>\n<\/div><\/div>\n\n\n\n<p>Ligue em um dos nossos telefones &#8211; <a href=\"tel:+55-51-35190772\">(51) 3519.0772<\/a> ou <a href=\"tel:+55-51-35190772\">(51) <\/a><a href=\"tel:+55-51-35190776\">3519.0776<\/a>, <a rel=\"noreferrer noopener\" href=\"https:\/\/essencialmaquinas.com.br\/\" target=\"_blank\">visite nosso site<\/a> ou nos chame no <a rel=\"noreferrer noopener\" href=\"https:\/\/api.whatsapp.com\/send?phone=5551997172863\" target=\"_blank\">WhatsApp da Essencial M\u00e1quina de Caf\u00e9<\/a> e fique por dentro de todos os produtos que oferecemos, al\u00e9m das condi\u00e7\u00f5es de contrato e op\u00e7\u00f5es para o seu escrit\u00f3rio.<\/p>\n<\/div>\n","protected":false},"excerpt":{"rendered":"<p>O ver\u00e3o chegou em Porto Alegre e com ele, o calor\u00e3o que faz com que muitos deixem de lado o tradicional chocolate quente ou o&#8230;<\/p>\n","protected":false},"author":4,"featured_media":6147,"comment_status":"closed","ping_status":"closed","sticky":false,"template":"","format":"standard","meta":{"footnotes":""},"categories":[26,23,25],"tags":[109,110,112,28],"class_list":{"0":"post-6146","1":"post","2":"type-post","3":"status-publish","4":"format-standard","5":"has-post-thumbnail","7":"category-dicas","8":"category-maquinas-de-cafe","9":"category-receitas","10":"tag-bebidas-geladas","11":"tag-cafe-gelado-classico","12":"tag-cappuccino-gelado","13":"tag-maquina-de-cafe"},"yoast_head":"<!-- This site is optimized with the Yoast SEO plugin v27.5 - https:\/\/yoast.com\/product\/yoast-seo-wordpress\/ -->\n<title>Aproveite o ver\u00e3o com as deliciosas bebidas geladas da sua m\u00e1quina de caf\u00e9 expresso<\/title>\n<meta name=\"robots\" content=\"index, follow, max-snippet:-1, max-image-preview:large, max-video-preview:-1\" \/>\n<link rel=\"canonical\" href=\"https:\/\/essencialmaquinas.com.br\/blog\/verao-com-bebidas-geladas-maquina-de-cafe\/\" \/>\n<meta property=\"og:locale\" content=\"pt_BR\" \/>\n<meta property=\"og:type\" content=\"article\" \/>\n<meta property=\"og:title\" content=\"Aproveite o ver\u00e3o com as deliciosas bebidas geladas da sua m\u00e1quina de caf\u00e9 expresso\" \/>\n<meta property=\"og:description\" content=\"O ver\u00e3o chegou em Porto Alegre e com ele, o calor\u00e3o que faz com que muitos deixem de lado o tradicional chocolate quente ou o...\" \/>\n<meta property=\"og:url\" content=\"https:\/\/essencialmaquinas.com.br\/blog\/verao-com-bebidas-geladas-maquina-de-cafe\/\" \/>\n<meta property=\"og:site_name\" content=\"Essencial M\u00e1quinas de Caf\u00e9\" \/>\n<meta property=\"article:publisher\" content=\"https:\/\/www.facebook.com\/essencialmaquinas\/\" \/>\n<meta property=\"article:published_time\" content=\"2024-12-18T13:08:34+00:00\" \/>\n<meta property=\"article:modified_time\" content=\"2024-12-18T13:32:37+00:00\" \/>\n<meta property=\"og:image\" content=\"https:\/\/essencialmaquinas.com.br\/blog\/wp-content\/uploads\/2024\/12\/cafe-gelado-bebida-verao.webp\" \/>\n\t<meta property=\"og:image:width\" content=\"1344\" \/>\n\t<meta property=\"og:image:height\" content=\"768\" \/>\n\t<meta property=\"og:image:type\" content=\"image\/webp\" \/>\n<meta name=\"author\" content=\"Diogo Negrello\" \/>\n<meta name=\"twitter:card\" content=\"summary_large_image\" \/>\n<meta name=\"twitter:label1\" content=\"Escrito por\" \/>\n\t<meta name=\"twitter:data1\" content=\"Diogo Negrello\" \/>\n\t<meta name=\"twitter:label2\" content=\"Est. tempo de leitura\" \/>\n\t<meta name=\"twitter:data2\" content=\"2 minutos\" \/>\n<script type=\"application\/ld+json\" class=\"yoast-schema-graph\">{\"@context\":\"https:\\\/\\\/schema.org\",\"@graph\":[{\"@type\":\"Article\",\"@id\":\"https:\\\/\\\/essencialmaquinas.com.br\\\/blog\\\/verao-com-bebidas-geladas-maquina-de-cafe\\\/#article\",\"isPartOf\":{\"@id\":\"https:\\\/\\\/essencialmaquinas.com.br\\\/blog\\\/verao-com-bebidas-geladas-maquina-de-cafe\\\/\"},\"author\":{\"name\":\"Diogo Negrello\",\"@id\":\"https:\\\/\\\/essencialmaquinas.com.br\\\/#\\\/schema\\\/person\\\/c321763d791f5ab47f06f495e1c03e24\"},\"headline\":\"Aproveite o ver\u00e3o com as deliciosas bebidas geladas da sua m\u00e1quina de caf\u00e9 expresso\",\"datePublished\":\"2024-12-18T13:08:34+00:00\",\"dateModified\":\"2024-12-18T13:32:37+00:00\",\"mainEntityOfPage\":{\"@id\":\"https:\\\/\\\/essencialmaquinas.com.br\\\/blog\\\/verao-com-bebidas-geladas-maquina-de-cafe\\\/\"},\"wordCount\":492,\"publisher\":{\"@id\":\"https:\\\/\\\/essencialmaquinas.com.br\\\/#organization\"},\"image\":{\"@id\":\"https:\\\/\\\/essencialmaquinas.com.br\\\/blog\\\/verao-com-bebidas-geladas-maquina-de-cafe\\\/#primaryimage\"},\"thumbnailUrl\":\"https:\\\/\\\/essencialmaquinas.com.br\\\/blog\\\/wp-content\\\/uploads\\\/2024\\\/12\\\/cafe-gelado-bebida-verao.webp\",\"keywords\":[\"bebidas geladas\",\"Caf\u00e9 Gelado Cl\u00e1ssico\",\"Cappuccino Gelado\",\"m\u00e1quina de caf\u00e9\"],\"articleSection\":[\"Dicas\",\"M\u00e1quinas de Caf\u00e9\",\"Receitas\"],\"inLanguage\":\"pt-BR\"},{\"@type\":\"WebPage\",\"@id\":\"https:\\\/\\\/essencialmaquinas.com.br\\\/blog\\\/verao-com-bebidas-geladas-maquina-de-cafe\\\/\",\"url\":\"https:\\\/\\\/essencialmaquinas.com.br\\\/blog\\\/verao-com-bebidas-geladas-maquina-de-cafe\\\/\",\"name\":\"Aproveite o ver\u00e3o com as deliciosas bebidas geladas da sua m\u00e1quina de caf\u00e9 expresso\",\"isPartOf\":{\"@id\":\"https:\\\/\\\/essencialmaquinas.com.br\\\/#website\"},\"primaryImageOfPage\":{\"@id\":\"https:\\\/\\\/essencialmaquinas.com.br\\\/blog\\\/verao-com-bebidas-geladas-maquina-de-cafe\\\/#primaryimage\"},\"image\":{\"@id\":\"https:\\\/\\\/essencialmaquinas.com.br\\\/blog\\\/verao-com-bebidas-geladas-maquina-de-cafe\\\/#primaryimage\"},\"thumbnailUrl\":\"https:\\\/\\\/essencialmaquinas.com.br\\\/blog\\\/wp-content\\\/uploads\\\/2024\\\/12\\\/cafe-gelado-bebida-verao.webp\",\"datePublished\":\"2024-12-18T13:08:34+00:00\",\"dateModified\":\"2024-12-18T13:32:37+00:00\",\"breadcrumb\":{\"@id\":\"https:\\\/\\\/essencialmaquinas.com.br\\\/blog\\\/verao-com-bebidas-geladas-maquina-de-cafe\\\/#breadcrumb\"},\"inLanguage\":\"pt-BR\",\"potentialAction\":[{\"@type\":\"ReadAction\",\"target\":[\"https:\\\/\\\/essencialmaquinas.com.br\\\/blog\\\/verao-com-bebidas-geladas-maquina-de-cafe\\\/\"]}]},{\"@type\":\"ImageObject\",\"inLanguage\":\"pt-BR\",\"@id\":\"https:\\\/\\\/essencialmaquinas.com.br\\\/blog\\\/verao-com-bebidas-geladas-maquina-de-cafe\\\/#primaryimage\",\"url\":\"https:\\\/\\\/essencialmaquinas.com.br\\\/blog\\\/wp-content\\\/uploads\\\/2024\\\/12\\\/cafe-gelado-bebida-verao.webp\",\"contentUrl\":\"https:\\\/\\\/essencialmaquinas.com.br\\\/blog\\\/wp-content\\\/uploads\\\/2024\\\/12\\\/cafe-gelado-bebida-verao.webp\",\"width\":1344,\"height\":768,\"caption\":\"caf\u00e9 gelado bebida ver\u00e3o\"},{\"@type\":\"BreadcrumbList\",\"@id\":\"https:\\\/\\\/essencialmaquinas.com.br\\\/blog\\\/verao-com-bebidas-geladas-maquina-de-cafe\\\/#breadcrumb\",\"itemListElement\":[{\"@type\":\"ListItem\",\"position\":1,\"name\":\"In\u00edcio\",\"item\":\"https:\\\/\\\/essencialmaquinas.com.br\\\/blog\\\/\"},{\"@type\":\"ListItem\",\"position\":2,\"name\":\"Dicas\",\"item\":\"https:\\\/\\\/essencialmaquinas.com.br\\\/blog\\\/category\\\/dicas\\\/\"},{\"@type\":\"ListItem\",\"position\":3,\"name\":\"Aproveite o ver\u00e3o com as deliciosas bebidas geladas da sua m\u00e1quina de caf\u00e9 expresso\"}]},{\"@type\":\"WebSite\",\"@id\":\"https:\\\/\\\/essencialmaquinas.com.br\\\/#website\",\"url\":\"https:\\\/\\\/essencialmaquinas.com.br\\\/\",\"name\":\"Essencial M\u00e1quinas de Caf\u00e9\",\"description\":\"Novidades e curiosidades sobre as m\u00e1quinas de caf\u00e9 e insumos\",\"publisher\":{\"@id\":\"https:\\\/\\\/essencialmaquinas.com.br\\\/#organization\"},\"potentialAction\":[{\"@type\":\"SearchAction\",\"target\":{\"@type\":\"EntryPoint\",\"urlTemplate\":\"https:\\\/\\\/essencialmaquinas.com.br\\\/?s={search_term_string}\"},\"query-input\":{\"@type\":\"PropertyValueSpecification\",\"valueRequired\":true,\"valueName\":\"search_term_string\"}}],\"inLanguage\":\"pt-BR\"},{\"@type\":\"Organization\",\"@id\":\"https:\\\/\\\/essencialmaquinas.com.br\\\/#organization\",\"name\":\"Essencial M\u00e1quinas de Caf\u00e9\",\"url\":\"https:\\\/\\\/essencialmaquinas.com.br\\\/\",\"logo\":{\"@type\":\"ImageObject\",\"inLanguage\":\"pt-BR\",\"@id\":\"https:\\\/\\\/essencialmaquinas.com.br\\\/#\\\/schema\\\/logo\\\/image\\\/\",\"url\":\"https:\\\/\\\/essencialmaquinas.com.br\\\/blog\\\/wp-content\\\/uploads\\\/2021\\\/12\\\/essencial-maquinas-logo.png\",\"contentUrl\":\"https:\\\/\\\/essencialmaquinas.com.br\\\/blog\\\/wp-content\\\/uploads\\\/2021\\\/12\\\/essencial-maquinas-logo.png\",\"width\":250,\"height\":67,\"caption\":\"Essencial M\u00e1quinas de Caf\u00e9\"},\"image\":{\"@id\":\"https:\\\/\\\/essencialmaquinas.com.br\\\/#\\\/schema\\\/logo\\\/image\\\/\"},\"sameAs\":[\"https:\\\/\\\/www.facebook.com\\\/essencialmaquinas\\\/\",\"https:\\\/\\\/www.instagram.com\\\/essencial_maquinas\\\/\",\"https:\\\/\\\/www.youtube.com\\\/channel\\\/UCRV9nmg2xPS4gy_Lil7BWVQ\"]},{\"@type\":\"Person\",\"@id\":\"https:\\\/\\\/essencialmaquinas.com.br\\\/#\\\/schema\\\/person\\\/c321763d791f5ab47f06f495e1c03e24\",\"name\":\"Diogo Negrello\",\"image\":{\"@type\":\"ImageObject\",\"inLanguage\":\"pt-BR\",\"@id\":\"https:\\\/\\\/essencialmaquinas.com.br\\\/blog\\\/wp-content\\\/uploads\\\/2025\\\/10\\\/cropped-diogo-negrello-96x96.webp\",\"url\":\"https:\\\/\\\/essencialmaquinas.com.br\\\/blog\\\/wp-content\\\/uploads\\\/2025\\\/10\\\/cropped-diogo-negrello-96x96.webp\",\"contentUrl\":\"https:\\\/\\\/essencialmaquinas.com.br\\\/blog\\\/wp-content\\\/uploads\\\/2025\\\/10\\\/cropped-diogo-negrello-96x96.webp\",\"caption\":\"Diogo Negrello\"},\"description\":\"Diogo Artur Negrello \u00e9 CEO da Essencial M\u00e1quinas de Caf\u00e9, sediada em Porto Alegre (RS). Formado pela PUC-RS, Diogo lidera a empresa desde sua funda\u00e7\u00e3o em 2015, atuando no mercado de loca\u00e7\u00e3o, venda e manuten\u00e7\u00e3o de m\u00e1quinas autom\u00e1ticas de caf\u00e9 para ambientes corporativos e eventos. Com foco em excel\u00eancia, inova\u00e7\u00e3o e experi\u00eancia de consumo, acredita que \u201cuma boa x\u00edcara de caf\u00e9 pode ser o come\u00e7o de grandes ideias\u201d. Fora do expediente, \u00e9 casado, torcedor do SC Internacional e est\u00e1 sempre aprendendo. Siga-o no Instagram @diogonegrello para acompanhar sua vis\u00e3o e a trajet\u00f3ria da Essencial M\u00e1quinas de Caf\u00e9.\",\"sameAs\":[\"https:\\\/\\\/essencialmaquinas.com.br\\\/\",\"https:\\\/\\\/www.instagram.com\\\/diogonegrello\\\/\"],\"url\":\"https:\\\/\\\/essencialmaquinas.com.br\\\/blog\\\/author\\\/negrello_diogo_redator\\\/\"}]}<\/script>\n<!-- \/ Yoast SEO plugin. -->","yoast_head_json":{"title":"Aproveite o ver\u00e3o com as deliciosas bebidas geladas da sua m\u00e1quina de caf\u00e9 expresso","robots":{"index":"index","follow":"follow","max-snippet":"max-snippet:-1","max-image-preview":"max-image-preview:large","max-video-preview":"max-video-preview:-1"},"canonical":"https:\/\/essencialmaquinas.com.br\/blog\/verao-com-bebidas-geladas-maquina-de-cafe\/","og_locale":"pt_BR","og_type":"article","og_title":"Aproveite o ver\u00e3o com as deliciosas bebidas geladas da sua m\u00e1quina de caf\u00e9 expresso","og_description":"O ver\u00e3o chegou em Porto Alegre e com ele, o calor\u00e3o que faz com que muitos deixem de lado o tradicional chocolate quente ou o...","og_url":"https:\/\/essencialmaquinas.com.br\/blog\/verao-com-bebidas-geladas-maquina-de-cafe\/","og_site_name":"Essencial M\u00e1quinas de Caf\u00e9","article_publisher":"https:\/\/www.facebook.com\/essencialmaquinas\/","article_published_time":"2024-12-18T13:08:34+00:00","article_modified_time":"2024-12-18T13:32:37+00:00","og_image":[{"width":1344,"height":768,"url":"https:\/\/essencialmaquinas.com.br\/blog\/wp-content\/uploads\/2024\/12\/cafe-gelado-bebida-verao.webp","type":"image\/webp"}],"author":"Diogo Negrello","twitter_card":"summary_large_image","twitter_misc":{"Escrito por":"Diogo Negrello","Est. tempo de leitura":"2 minutos"},"schema":{"@context":"https:\/\/schema.org","@graph":[{"@type":"Article","@id":"https:\/\/essencialmaquinas.com.br\/blog\/verao-com-bebidas-geladas-maquina-de-cafe\/#article","isPartOf":{"@id":"https:\/\/essencialmaquinas.com.br\/blog\/verao-com-bebidas-geladas-maquina-de-cafe\/"},"author":{"name":"Diogo Negrello","@id":"https:\/\/essencialmaquinas.com.br\/#\/schema\/person\/c321763d791f5ab47f06f495e1c03e24"},"headline":"Aproveite o ver\u00e3o com as deliciosas bebidas geladas da sua m\u00e1quina de caf\u00e9 expresso","datePublished":"2024-12-18T13:08:34+00:00","dateModified":"2024-12-18T13:32:37+00:00","mainEntityOfPage":{"@id":"https:\/\/essencialmaquinas.com.br\/blog\/verao-com-bebidas-geladas-maquina-de-cafe\/"},"wordCount":492,"publisher":{"@id":"https:\/\/essencialmaquinas.com.br\/#organization"},"image":{"@id":"https:\/\/essencialmaquinas.com.br\/blog\/verao-com-bebidas-geladas-maquina-de-cafe\/#primaryimage"},"thumbnailUrl":"https:\/\/essencialmaquinas.com.br\/blog\/wp-content\/uploads\/2024\/12\/cafe-gelado-bebida-verao.webp","keywords":["bebidas geladas","Caf\u00e9 Gelado Cl\u00e1ssico","Cappuccino Gelado","m\u00e1quina de caf\u00e9"],"articleSection":["Dicas","M\u00e1quinas de Caf\u00e9","Receitas"],"inLanguage":"pt-BR"},{"@type":"WebPage","@id":"https:\/\/essencialmaquinas.com.br\/blog\/verao-com-bebidas-geladas-maquina-de-cafe\/","url":"https:\/\/essencialmaquinas.com.br\/blog\/verao-com-bebidas-geladas-maquina-de-cafe\/","name":"Aproveite o ver\u00e3o com as deliciosas bebidas geladas da sua m\u00e1quina de caf\u00e9 expresso","isPartOf":{"@id":"https:\/\/essencialmaquinas.com.br\/#website"},"primaryImageOfPage":{"@id":"https:\/\/essencialmaquinas.com.br\/blog\/verao-com-bebidas-geladas-maquina-de-cafe\/#primaryimage"},"image":{"@id":"https:\/\/essencialmaquinas.com.br\/blog\/verao-com-bebidas-geladas-maquina-de-cafe\/#primaryimage"},"thumbnailUrl":"https:\/\/essencialmaquinas.com.br\/blog\/wp-content\/uploads\/2024\/12\/cafe-gelado-bebida-verao.webp","datePublished":"2024-12-18T13:08:34+00:00","dateModified":"2024-12-18T13:32:37+00:00","breadcrumb":{"@id":"https:\/\/essencialmaquinas.com.br\/blog\/verao-com-bebidas-geladas-maquina-de-cafe\/#breadcrumb"},"inLanguage":"pt-BR","potentialAction":[{"@type":"ReadAction","target":["https:\/\/essencialmaquinas.com.br\/blog\/verao-com-bebidas-geladas-maquina-de-cafe\/"]}]},{"@type":"ImageObject","inLanguage":"pt-BR","@id":"https:\/\/essencialmaquinas.com.br\/blog\/verao-com-bebidas-geladas-maquina-de-cafe\/#primaryimage","url":"https:\/\/essencialmaquinas.com.br\/blog\/wp-content\/uploads\/2024\/12\/cafe-gelado-bebida-verao.webp","contentUrl":"https:\/\/essencialmaquinas.com.br\/blog\/wp-content\/uploads\/2024\/12\/cafe-gelado-bebida-verao.webp","width":1344,"height":768,"caption":"caf\u00e9 gelado bebida ver\u00e3o"},{"@type":"BreadcrumbList","@id":"https:\/\/essencialmaquinas.com.br\/blog\/verao-com-bebidas-geladas-maquina-de-cafe\/#breadcrumb","itemListElement":[{"@type":"ListItem","position":1,"name":"In\u00edcio","item":"https:\/\/essencialmaquinas.com.br\/blog\/"},{"@type":"ListItem","position":2,"name":"Dicas","item":"https:\/\/essencialmaquinas.com.br\/blog\/category\/dicas\/"},{"@type":"ListItem","position":3,"name":"Aproveite o ver\u00e3o com as deliciosas bebidas geladas da sua m\u00e1quina de caf\u00e9 expresso"}]},{"@type":"WebSite","@id":"https:\/\/essencialmaquinas.com.br\/#website","url":"https:\/\/essencialmaquinas.com.br\/","name":"Essencial M\u00e1quinas de Caf\u00e9","description":"Novidades e curiosidades sobre as m\u00e1quinas de caf\u00e9 e insumos","publisher":{"@id":"https:\/\/essencialmaquinas.com.br\/#organization"},"potentialAction":[{"@type":"SearchAction","target":{"@type":"EntryPoint","urlTemplate":"https:\/\/essencialmaquinas.com.br\/?s={search_term_string}"},"query-input":{"@type":"PropertyValueSpecification","valueRequired":true,"valueName":"search_term_string"}}],"inLanguage":"pt-BR"},{"@type":"Organization","@id":"https:\/\/essencialmaquinas.com.br\/#organization","name":"Essencial M\u00e1quinas de Caf\u00e9","url":"https:\/\/essencialmaquinas.com.br\/","logo":{"@type":"ImageObject","inLanguage":"pt-BR","@id":"https:\/\/essencialmaquinas.com.br\/#\/schema\/logo\/image\/","url":"https:\/\/essencialmaquinas.com.br\/blog\/wp-content\/uploads\/2021\/12\/essencial-maquinas-logo.png","contentUrl":"https:\/\/essencialmaquinas.com.br\/blog\/wp-content\/uploads\/2021\/12\/essencial-maquinas-logo.png","width":250,"height":67,"caption":"Essencial M\u00e1quinas de Caf\u00e9"},"image":{"@id":"https:\/\/essencialmaquinas.com.br\/#\/schema\/logo\/image\/"},"sameAs":["https:\/\/www.facebook.com\/essencialmaquinas\/","https:\/\/www.instagram.com\/essencial_maquinas\/","https:\/\/www.youtube.com\/channel\/UCRV9nmg2xPS4gy_Lil7BWVQ"]},{"@type":"Person","@id":"https:\/\/essencialmaquinas.com.br\/#\/schema\/person\/c321763d791f5ab47f06f495e1c03e24","name":"Diogo Negrello","image":{"@type":"ImageObject","inLanguage":"pt-BR","@id":"https:\/\/essencialmaquinas.com.br\/blog\/wp-content\/uploads\/2025\/10\/cropped-diogo-negrello-96x96.webp","url":"https:\/\/essencialmaquinas.com.br\/blog\/wp-content\/uploads\/2025\/10\/cropped-diogo-negrello-96x96.webp","contentUrl":"https:\/\/essencialmaquinas.com.br\/blog\/wp-content\/uploads\/2025\/10\/cropped-diogo-negrello-96x96.webp","caption":"Diogo Negrello"},"description":"Diogo Artur Negrello \u00e9 CEO da Essencial M\u00e1quinas de Caf\u00e9, sediada em Porto Alegre (RS). Formado pela PUC-RS, Diogo lidera a empresa desde sua funda\u00e7\u00e3o em 2015, atuando no mercado de loca\u00e7\u00e3o, venda e manuten\u00e7\u00e3o de m\u00e1quinas autom\u00e1ticas de caf\u00e9 para ambientes corporativos e eventos. Com foco em excel\u00eancia, inova\u00e7\u00e3o e experi\u00eancia de consumo, acredita que \u201cuma boa x\u00edcara de caf\u00e9 pode ser o come\u00e7o de grandes ideias\u201d. Fora do expediente, \u00e9 casado, torcedor do SC Internacional e est\u00e1 sempre aprendendo. Siga-o no Instagram @diogonegrello para acompanhar sua vis\u00e3o e a trajet\u00f3ria da Essencial M\u00e1quinas de Caf\u00e9.","sameAs":["https:\/\/essencialmaquinas.com.br\/","https:\/\/www.instagram.com\/diogonegrello\/"],"url":"https:\/\/essencialmaquinas.com.br\/blog\/author\/negrello_diogo_redator\/"}]}},"_links":{"self":[{"href":"https:\/\/essencialmaquinas.com.br\/blog\/wp-json\/wp\/v2\/posts\/6146","targetHints":{"allow":["GET"]}}],"collection":[{"href":"https:\/\/essencialmaquinas.com.br\/blog\/wp-json\/wp\/v2\/posts"}],"about":[{"href":"https:\/\/essencialmaquinas.com.br\/blog\/wp-json\/wp\/v2\/types\/post"}],"author":[{"embeddable":true,"href":"https:\/\/essencialmaquinas.com.br\/blog\/wp-json\/wp\/v2\/users\/4"}],"replies":[{"embeddable":true,"href":"https:\/\/essencialmaquinas.com.br\/blog\/wp-json\/wp\/v2\/comments?post=6146"}],"version-history":[{"count":2,"href":"https:\/\/essencialmaquinas.com.br\/blog\/wp-json\/wp\/v2\/posts\/6146\/revisions"}],"predecessor-version":[{"id":6150,"href":"https:\/\/essencialmaquinas.com.br\/blog\/wp-json\/wp\/v2\/posts\/6146\/revisions\/6150"}],"wp:featuredmedia":[{"embeddable":true,"href":"https:\/\/essencialmaquinas.com.br\/blog\/wp-json\/wp\/v2\/media\/6147"}],"wp:attachment":[{"href":"https:\/\/essencialmaquinas.com.br\/blog\/wp-json\/wp\/v2\/media?parent=6146"}],"wp:term":[{"taxonomy":"category","embeddable":true,"href":"https:\/\/essencialmaquinas.com.br\/blog\/wp-json\/wp\/v2\/categories?post=6146"},{"taxonomy":"post_tag","embeddable":true,"href":"https:\/\/essencialmaquinas.com.br\/blog\/wp-json\/wp\/v2\/tags?post=6146"}],"curies":[{"name":"wp","href":"https:\/\/api.w.org\/{rel}","templated":true}]}}