{"id":6158,"date":"2025-07-23T10:43:13","date_gmt":"2025-07-23T13:43:13","guid":{"rendered":"https:\/\/blog.essencialmaquinas.com.br\/?p=6158"},"modified":"2025-07-23T10:43:16","modified_gmt":"2025-07-23T13:43:16","slug":"cafe-para-eventos-expointer-2025-essencial-maquinas","status":"publish","type":"post","link":"https:\/\/essencialmaquinas.com.br\/blog\/cafe-para-eventos-expointer-2025-essencial-maquinas\/","title":{"rendered":"Evento de porte merece caf\u00e9 \u00e0 altura: como a Essencial pode potencializar sua presen\u00e7a na Expointer 2025"},"content":{"rendered":"\n<p>A Expointer 2025 acontece de 30 de agosto a 07 de setembro, no Parque Assis Brasil, em Esteio (RS), e j\u00e1 \u00e9 reconhecida como o maior evento agropecu\u00e1rio da Am\u00e9rica Latina. Para expositores e organizadores, esse \u00e9 o momento ideal para engajar potenciais clientes. E uma solu\u00e7\u00e3o pr\u00e1tica, eficaz e acolhedora \u2014 <a href=\"https:\/\/essencialmaquinas.com.br\/\">a m\u00e1quina de caf\u00e9<\/a> \u2014 pode fazer toda a diferen\u00e7a no estande.<\/p>\n\n\n\n<h3 class=\"wp-block-heading\"><strong>Atra\u00e7\u00e3o imediata e acolhimento<\/strong><\/h3>\n\n\n\n<ul class=\"wp-block-list\">\n<li>O caf\u00e9 \u00e9 uma das bebidas mais consumidas pelo p\u00fablico brasileiro, frequentemente \u00e0 frente at\u00e9 mesmo da \u00e1gua<\/li>\n\n\n\n<li><a href=\"https:\/\/essencialmaquinas.com.br\/blog\/por-que-alugar-maquina-de-cafe-para-eventos-como-expointer\/\">Uma m\u00e1quina autom\u00e1tica no estande cria um ambiente convidativo, encorajando visitantes a permanecerem mais tempo, conversa fluida e troca de contatos \u2014 fundamentais em feiras.<\/a><\/li>\n<\/ul>\n\n\n\n<h3 class=\"wp-block-heading\"><strong>Custo-benef\u00edcio e praticidade<\/strong><\/h3>\n\n\n\n<ul class=\"wp-block-list\">\n<li>Comparada a outras a\u00e7\u00f5es de impacto (brindes, decora\u00e7\u00e3o, ativa\u00e7\u00f5es premiadas), a loca\u00e7\u00e3o de caf\u00e9 oferece excelente retorno pelo investimento\u00a0\u00a0<\/li>\n\n\n\n<li>O processo de entrega, instala\u00e7\u00e3o, reposi\u00e7\u00e3o de insumos e manuten\u00e7\u00e3o \u00e9 simples para a Essencial, que oferece suporte com \u201cpasse livre\u201d e tempo de resposta r\u00e1pido dentro do parque.<\/li>\n<\/ul>\n\n\n\n<h3 class=\"wp-block-heading\"><strong>Variedade e personaliza\u00e7\u00e3o<\/strong><\/h3>\n\n\n\n<ul class=\"wp-block-list\">\n<li>As m\u00e1quinas da Essencial n\u00e3o servem apenas caf\u00e9: oferecem cappuccino, chocolate quente, ch\u00e1s e vers\u00f5es geladas \u2014 essencial para agradar todos os perfis de p\u00fablico.<br><\/li>\n\n\n\n<li>Pode-se ainda personalizar bebidas com insumos de qualidade ou branding no copo, evidenciando a marca do expositor.<br><\/li>\n<\/ul>\n\n\n\n<h3 class=\"wp-block-heading\"><strong>Casos reais e estat\u00edsticas<\/strong><\/h3>\n\n\n\n<ul class=\"wp-block-list\">\n<li><a href=\"https:\/\/essencialmaquinas.com.br\/blog\/locacao-maquina-cafe-expointer-2024\/\">Na Expointer 2024, mais de 50% das m\u00e1quinas locadas no parque foram da Essencial M\u00e1quinas.<\/a><\/li>\n\n\n\n<li>Clientes relataram aumento m\u00e9dio de 20% no tempo de perman\u00eancia dos visitantes nos estandes, refor\u00e7ando o ROI atrav\u00e9s do caf\u00e9.<\/li>\n<\/ul>\n\n\n\n<h3 class=\"wp-block-heading\"><strong>Checklist para contratar sua m\u00e1quina em evento<\/strong><\/h3>\n\n\n\n<ol class=\"wp-block-list\">\n<li>Defina o perfil do p\u00fablico e o fluxo esperado.<br><\/li>\n\n\n\n<li>Escolha o modelo ideal (capuccino, gr\u00e3os, compacto).<br><\/li>\n\n\n\n<li>Calcule quantidade de bebidas por dia.<br><\/li>\n\n\n\n<li>Planeje localiza\u00e7\u00e3o estrat\u00e9gica do equipamento dentro do estande.<br><\/li>\n\n\n\n<li>Agende entrega e treinamento da equipe.<br><\/li>\n\n\n\n<li>Garanta suporte t\u00e9cnico e log\u00edstica de insumos.<br><\/li>\n<\/ol>\n\n\n\n<h3 class=\"wp-block-heading\"><strong>Por que escolher a Essencial M\u00e1quinas de Caf\u00e9?<\/strong><\/h3>\n\n\n\n<ul class=\"wp-block-list\">\n<li>Especializada em grandes eventos como a Expointer\u00a0 .<br><\/li>\n\n\n\n<li>Opera\u00e7\u00e3o eficaz no parque com \u201cpasse livre\u201d e equipe local.<br><\/li>\n\n\n\n<li>Diversidade de modelos (Rheavendors, Bianchi, compactas) e insumos premium.<br><\/li>\n\n\n\n<li>Suporte completo: log\u00edstica, manuten\u00e7\u00e3o, reposi\u00e7\u00e3o e qualidade garantida.<br><\/li>\n<\/ul>\n\n\n\n<p>Ter uma m\u00e1quina de caf\u00e9 Essencial no seu estande n\u00e3o \u00e9 apenas oferecer bebida: \u00e9 construir experi\u00eancias positivas, prolongar o tempo de visita\u00e7\u00f5es e fazer sua marca se destacar no maior evento agropecu\u00e1rio da Am\u00e9rica Latina.<\/p>\n\n\n\n<p>\u27a1\ufe0f Pe\u00e7a j\u00e1 seu or\u00e7amento e garanta suporte especializado da 30 de agosto a 07 de setembro de 2025.<\/p>\n\n\n\n<div class=\"wp-block-group is-layout-flow wp-block-group-is-layout-flow\">\n<div class=\"wp-block-cover aligncenter has-parallax is-light has-white-color has-text-color has-link-color wp-elements-7bd5d06bb064756df6c127ce23aab4b7\" style=\"min-height:20rem;aspect-ratio:unset;\"><span aria-hidden=\"true\" class=\"wp-block-cover__background has-background-dim-0 has-background-dim\"><\/span><div class=\"wp-block-cover__image-background wp-image-5948 has-parallax\" style=\"background-position:50% 50%;background-image:url(https:\/\/essencialmaquinas.com.br\/blog\/wp-content\/uploads\/2021\/12\/coffee-cup-parallax.jpg)\"><\/div><div class=\"wp-block-cover__inner-container is-layout-flow wp-block-cover-is-layout-flow\">\n<div class=\"wp-block-columns is-layout-flex wp-container-core-columns-is-layout-9d6595d7 wp-block-columns-is-layout-flex\">\n<div class=\"wp-block-column is-layout-flow wp-block-column-is-layout-flow\" style=\"flex-basis:69%\">\n<div class=\"wp-block-buttons is-layout-flex wp-block-buttons-is-layout-flex\">\n<div class=\"wp-block-button has-custom-font-size is-style-outline is-style-outline--1\" style=\"font-size:15px\"><a class=\"wp-block-button__link wp-element-button\" href=\"https:\/\/essencialmaquinas.com.br\/aluguel-de-maquina-de-cafe\" target=\"_blank\" rel=\"noreferrer noopener\"> Aluguel de M\u00e1quina de Caf\u00e9<\/a><\/div>\n\n\n\n<div class=\"wp-block-button has-custom-font-size is-style-outline is-style-outline--2\" style=\"font-size:15px\"><a class=\"wp-block-button__link wp-element-button\" href=\"https:\/\/essencialmaquinas.com.br\/maquina-de-cafe-para-venda\" target=\"_blank\" rel=\"noreferrer noopener\"> M\u00e1quina de Caf\u00e9 para Venda <\/a><\/div>\n\n\n\n<div class=\"wp-block-button has-custom-font-size is-style-outline is-style-outline--3\" style=\"font-size:15px\"><a class=\"wp-block-button__link wp-element-button\" href=\"https:\/\/essencialmaquinas.com.br\/maquina-de-cafe-comodato\" target=\"_blank\" rel=\"noreferrer noopener\">M\u00e1quina de Caf\u00e9 em Comodato<\/a><\/div>\n\n\n\n<div class=\"wp-block-button has-custom-font-size is-style-outline is-style-outline--4\" style=\"font-size:15px\"><a class=\"wp-block-button__link wp-element-button\" href=\"https:\/\/essencialmaquinas.com.br\/maquina-de-cafe-para-evento\" target=\"_blank\" rel=\"noreferrer noopener\">M\u00e1quina de Caf\u00e9 para Evento<\/a><\/div>\n<\/div>\n<\/div>\n\n\n\n<div class=\"wp-block-column is-layout-flow wp-block-column-is-layout-flow\"><\/div>\n<\/div>\n<\/div><\/div>\n\n\n\n<p>Ligue em um dos nossos telefones &#8211; <a href=\"tel:+55-51-35190772\">(51) 3519.0772<\/a> ou <a href=\"tel:+55-51-35190772\">(51) <\/a><a href=\"tel:+55-51-35190776\">3519.0776<\/a>, <a rel=\"noreferrer noopener\" href=\"https:\/\/essencialmaquinas.com.br\/\" target=\"_blank\">visite nosso site<\/a> ou nos chame no <a rel=\"noreferrer noopener\" href=\"https:\/\/api.whatsapp.com\/send?phone=5551997172863\" target=\"_blank\">WhatsApp da Essencial M\u00e1quina de Caf\u00e9<\/a> e fique por dentro de todos os produtos que oferecemos, al\u00e9m das condi\u00e7\u00f5es de contrato e op\u00e7\u00f5es para o seu escrit\u00f3rio.<\/p>\n<\/div>\n","protected":false},"excerpt":{"rendered":"<p>A Expointer 2025 acontece de 30 de agosto a 07 de setembro, no Parque Assis Brasil, em Esteio (RS), e j\u00e1 \u00e9 reconhecida como o&#8230;<\/p>\n","protected":false},"author":4,"featured_media":6162,"comment_status":"closed","ping_status":"closed","sticky":false,"template":"","format":"standard","meta":{"footnotes":""},"categories":[108],"tags":[50,87,28],"class_list":{"0":"post-6158","1":"post","2":"type-post","3":"status-publish","4":"format-standard","5":"has-post-thumbnail","7":"category-eventos","8":"tag-evento","9":"tag-expointer","10":"tag-maquina-de-cafe"},"yoast_head":"<!-- This site is optimized with the Yoast SEO plugin v27.5 - https:\/\/yoast.com\/product\/yoast-seo-wordpress\/ -->\n<title>Evento + caf\u00e9: por que alugar m\u00e1quina na Expointer 2025<\/title>\n<meta name=\"description\" content=\"Descubra como a loca\u00e7\u00e3o de m\u00e1quina de caf\u00e9 pela Essencial maximiza o impacto do seu estande na Expointer 2025, atraindo visitantes e fortalecendo sua marca.\" \/>\n<meta name=\"robots\" content=\"index, follow, max-snippet:-1, max-image-preview:large, max-video-preview:-1\" \/>\n<link rel=\"canonical\" href=\"https:\/\/essencialmaquinas.com.br\/blog\/cafe-para-eventos-expointer-2025-essencial-maquinas\/\" \/>\n<meta property=\"og:locale\" content=\"pt_BR\" \/>\n<meta property=\"og:type\" content=\"article\" \/>\n<meta property=\"og:title\" content=\"Evento + caf\u00e9: por que alugar m\u00e1quina na Expointer 2025\" \/>\n<meta property=\"og:description\" content=\"Descubra como a loca\u00e7\u00e3o de m\u00e1quina de caf\u00e9 pela Essencial maximiza o impacto do seu estande na Expointer 2025, atraindo visitantes e fortalecendo sua marca.\" \/>\n<meta property=\"og:url\" content=\"https:\/\/essencialmaquinas.com.br\/blog\/cafe-para-eventos-expointer-2025-essencial-maquinas\/\" \/>\n<meta property=\"og:site_name\" content=\"Essencial M\u00e1quinas de Caf\u00e9\" \/>\n<meta property=\"article:publisher\" content=\"https:\/\/www.facebook.com\/essencialmaquinas\/\" \/>\n<meta property=\"article:published_time\" content=\"2025-07-23T13:43:13+00:00\" \/>\n<meta property=\"article:modified_time\" content=\"2025-07-23T13:43:16+00:00\" \/>\n<meta property=\"og:image\" content=\"https:\/\/essencialmaquinas.com.br\/blog\/wp-content\/uploads\/2025\/07\/maquinas-de-cafe-evento-expointer-2025.webp\" \/>\n\t<meta property=\"og:image:width\" content=\"1536\" \/>\n\t<meta property=\"og:image:height\" content=\"1024\" \/>\n\t<meta property=\"og:image:type\" content=\"image\/webp\" \/>\n<meta name=\"author\" content=\"Diogo Negrello\" \/>\n<meta name=\"twitter:card\" content=\"summary_large_image\" \/>\n<meta name=\"twitter:label1\" content=\"Escrito por\" \/>\n\t<meta name=\"twitter:data1\" content=\"Diogo Negrello\" \/>\n\t<meta name=\"twitter:label2\" content=\"Est. tempo de leitura\" \/>\n\t<meta name=\"twitter:data2\" content=\"2 minutos\" \/>\n<script type=\"application\/ld+json\" class=\"yoast-schema-graph\">{\"@context\":\"https:\\\/\\\/schema.org\",\"@graph\":[{\"@type\":\"Article\",\"@id\":\"https:\\\/\\\/essencialmaquinas.com.br\\\/blog\\\/cafe-para-eventos-expointer-2025-essencial-maquinas\\\/#article\",\"isPartOf\":{\"@id\":\"https:\\\/\\\/essencialmaquinas.com.br\\\/blog\\\/cafe-para-eventos-expointer-2025-essencial-maquinas\\\/\"},\"author\":{\"name\":\"Diogo Negrello\",\"@id\":\"https:\\\/\\\/essencialmaquinas.com.br\\\/#\\\/schema\\\/person\\\/c321763d791f5ab47f06f495e1c03e24\"},\"headline\":\"Evento de porte merece caf\u00e9 \u00e0 altura: como a Essencial pode potencializar sua presen\u00e7a na Expointer 2025\",\"datePublished\":\"2025-07-23T13:43:13+00:00\",\"dateModified\":\"2025-07-23T13:43:16+00:00\",\"mainEntityOfPage\":{\"@id\":\"https:\\\/\\\/essencialmaquinas.com.br\\\/blog\\\/cafe-para-eventos-expointer-2025-essencial-maquinas\\\/\"},\"wordCount\":440,\"publisher\":{\"@id\":\"https:\\\/\\\/essencialmaquinas.com.br\\\/#organization\"},\"image\":{\"@id\":\"https:\\\/\\\/essencialmaquinas.com.br\\\/blog\\\/cafe-para-eventos-expointer-2025-essencial-maquinas\\\/#primaryimage\"},\"thumbnailUrl\":\"https:\\\/\\\/essencialmaquinas.com.br\\\/blog\\\/wp-content\\\/uploads\\\/2025\\\/07\\\/maquinas-de-cafe-evento-expointer-2025.webp\",\"keywords\":[\"evento\",\"expointer\",\"m\u00e1quina de caf\u00e9\"],\"articleSection\":[\"Eventos\"],\"inLanguage\":\"pt-BR\"},{\"@type\":\"WebPage\",\"@id\":\"https:\\\/\\\/essencialmaquinas.com.br\\\/blog\\\/cafe-para-eventos-expointer-2025-essencial-maquinas\\\/\",\"url\":\"https:\\\/\\\/essencialmaquinas.com.br\\\/blog\\\/cafe-para-eventos-expointer-2025-essencial-maquinas\\\/\",\"name\":\"Evento + caf\u00e9: por que alugar m\u00e1quina na Expointer 2025\",\"isPartOf\":{\"@id\":\"https:\\\/\\\/essencialmaquinas.com.br\\\/#website\"},\"primaryImageOfPage\":{\"@id\":\"https:\\\/\\\/essencialmaquinas.com.br\\\/blog\\\/cafe-para-eventos-expointer-2025-essencial-maquinas\\\/#primaryimage\"},\"image\":{\"@id\":\"https:\\\/\\\/essencialmaquinas.com.br\\\/blog\\\/cafe-para-eventos-expointer-2025-essencial-maquinas\\\/#primaryimage\"},\"thumbnailUrl\":\"https:\\\/\\\/essencialmaquinas.com.br\\\/blog\\\/wp-content\\\/uploads\\\/2025\\\/07\\\/maquinas-de-cafe-evento-expointer-2025.webp\",\"datePublished\":\"2025-07-23T13:43:13+00:00\",\"dateModified\":\"2025-07-23T13:43:16+00:00\",\"description\":\"Descubra como a loca\u00e7\u00e3o de m\u00e1quina de caf\u00e9 pela Essencial maximiza o impacto do seu estande na Expointer 2025, atraindo visitantes e fortalecendo sua marca.\",\"breadcrumb\":{\"@id\":\"https:\\\/\\\/essencialmaquinas.com.br\\\/blog\\\/cafe-para-eventos-expointer-2025-essencial-maquinas\\\/#breadcrumb\"},\"inLanguage\":\"pt-BR\",\"potentialAction\":[{\"@type\":\"ReadAction\",\"target\":[\"https:\\\/\\\/essencialmaquinas.com.br\\\/blog\\\/cafe-para-eventos-expointer-2025-essencial-maquinas\\\/\"]}]},{\"@type\":\"ImageObject\",\"inLanguage\":\"pt-BR\",\"@id\":\"https:\\\/\\\/essencialmaquinas.com.br\\\/blog\\\/cafe-para-eventos-expointer-2025-essencial-maquinas\\\/#primaryimage\",\"url\":\"https:\\\/\\\/essencialmaquinas.com.br\\\/blog\\\/wp-content\\\/uploads\\\/2025\\\/07\\\/maquinas-de-cafe-evento-expointer-2025.webp\",\"contentUrl\":\"https:\\\/\\\/essencialmaquinas.com.br\\\/blog\\\/wp-content\\\/uploads\\\/2025\\\/07\\\/maquinas-de-cafe-evento-expointer-2025.webp\",\"width\":1536,\"height\":1024,\"caption\":\"Pessoas tomando caf\u00e9 servido por uma m\u00e1quina de caf\u00e9 em um evento.\"},{\"@type\":\"BreadcrumbList\",\"@id\":\"https:\\\/\\\/essencialmaquinas.com.br\\\/blog\\\/cafe-para-eventos-expointer-2025-essencial-maquinas\\\/#breadcrumb\",\"itemListElement\":[{\"@type\":\"ListItem\",\"position\":1,\"name\":\"In\u00edcio\",\"item\":\"https:\\\/\\\/essencialmaquinas.com.br\\\/blog\\\/\"},{\"@type\":\"ListItem\",\"position\":2,\"name\":\"Eventos\",\"item\":\"https:\\\/\\\/essencialmaquinas.com.br\\\/blog\\\/category\\\/eventos\\\/\"},{\"@type\":\"ListItem\",\"position\":3,\"name\":\"Evento de porte merece caf\u00e9 \u00e0 altura: como a Essencial pode potencializar sua presen\u00e7a na Expointer 2025\"}]},{\"@type\":\"WebSite\",\"@id\":\"https:\\\/\\\/essencialmaquinas.com.br\\\/#website\",\"url\":\"https:\\\/\\\/essencialmaquinas.com.br\\\/\",\"name\":\"Essencial M\u00e1quinas de Caf\u00e9\",\"description\":\"Novidades e curiosidades sobre as m\u00e1quinas de caf\u00e9 e insumos\",\"publisher\":{\"@id\":\"https:\\\/\\\/essencialmaquinas.com.br\\\/#organization\"},\"potentialAction\":[{\"@type\":\"SearchAction\",\"target\":{\"@type\":\"EntryPoint\",\"urlTemplate\":\"https:\\\/\\\/essencialmaquinas.com.br\\\/?s={search_term_string}\"},\"query-input\":{\"@type\":\"PropertyValueSpecification\",\"valueRequired\":true,\"valueName\":\"search_term_string\"}}],\"inLanguage\":\"pt-BR\"},{\"@type\":\"Organization\",\"@id\":\"https:\\\/\\\/essencialmaquinas.com.br\\\/#organization\",\"name\":\"Essencial M\u00e1quinas de Caf\u00e9\",\"url\":\"https:\\\/\\\/essencialmaquinas.com.br\\\/\",\"logo\":{\"@type\":\"ImageObject\",\"inLanguage\":\"pt-BR\",\"@id\":\"https:\\\/\\\/essencialmaquinas.com.br\\\/#\\\/schema\\\/logo\\\/image\\\/\",\"url\":\"https:\\\/\\\/essencialmaquinas.com.br\\\/blog\\\/wp-content\\\/uploads\\\/2021\\\/12\\\/essencial-maquinas-logo.png\",\"contentUrl\":\"https:\\\/\\\/essencialmaquinas.com.br\\\/blog\\\/wp-content\\\/uploads\\\/2021\\\/12\\\/essencial-maquinas-logo.png\",\"width\":250,\"height\":67,\"caption\":\"Essencial M\u00e1quinas de Caf\u00e9\"},\"image\":{\"@id\":\"https:\\\/\\\/essencialmaquinas.com.br\\\/#\\\/schema\\\/logo\\\/image\\\/\"},\"sameAs\":[\"https:\\\/\\\/www.facebook.com\\\/essencialmaquinas\\\/\",\"https:\\\/\\\/www.instagram.com\\\/essencial_maquinas\\\/\",\"https:\\\/\\\/www.youtube.com\\\/channel\\\/UCRV9nmg2xPS4gy_Lil7BWVQ\"]},{\"@type\":\"Person\",\"@id\":\"https:\\\/\\\/essencialmaquinas.com.br\\\/#\\\/schema\\\/person\\\/c321763d791f5ab47f06f495e1c03e24\",\"name\":\"Diogo Negrello\",\"image\":{\"@type\":\"ImageObject\",\"inLanguage\":\"pt-BR\",\"@id\":\"https:\\\/\\\/essencialmaquinas.com.br\\\/blog\\\/wp-content\\\/uploads\\\/2025\\\/10\\\/cropped-diogo-negrello-96x96.webp\",\"url\":\"https:\\\/\\\/essencialmaquinas.com.br\\\/blog\\\/wp-content\\\/uploads\\\/2025\\\/10\\\/cropped-diogo-negrello-96x96.webp\",\"contentUrl\":\"https:\\\/\\\/essencialmaquinas.com.br\\\/blog\\\/wp-content\\\/uploads\\\/2025\\\/10\\\/cropped-diogo-negrello-96x96.webp\",\"caption\":\"Diogo Negrello\"},\"description\":\"Diogo Artur Negrello \u00e9 CEO da Essencial M\u00e1quinas de Caf\u00e9, sediada em Porto Alegre (RS). Formado pela PUC-RS, Diogo lidera a empresa desde sua funda\u00e7\u00e3o em 2015, atuando no mercado de loca\u00e7\u00e3o, venda e manuten\u00e7\u00e3o de m\u00e1quinas autom\u00e1ticas de caf\u00e9 para ambientes corporativos e eventos. Com foco em excel\u00eancia, inova\u00e7\u00e3o e experi\u00eancia de consumo, acredita que \u201cuma boa x\u00edcara de caf\u00e9 pode ser o come\u00e7o de grandes ideias\u201d. Fora do expediente, \u00e9 casado, torcedor do SC Internacional e est\u00e1 sempre aprendendo. Siga-o no Instagram @diogonegrello para acompanhar sua vis\u00e3o e a trajet\u00f3ria da Essencial M\u00e1quinas de Caf\u00e9.\",\"sameAs\":[\"https:\\\/\\\/essencialmaquinas.com.br\\\/\",\"https:\\\/\\\/www.instagram.com\\\/diogonegrello\\\/\"],\"url\":\"https:\\\/\\\/essencialmaquinas.com.br\\\/blog\\\/author\\\/negrello_diogo_redator\\\/\"}]}<\/script>\n<!-- \/ Yoast SEO plugin. -->","yoast_head_json":{"title":"Evento + caf\u00e9: por que alugar m\u00e1quina na Expointer 2025","description":"Descubra como a loca\u00e7\u00e3o de m\u00e1quina de caf\u00e9 pela Essencial maximiza o impacto do seu estande na Expointer 2025, atraindo visitantes e fortalecendo sua marca.","robots":{"index":"index","follow":"follow","max-snippet":"max-snippet:-1","max-image-preview":"max-image-preview:large","max-video-preview":"max-video-preview:-1"},"canonical":"https:\/\/essencialmaquinas.com.br\/blog\/cafe-para-eventos-expointer-2025-essencial-maquinas\/","og_locale":"pt_BR","og_type":"article","og_title":"Evento + caf\u00e9: por que alugar m\u00e1quina na Expointer 2025","og_description":"Descubra como a loca\u00e7\u00e3o de m\u00e1quina de caf\u00e9 pela Essencial maximiza o impacto do seu estande na Expointer 2025, atraindo visitantes e fortalecendo sua marca.","og_url":"https:\/\/essencialmaquinas.com.br\/blog\/cafe-para-eventos-expointer-2025-essencial-maquinas\/","og_site_name":"Essencial M\u00e1quinas de Caf\u00e9","article_publisher":"https:\/\/www.facebook.com\/essencialmaquinas\/","article_published_time":"2025-07-23T13:43:13+00:00","article_modified_time":"2025-07-23T13:43:16+00:00","og_image":[{"width":1536,"height":1024,"url":"https:\/\/essencialmaquinas.com.br\/blog\/wp-content\/uploads\/2025\/07\/maquinas-de-cafe-evento-expointer-2025.webp","type":"image\/webp"}],"author":"Diogo Negrello","twitter_card":"summary_large_image","twitter_misc":{"Escrito por":"Diogo Negrello","Est. tempo de leitura":"2 minutos"},"schema":{"@context":"https:\/\/schema.org","@graph":[{"@type":"Article","@id":"https:\/\/essencialmaquinas.com.br\/blog\/cafe-para-eventos-expointer-2025-essencial-maquinas\/#article","isPartOf":{"@id":"https:\/\/essencialmaquinas.com.br\/blog\/cafe-para-eventos-expointer-2025-essencial-maquinas\/"},"author":{"name":"Diogo Negrello","@id":"https:\/\/essencialmaquinas.com.br\/#\/schema\/person\/c321763d791f5ab47f06f495e1c03e24"},"headline":"Evento de porte merece caf\u00e9 \u00e0 altura: como a Essencial pode potencializar sua presen\u00e7a na Expointer 2025","datePublished":"2025-07-23T13:43:13+00:00","dateModified":"2025-07-23T13:43:16+00:00","mainEntityOfPage":{"@id":"https:\/\/essencialmaquinas.com.br\/blog\/cafe-para-eventos-expointer-2025-essencial-maquinas\/"},"wordCount":440,"publisher":{"@id":"https:\/\/essencialmaquinas.com.br\/#organization"},"image":{"@id":"https:\/\/essencialmaquinas.com.br\/blog\/cafe-para-eventos-expointer-2025-essencial-maquinas\/#primaryimage"},"thumbnailUrl":"https:\/\/essencialmaquinas.com.br\/blog\/wp-content\/uploads\/2025\/07\/maquinas-de-cafe-evento-expointer-2025.webp","keywords":["evento","expointer","m\u00e1quina de caf\u00e9"],"articleSection":["Eventos"],"inLanguage":"pt-BR"},{"@type":"WebPage","@id":"https:\/\/essencialmaquinas.com.br\/blog\/cafe-para-eventos-expointer-2025-essencial-maquinas\/","url":"https:\/\/essencialmaquinas.com.br\/blog\/cafe-para-eventos-expointer-2025-essencial-maquinas\/","name":"Evento + caf\u00e9: por que alugar m\u00e1quina na Expointer 2025","isPartOf":{"@id":"https:\/\/essencialmaquinas.com.br\/#website"},"primaryImageOfPage":{"@id":"https:\/\/essencialmaquinas.com.br\/blog\/cafe-para-eventos-expointer-2025-essencial-maquinas\/#primaryimage"},"image":{"@id":"https:\/\/essencialmaquinas.com.br\/blog\/cafe-para-eventos-expointer-2025-essencial-maquinas\/#primaryimage"},"thumbnailUrl":"https:\/\/essencialmaquinas.com.br\/blog\/wp-content\/uploads\/2025\/07\/maquinas-de-cafe-evento-expointer-2025.webp","datePublished":"2025-07-23T13:43:13+00:00","dateModified":"2025-07-23T13:43:16+00:00","description":"Descubra como a loca\u00e7\u00e3o de m\u00e1quina de caf\u00e9 pela Essencial maximiza o impacto do seu estande na Expointer 2025, atraindo visitantes e fortalecendo sua marca.","breadcrumb":{"@id":"https:\/\/essencialmaquinas.com.br\/blog\/cafe-para-eventos-expointer-2025-essencial-maquinas\/#breadcrumb"},"inLanguage":"pt-BR","potentialAction":[{"@type":"ReadAction","target":["https:\/\/essencialmaquinas.com.br\/blog\/cafe-para-eventos-expointer-2025-essencial-maquinas\/"]}]},{"@type":"ImageObject","inLanguage":"pt-BR","@id":"https:\/\/essencialmaquinas.com.br\/blog\/cafe-para-eventos-expointer-2025-essencial-maquinas\/#primaryimage","url":"https:\/\/essencialmaquinas.com.br\/blog\/wp-content\/uploads\/2025\/07\/maquinas-de-cafe-evento-expointer-2025.webp","contentUrl":"https:\/\/essencialmaquinas.com.br\/blog\/wp-content\/uploads\/2025\/07\/maquinas-de-cafe-evento-expointer-2025.webp","width":1536,"height":1024,"caption":"Pessoas tomando caf\u00e9 servido por uma m\u00e1quina de caf\u00e9 em um evento."},{"@type":"BreadcrumbList","@id":"https:\/\/essencialmaquinas.com.br\/blog\/cafe-para-eventos-expointer-2025-essencial-maquinas\/#breadcrumb","itemListElement":[{"@type":"ListItem","position":1,"name":"In\u00edcio","item":"https:\/\/essencialmaquinas.com.br\/blog\/"},{"@type":"ListItem","position":2,"name":"Eventos","item":"https:\/\/essencialmaquinas.com.br\/blog\/category\/eventos\/"},{"@type":"ListItem","position":3,"name":"Evento de porte merece caf\u00e9 \u00e0 altura: como a Essencial pode potencializar sua presen\u00e7a na Expointer 2025"}]},{"@type":"WebSite","@id":"https:\/\/essencialmaquinas.com.br\/#website","url":"https:\/\/essencialmaquinas.com.br\/","name":"Essencial M\u00e1quinas de Caf\u00e9","description":"Novidades e curiosidades sobre as m\u00e1quinas de caf\u00e9 e insumos","publisher":{"@id":"https:\/\/essencialmaquinas.com.br\/#organization"},"potentialAction":[{"@type":"SearchAction","target":{"@type":"EntryPoint","urlTemplate":"https:\/\/essencialmaquinas.com.br\/?s={search_term_string}"},"query-input":{"@type":"PropertyValueSpecification","valueRequired":true,"valueName":"search_term_string"}}],"inLanguage":"pt-BR"},{"@type":"Organization","@id":"https:\/\/essencialmaquinas.com.br\/#organization","name":"Essencial M\u00e1quinas de Caf\u00e9","url":"https:\/\/essencialmaquinas.com.br\/","logo":{"@type":"ImageObject","inLanguage":"pt-BR","@id":"https:\/\/essencialmaquinas.com.br\/#\/schema\/logo\/image\/","url":"https:\/\/essencialmaquinas.com.br\/blog\/wp-content\/uploads\/2021\/12\/essencial-maquinas-logo.png","contentUrl":"https:\/\/essencialmaquinas.com.br\/blog\/wp-content\/uploads\/2021\/12\/essencial-maquinas-logo.png","width":250,"height":67,"caption":"Essencial M\u00e1quinas de Caf\u00e9"},"image":{"@id":"https:\/\/essencialmaquinas.com.br\/#\/schema\/logo\/image\/"},"sameAs":["https:\/\/www.facebook.com\/essencialmaquinas\/","https:\/\/www.instagram.com\/essencial_maquinas\/","https:\/\/www.youtube.com\/channel\/UCRV9nmg2xPS4gy_Lil7BWVQ"]},{"@type":"Person","@id":"https:\/\/essencialmaquinas.com.br\/#\/schema\/person\/c321763d791f5ab47f06f495e1c03e24","name":"Diogo Negrello","image":{"@type":"ImageObject","inLanguage":"pt-BR","@id":"https:\/\/essencialmaquinas.com.br\/blog\/wp-content\/uploads\/2025\/10\/cropped-diogo-negrello-96x96.webp","url":"https:\/\/essencialmaquinas.com.br\/blog\/wp-content\/uploads\/2025\/10\/cropped-diogo-negrello-96x96.webp","contentUrl":"https:\/\/essencialmaquinas.com.br\/blog\/wp-content\/uploads\/2025\/10\/cropped-diogo-negrello-96x96.webp","caption":"Diogo Negrello"},"description":"Diogo Artur Negrello \u00e9 CEO da Essencial M\u00e1quinas de Caf\u00e9, sediada em Porto Alegre (RS). Formado pela PUC-RS, Diogo lidera a empresa desde sua funda\u00e7\u00e3o em 2015, atuando no mercado de loca\u00e7\u00e3o, venda e manuten\u00e7\u00e3o de m\u00e1quinas autom\u00e1ticas de caf\u00e9 para ambientes corporativos e eventos. Com foco em excel\u00eancia, inova\u00e7\u00e3o e experi\u00eancia de consumo, acredita que \u201cuma boa x\u00edcara de caf\u00e9 pode ser o come\u00e7o de grandes ideias\u201d. Fora do expediente, \u00e9 casado, torcedor do SC Internacional e est\u00e1 sempre aprendendo. Siga-o no Instagram @diogonegrello para acompanhar sua vis\u00e3o e a trajet\u00f3ria da Essencial M\u00e1quinas de Caf\u00e9.","sameAs":["https:\/\/essencialmaquinas.com.br\/","https:\/\/www.instagram.com\/diogonegrello\/"],"url":"https:\/\/essencialmaquinas.com.br\/blog\/author\/negrello_diogo_redator\/"}]}},"_links":{"self":[{"href":"https:\/\/essencialmaquinas.com.br\/blog\/wp-json\/wp\/v2\/posts\/6158","targetHints":{"allow":["GET"]}}],"collection":[{"href":"https:\/\/essencialmaquinas.com.br\/blog\/wp-json\/wp\/v2\/posts"}],"about":[{"href":"https:\/\/essencialmaquinas.com.br\/blog\/wp-json\/wp\/v2\/types\/post"}],"author":[{"embeddable":true,"href":"https:\/\/essencialmaquinas.com.br\/blog\/wp-json\/wp\/v2\/users\/4"}],"replies":[{"embeddable":true,"href":"https:\/\/essencialmaquinas.com.br\/blog\/wp-json\/wp\/v2\/comments?post=6158"}],"version-history":[{"count":2,"href":"https:\/\/essencialmaquinas.com.br\/blog\/wp-json\/wp\/v2\/posts\/6158\/revisions"}],"predecessor-version":[{"id":6163,"href":"https:\/\/essencialmaquinas.com.br\/blog\/wp-json\/wp\/v2\/posts\/6158\/revisions\/6163"}],"wp:featuredmedia":[{"embeddable":true,"href":"https:\/\/essencialmaquinas.com.br\/blog\/wp-json\/wp\/v2\/media\/6162"}],"wp:attachment":[{"href":"https:\/\/essencialmaquinas.com.br\/blog\/wp-json\/wp\/v2\/media?parent=6158"}],"wp:term":[{"taxonomy":"category","embeddable":true,"href":"https:\/\/essencialmaquinas.com.br\/blog\/wp-json\/wp\/v2\/categories?post=6158"},{"taxonomy":"post_tag","embeddable":true,"href":"https:\/\/essencialmaquinas.com.br\/blog\/wp-json\/wp\/v2\/tags?post=6158"}],"curies":[{"name":"wp","href":"https:\/\/api.w.org\/{rel}","templated":true}]}}