{"id":6166,"date":"2025-09-05T19:10:27","date_gmt":"2025-09-05T22:10:27","guid":{"rendered":"https:\/\/blog.essencialmaquinas.com.br\/?p=6166"},"modified":"2025-10-23T09:50:06","modified_gmt":"2025-10-23T12:50:06","slug":"maquina-de-cafe-jetinno-jl22-inovacao-e-performance","status":"publish","type":"post","link":"https:\/\/essencialmaquinas.com.br\/blog\/maquina-de-cafe-jetinno-jl22-inovacao-e-performance\/","title":{"rendered":"M\u00e1quina de Caf\u00e9 Jetinno JL22: Inova\u00e7\u00e3o, Sabor e Alta Performance"},"content":{"rendered":"\n<p>Se voc\u00ea busca modernidade, efici\u00eancia e qualidade de caf\u00e9 para o seu ambiente de trabalho, o lan\u00e7amento <a href=\"https:\/\/essencialmaquinas.com.br\/produtos\/maquina-de-cafe-jetinno-jl22\" target=\"_blank\" rel=\"noreferrer noopener\">Jetinno JL22<\/a>, da Essencial M\u00e1quinas, \u00e9 a escolha perfeita para eventos, escrit\u00f3rios ou pontos de venda que desejam transformar cada x\u00edcara em experi\u00eancia memor\u00e1vel.<\/p>\n\n\n\n<h3 class=\"wp-block-heading\"><strong>Design moderno com performance profissional<\/strong><\/h3>\n\n\n\n<p>Leve, compacta e esteticamente refinada, a Jetinno JL22 ocupa pouco espa\u00e7o e se destaca pela est\u00e9tica clean, ideal para ambientes corporativos. Seu painel touch intuitivo e personaliz\u00e1vel permite orientar os usu\u00e1rios com praticidade, transformando a opera\u00e7\u00e3o do caf\u00e9 num movimento fluido \u2014 e at\u00e9 encantador.<\/p>\n\n\n\n<h3 class=\"wp-block-heading\"><strong>Multiop\u00e7\u00f5es do gr\u00e3o ao sol\u00favel<\/strong><\/h3>\n\n\n\n<p>Essa m\u00e1quina sabe o que voc\u00ea deseja: preparar caf\u00e9 a partir de gr\u00e3os ou de solu\u00e7\u00f5es sol\u00faveis. Seus sistemas de mistura e extra\u00e7\u00e3o s\u00e3o otimizados para garantir bebidas cremosas, saborosas, sejam expressos, cappuccinos ou ch\u00e1s quentes.<\/p>\n\n\n\n<h3 class=\"wp-block-heading\"><strong>Conectividade inteligente para um caf\u00e9 eficiente<\/strong><\/h3>\n\n\n\n<p>A <a href=\"https:\/\/essencialmaquinas.com.br\/produtos\/maquina-de-cafe-jetinno-jl22\" target=\"_blank\" rel=\"noreferrer noopener\">Jetinno JL22<\/a> vem equipada com recursos de gest\u00e3o remotos que v\u00e3o al\u00e9m do convencional:<\/p>\n\n\n\n<ul class=\"wp-block-list\">\n<li>Telemetria integrada: sua equipe acompanha em tempo real o consumo, funcionamento e estoque diretamente do celular ou computador.<br><\/li>\n\n\n\n<li>Atualiza\u00e7\u00f5es \u00e0 dist\u00e2ncia: configure receitas, ajustes de pre\u00e7os e o menu sem estar presente fisicamente.<br><\/li>\n\n\n\n<li>Diagn\u00f3stico preventivo online: alertas antecipados de manuten\u00e7\u00e3o evitam surpresas desagrad\u00e1veis.<br><\/li>\n\n\n\n<li>Pagamentos modernos: compat\u00edvel com cart\u00f5es de cr\u00e9dito, QR Code, carteiras digitais e NFC.<br><\/li>\n\n\n\n<li>Plataforma em nuvem segura: centraliza o controle de m\u00faltiplas m\u00e1quinas em diferentes localidades com seguran\u00e7a.<br><\/li>\n<\/ul>\n\n\n\n<figure class=\"wp-block-gallery has-nested-images columns-2 is-cropped wp-block-gallery-1 is-layout-flex wp-block-gallery-is-layout-flex\">\n<figure class=\"wp-block-image size-large\"><img decoding=\"async\" width=\"624\" height=\"1024\" data-id=\"6171\" src=\"https:\/\/essencialmaquinas.com.br\/blog\/wp-content\/uploads\/2025\/09\/JL22_1-624x1024.webp\" alt=\"\" class=\"wp-image-6171\" srcset=\"https:\/\/essencialmaquinas.com.br\/blog\/wp-content\/uploads\/2025\/09\/JL22_1-624x1024.webp 624w, https:\/\/essencialmaquinas.com.br\/blog\/wp-content\/uploads\/2025\/09\/JL22_1-183x300.webp 183w, https:\/\/essencialmaquinas.com.br\/blog\/wp-content\/uploads\/2025\/09\/JL22_1-768x1260.webp 768w, https:\/\/essencialmaquinas.com.br\/blog\/wp-content\/uploads\/2025\/09\/JL22_1-936x1536.webp 936w, https:\/\/essencialmaquinas.com.br\/blog\/wp-content\/uploads\/2025\/09\/JL22_1.webp 945w\" sizes=\"(max-width: 624px) 100vw, 624px\" \/><\/figure>\n\n\n\n<figure class=\"wp-block-image size-large\"><img decoding=\"async\" width=\"617\" height=\"1024\" data-id=\"6175\" src=\"https:\/\/essencialmaquinas.com.br\/blog\/wp-content\/uploads\/2025\/09\/JL22_11-617x1024.webp\" alt=\"\" class=\"wp-image-6175\" srcset=\"https:\/\/essencialmaquinas.com.br\/blog\/wp-content\/uploads\/2025\/09\/JL22_11-617x1024.webp 617w, https:\/\/essencialmaquinas.com.br\/blog\/wp-content\/uploads\/2025\/09\/JL22_11-181x300.webp 181w, https:\/\/essencialmaquinas.com.br\/blog\/wp-content\/uploads\/2025\/09\/JL22_11-768x1275.webp 768w, https:\/\/essencialmaquinas.com.br\/blog\/wp-content\/uploads\/2025\/09\/JL22_11-926x1536.webp 926w, https:\/\/essencialmaquinas.com.br\/blog\/wp-content\/uploads\/2025\/09\/JL22_11-1234x2048.webp 1234w, https:\/\/essencialmaquinas.com.br\/blog\/wp-content\/uploads\/2025\/09\/JL22_11-scaled.webp 1543w\" sizes=\"(max-width: 617px) 100vw, 617px\" \/><\/figure>\n<\/figure>\n\n\n\n<h3 class=\"wp-block-heading\"><strong>Praticidade que gera economia<\/strong><\/h3>\n\n\n\n<p>Ela prepara bebidas rapidamente e quase sem barulho. O funcionamento silencioso torna o ambiente mais agrad\u00e1vel, especialmente em escrit\u00f3rios e espa\u00e7os de conviv\u00eancia.<\/p>\n\n\n\n<h3 class=\"wp-block-heading\"><strong>Por que investir na JL22?<\/strong><\/h3>\n\n\n\n<figure class=\"wp-block-table\"><table class=\"has-fixed-layout\"><tbody><tr><td><strong>Benef\u00edcio<\/strong><\/td><td><strong>Parceiros que ganham mesmo<\/strong><\/td><\/tr><tr><td>Efici\u00eancia e controle<\/td><td>Ideal para ambientes que valorizam precis\u00e3o e qualidade<\/td><\/tr><tr><td>Otimiza\u00e7\u00e3o do tempo<\/td><td>Controle remoto e relat\u00f3rios autom\u00e1ticos economizam recursos<\/td><\/tr><tr><td>Versatilidade<\/td><td>Atende diferentes gostos e n\u00fameros de usu\u00e1rios<\/td><\/tr><tr><td>Estilo e funcionalidade<\/td><td>Um design que agrega valor ao ambiente<\/td><\/tr><\/tbody><\/table><\/figure>\n\n\n\n<p>Explore a nova Jetinno JL22 e saiba como \u00e9 ter um caf\u00e9 sob medida para o seu neg\u00f3cio.<\/p>\n\n\n\n<p>Entre em contato conosco e garanta uma apresenta\u00e7\u00e3o personalizada da m\u00e1quina que combina tecnologia e sabor com sensibilidade!<\/p>\n\n\n\n<div class=\"wp-block-buttons is-content-justification-center is-layout-flex wp-container-core-buttons-is-layout-16018d1d wp-block-buttons-is-layout-flex\">\n<div class=\"wp-block-button\"><a class=\"wp-block-button__link wp-element-button\" href=\"https:\/\/essencialmaquinas.com.br\/produtos\/maquina-de-cafe-jetinno-jl22\" target=\"_blank\" rel=\"noreferrer noopener\">M\u00e1quina de Caf\u00e9 Jetinno JL22<\/a><\/div>\n<\/div>\n\n\n\n<div class=\"wp-block-group is-layout-flow wp-block-group-is-layout-flow\">\n<div class=\"wp-block-cover aligncenter has-parallax is-light has-white-color has-text-color has-link-color wp-elements-7bd5d06bb064756df6c127ce23aab4b7\" style=\"min-height:20rem;aspect-ratio:unset;\"><span aria-hidden=\"true\" class=\"wp-block-cover__background has-background-dim-0 has-background-dim\"><\/span><div class=\"wp-block-cover__image-background wp-image-5948 has-parallax\" style=\"background-position:50% 50%;background-image:url(https:\/\/essencialmaquinas.com.br\/blog\/wp-content\/uploads\/2021\/12\/coffee-cup-parallax.jpg)\"><\/div><div class=\"wp-block-cover__inner-container is-layout-flow wp-block-cover-is-layout-flow\">\n<div class=\"wp-block-columns is-layout-flex wp-container-core-columns-is-layout-9d6595d7 wp-block-columns-is-layout-flex\">\n<div class=\"wp-block-column is-layout-flow wp-block-column-is-layout-flow\" style=\"flex-basis:69%\">\n<div class=\"wp-block-buttons is-layout-flex wp-block-buttons-is-layout-flex\">\n<div class=\"wp-block-button has-custom-font-size is-style-outline is-style-outline--2\" style=\"font-size:15px\"><a class=\"wp-block-button__link wp-element-button\" href=\"https:\/\/essencialmaquinas.com.br\/aluguel-de-maquina-de-cafe\" target=\"_blank\" rel=\"noreferrer noopener\"> Aluguel de M\u00e1quina de Caf\u00e9<\/a><\/div>\n\n\n\n<div class=\"wp-block-button has-custom-font-size is-style-outline is-style-outline--3\" style=\"font-size:15px\"><a class=\"wp-block-button__link wp-element-button\" href=\"https:\/\/essencialmaquinas.com.br\/maquina-de-cafe-para-venda\" target=\"_blank\" rel=\"noreferrer noopener\"> M\u00e1quina de Caf\u00e9 para Venda <\/a><\/div>\n\n\n\n<div class=\"wp-block-button has-custom-font-size is-style-outline is-style-outline--4\" style=\"font-size:15px\"><a class=\"wp-block-button__link wp-element-button\" href=\"https:\/\/essencialmaquinas.com.br\/maquina-de-cafe-comodato\" target=\"_blank\" rel=\"noreferrer noopener\">M\u00e1quina de Caf\u00e9 em Comodato<\/a><\/div>\n\n\n\n<div class=\"wp-block-button has-custom-font-size is-style-outline is-style-outline--5\" style=\"font-size:15px\"><a class=\"wp-block-button__link wp-element-button\" href=\"https:\/\/essencialmaquinas.com.br\/maquina-de-cafe-para-evento\" target=\"_blank\" rel=\"noreferrer noopener\">M\u00e1quina de Caf\u00e9 para Evento<\/a><\/div>\n<\/div>\n<\/div>\n\n\n\n<div class=\"wp-block-column is-layout-flow wp-block-column-is-layout-flow\"><\/div>\n<\/div>\n<\/div><\/div>\n\n\n\n<p>Ligue em um dos nossos telefones &#8211; <a href=\"tel:+55-51-35190772\">(51) 3519.0772<\/a> ou <a href=\"tel:+55-51-35190772\">(51) <\/a><a href=\"tel:+55-51-35190776\">3519.0776<\/a>, <a rel=\"noreferrer noopener\" href=\"https:\/\/essencialmaquinas.com.br\/\" target=\"_blank\">visite nosso site<\/a> ou nos chame no <a rel=\"noreferrer noopener\" href=\"https:\/\/api.whatsapp.com\/send?phone=5551997172863\" target=\"_blank\">WhatsApp da Essencial M\u00e1quina de Caf\u00e9<\/a> e fique por dentro de todos os produtos que oferecemos, al\u00e9m das condi\u00e7\u00f5es de contrato e op\u00e7\u00f5es para o seu escrit\u00f3rio.<\/p>\n<\/div>\n","protected":false},"excerpt":{"rendered":"<p>Se voc\u00ea busca modernidade, efici\u00eancia e qualidade de caf\u00e9 para o seu ambiente de trabalho, o lan\u00e7amento Jetinno JL22, da Essencial M\u00e1quinas, \u00e9 a escolha&#8230;<\/p>\n","protected":false},"author":4,"featured_media":6167,"comment_status":"closed","ping_status":"closed","sticky":false,"template":"","format":"standard","meta":{"footnotes":""},"categories":[23],"tags":[113,114,28,115],"class_list":{"0":"post-6166","1":"post","2":"type-post","3":"status-publish","4":"format-standard","5":"has-post-thumbnail","7":"category-maquinas-de-cafe","8":"tag-alta-performance","9":"tag-grao","10":"tag-maquina-de-cafe","11":"tag-soluvel"},"yoast_head":"<!-- This site is optimized with the Yoast SEO plugin v27.5 - https:\/\/yoast.com\/product\/yoast-seo-wordpress\/ -->\n<title>M\u00e1quina de Caf\u00e9 Jetinno JL22: Inova\u00e7\u00e3o, Sabor e Alta Performance<\/title>\n<meta name=\"robots\" content=\"index, follow, max-snippet:-1, max-image-preview:large, max-video-preview:-1\" \/>\n<link rel=\"canonical\" href=\"https:\/\/essencialmaquinas.com.br\/blog\/maquina-de-cafe-jetinno-jl22-inovacao-e-performance\/\" \/>\n<meta property=\"og:locale\" content=\"pt_BR\" \/>\n<meta property=\"og:type\" content=\"article\" \/>\n<meta property=\"og:title\" content=\"M\u00e1quina de Caf\u00e9 Jetinno JL22: Inova\u00e7\u00e3o, Sabor e Alta Performance\" \/>\n<meta property=\"og:description\" content=\"Se voc\u00ea busca modernidade, efici\u00eancia e qualidade de caf\u00e9 para o seu ambiente de trabalho, o lan\u00e7amento Jetinno JL22, da Essencial M\u00e1quinas, \u00e9 a escolha...\" \/>\n<meta property=\"og:url\" content=\"https:\/\/essencialmaquinas.com.br\/blog\/maquina-de-cafe-jetinno-jl22-inovacao-e-performance\/\" \/>\n<meta property=\"og:site_name\" content=\"Essencial M\u00e1quinas de Caf\u00e9\" \/>\n<meta property=\"article:publisher\" content=\"https:\/\/www.facebook.com\/essencialmaquinas\/\" \/>\n<meta property=\"article:published_time\" content=\"2025-09-05T22:10:27+00:00\" \/>\n<meta property=\"article:modified_time\" content=\"2025-10-23T12:50:06+00:00\" \/>\n<meta property=\"og:image\" content=\"https:\/\/essencialmaquinas.com.br\/blog\/wp-content\/uploads\/2025\/09\/maquina-de-cafe-jetinno_escritorio.webp\" \/>\n\t<meta property=\"og:image:width\" content=\"1920\" \/>\n\t<meta property=\"og:image:height\" content=\"1080\" \/>\n\t<meta property=\"og:image:type\" content=\"image\/webp\" \/>\n<meta name=\"author\" content=\"Diogo Negrello\" \/>\n<meta name=\"twitter:card\" content=\"summary_large_image\" \/>\n<meta name=\"twitter:label1\" content=\"Escrito por\" \/>\n\t<meta name=\"twitter:data1\" content=\"Diogo Negrello\" \/>\n\t<meta name=\"twitter:label2\" content=\"Est. tempo de leitura\" \/>\n\t<meta name=\"twitter:data2\" content=\"2 minutos\" \/>\n<script type=\"application\/ld+json\" class=\"yoast-schema-graph\">{\"@context\":\"https:\\\/\\\/schema.org\",\"@graph\":[{\"@type\":\"Article\",\"@id\":\"https:\\\/\\\/essencialmaquinas.com.br\\\/blog\\\/maquina-de-cafe-jetinno-jl22-inovacao-e-performance\\\/#article\",\"isPartOf\":{\"@id\":\"https:\\\/\\\/essencialmaquinas.com.br\\\/blog\\\/maquina-de-cafe-jetinno-jl22-inovacao-e-performance\\\/\"},\"author\":{\"name\":\"Diogo Negrello\",\"@id\":\"https:\\\/\\\/essencialmaquinas.com.br\\\/#\\\/schema\\\/person\\\/c321763d791f5ab47f06f495e1c03e24\"},\"headline\":\"M\u00e1quina de Caf\u00e9 Jetinno JL22: Inova\u00e7\u00e3o, Sabor e Alta Performance\",\"datePublished\":\"2025-09-05T22:10:27+00:00\",\"dateModified\":\"2025-10-23T12:50:06+00:00\",\"mainEntityOfPage\":{\"@id\":\"https:\\\/\\\/essencialmaquinas.com.br\\\/blog\\\/maquina-de-cafe-jetinno-jl22-inovacao-e-performance\\\/\"},\"wordCount\":402,\"publisher\":{\"@id\":\"https:\\\/\\\/essencialmaquinas.com.br\\\/#organization\"},\"image\":{\"@id\":\"https:\\\/\\\/essencialmaquinas.com.br\\\/blog\\\/maquina-de-cafe-jetinno-jl22-inovacao-e-performance\\\/#primaryimage\"},\"thumbnailUrl\":\"https:\\\/\\\/essencialmaquinas.com.br\\\/blog\\\/wp-content\\\/uploads\\\/2025\\\/09\\\/maquina-de-cafe-jetinno_escritorio.webp\",\"keywords\":[\"alta performance\",\"gr\u00e3o\",\"m\u00e1quina de caf\u00e9\",\"sol\u00favel\"],\"articleSection\":[\"M\u00e1quinas de Caf\u00e9\"],\"inLanguage\":\"pt-BR\"},{\"@type\":\"WebPage\",\"@id\":\"https:\\\/\\\/essencialmaquinas.com.br\\\/blog\\\/maquina-de-cafe-jetinno-jl22-inovacao-e-performance\\\/\",\"url\":\"https:\\\/\\\/essencialmaquinas.com.br\\\/blog\\\/maquina-de-cafe-jetinno-jl22-inovacao-e-performance\\\/\",\"name\":\"M\u00e1quina de Caf\u00e9 Jetinno JL22: Inova\u00e7\u00e3o, Sabor e Alta Performance\",\"isPartOf\":{\"@id\":\"https:\\\/\\\/essencialmaquinas.com.br\\\/#website\"},\"primaryImageOfPage\":{\"@id\":\"https:\\\/\\\/essencialmaquinas.com.br\\\/blog\\\/maquina-de-cafe-jetinno-jl22-inovacao-e-performance\\\/#primaryimage\"},\"image\":{\"@id\":\"https:\\\/\\\/essencialmaquinas.com.br\\\/blog\\\/maquina-de-cafe-jetinno-jl22-inovacao-e-performance\\\/#primaryimage\"},\"thumbnailUrl\":\"https:\\\/\\\/essencialmaquinas.com.br\\\/blog\\\/wp-content\\\/uploads\\\/2025\\\/09\\\/maquina-de-cafe-jetinno_escritorio.webp\",\"datePublished\":\"2025-09-05T22:10:27+00:00\",\"dateModified\":\"2025-10-23T12:50:06+00:00\",\"breadcrumb\":{\"@id\":\"https:\\\/\\\/essencialmaquinas.com.br\\\/blog\\\/maquina-de-cafe-jetinno-jl22-inovacao-e-performance\\\/#breadcrumb\"},\"inLanguage\":\"pt-BR\",\"potentialAction\":[{\"@type\":\"ReadAction\",\"target\":[\"https:\\\/\\\/essencialmaquinas.com.br\\\/blog\\\/maquina-de-cafe-jetinno-jl22-inovacao-e-performance\\\/\"]}]},{\"@type\":\"ImageObject\",\"inLanguage\":\"pt-BR\",\"@id\":\"https:\\\/\\\/essencialmaquinas.com.br\\\/blog\\\/maquina-de-cafe-jetinno-jl22-inovacao-e-performance\\\/#primaryimage\",\"url\":\"https:\\\/\\\/essencialmaquinas.com.br\\\/blog\\\/wp-content\\\/uploads\\\/2025\\\/09\\\/maquina-de-cafe-jetinno_escritorio.webp\",\"contentUrl\":\"https:\\\/\\\/essencialmaquinas.com.br\\\/blog\\\/wp-content\\\/uploads\\\/2025\\\/09\\\/maquina-de-cafe-jetinno_escritorio.webp\",\"width\":1920,\"height\":1080,\"caption\":\"M\u00e1quina de caf\u00e9 profissional para aluguel em escrit\u00f3rio - solu\u00e7\u00e3o completa com gr\u00e3os e acess\u00f3rios\"},{\"@type\":\"BreadcrumbList\",\"@id\":\"https:\\\/\\\/essencialmaquinas.com.br\\\/blog\\\/maquina-de-cafe-jetinno-jl22-inovacao-e-performance\\\/#breadcrumb\",\"itemListElement\":[{\"@type\":\"ListItem\",\"position\":1,\"name\":\"In\u00edcio\",\"item\":\"https:\\\/\\\/essencialmaquinas.com.br\\\/blog\\\/\"},{\"@type\":\"ListItem\",\"position\":2,\"name\":\"M\u00e1quinas de Caf\u00e9\",\"item\":\"https:\\\/\\\/essencialmaquinas.com.br\\\/blog\\\/category\\\/maquinas-de-cafe\\\/\"},{\"@type\":\"ListItem\",\"position\":3,\"name\":\"M\u00e1quina de Caf\u00e9 Jetinno JL22: Inova\u00e7\u00e3o, Sabor e Alta Performance\"}]},{\"@type\":\"WebSite\",\"@id\":\"https:\\\/\\\/essencialmaquinas.com.br\\\/#website\",\"url\":\"https:\\\/\\\/essencialmaquinas.com.br\\\/\",\"name\":\"Essencial M\u00e1quinas de Caf\u00e9\",\"description\":\"Novidades e curiosidades sobre as m\u00e1quinas de caf\u00e9 e insumos\",\"publisher\":{\"@id\":\"https:\\\/\\\/essencialmaquinas.com.br\\\/#organization\"},\"potentialAction\":[{\"@type\":\"SearchAction\",\"target\":{\"@type\":\"EntryPoint\",\"urlTemplate\":\"https:\\\/\\\/essencialmaquinas.com.br\\\/?s={search_term_string}\"},\"query-input\":{\"@type\":\"PropertyValueSpecification\",\"valueRequired\":true,\"valueName\":\"search_term_string\"}}],\"inLanguage\":\"pt-BR\"},{\"@type\":\"Organization\",\"@id\":\"https:\\\/\\\/essencialmaquinas.com.br\\\/#organization\",\"name\":\"Essencial M\u00e1quinas de Caf\u00e9\",\"url\":\"https:\\\/\\\/essencialmaquinas.com.br\\\/\",\"logo\":{\"@type\":\"ImageObject\",\"inLanguage\":\"pt-BR\",\"@id\":\"https:\\\/\\\/essencialmaquinas.com.br\\\/#\\\/schema\\\/logo\\\/image\\\/\",\"url\":\"https:\\\/\\\/essencialmaquinas.com.br\\\/blog\\\/wp-content\\\/uploads\\\/2021\\\/12\\\/essencial-maquinas-logo.png\",\"contentUrl\":\"https:\\\/\\\/essencialmaquinas.com.br\\\/blog\\\/wp-content\\\/uploads\\\/2021\\\/12\\\/essencial-maquinas-logo.png\",\"width\":250,\"height\":67,\"caption\":\"Essencial M\u00e1quinas de Caf\u00e9\"},\"image\":{\"@id\":\"https:\\\/\\\/essencialmaquinas.com.br\\\/#\\\/schema\\\/logo\\\/image\\\/\"},\"sameAs\":[\"https:\\\/\\\/www.facebook.com\\\/essencialmaquinas\\\/\",\"https:\\\/\\\/www.instagram.com\\\/essencial_maquinas\\\/\",\"https:\\\/\\\/www.youtube.com\\\/channel\\\/UCRV9nmg2xPS4gy_Lil7BWVQ\"]},{\"@type\":\"Person\",\"@id\":\"https:\\\/\\\/essencialmaquinas.com.br\\\/#\\\/schema\\\/person\\\/c321763d791f5ab47f06f495e1c03e24\",\"name\":\"Diogo Negrello\",\"image\":{\"@type\":\"ImageObject\",\"inLanguage\":\"pt-BR\",\"@id\":\"https:\\\/\\\/essencialmaquinas.com.br\\\/blog\\\/wp-content\\\/uploads\\\/2025\\\/10\\\/cropped-diogo-negrello-96x96.webp\",\"url\":\"https:\\\/\\\/essencialmaquinas.com.br\\\/blog\\\/wp-content\\\/uploads\\\/2025\\\/10\\\/cropped-diogo-negrello-96x96.webp\",\"contentUrl\":\"https:\\\/\\\/essencialmaquinas.com.br\\\/blog\\\/wp-content\\\/uploads\\\/2025\\\/10\\\/cropped-diogo-negrello-96x96.webp\",\"caption\":\"Diogo Negrello\"},\"description\":\"Diogo Artur Negrello \u00e9 CEO da Essencial M\u00e1quinas de Caf\u00e9, sediada em Porto Alegre (RS). Formado pela PUC-RS, Diogo lidera a empresa desde sua funda\u00e7\u00e3o em 2015, atuando no mercado de loca\u00e7\u00e3o, venda e manuten\u00e7\u00e3o de m\u00e1quinas autom\u00e1ticas de caf\u00e9 para ambientes corporativos e eventos. Com foco em excel\u00eancia, inova\u00e7\u00e3o e experi\u00eancia de consumo, acredita que \u201cuma boa x\u00edcara de caf\u00e9 pode ser o come\u00e7o de grandes ideias\u201d. Fora do expediente, \u00e9 casado, torcedor do SC Internacional e est\u00e1 sempre aprendendo. Siga-o no Instagram @diogonegrello para acompanhar sua vis\u00e3o e a trajet\u00f3ria da Essencial M\u00e1quinas de Caf\u00e9.\",\"sameAs\":[\"https:\\\/\\\/essencialmaquinas.com.br\\\/\",\"https:\\\/\\\/www.instagram.com\\\/diogonegrello\\\/\"],\"url\":\"https:\\\/\\\/essencialmaquinas.com.br\\\/blog\\\/author\\\/negrello_diogo_redator\\\/\"}]}<\/script>\n<!-- \/ Yoast SEO plugin. -->","yoast_head_json":{"title":"M\u00e1quina de Caf\u00e9 Jetinno JL22: Inova\u00e7\u00e3o, Sabor e Alta Performance","robots":{"index":"index","follow":"follow","max-snippet":"max-snippet:-1","max-image-preview":"max-image-preview:large","max-video-preview":"max-video-preview:-1"},"canonical":"https:\/\/essencialmaquinas.com.br\/blog\/maquina-de-cafe-jetinno-jl22-inovacao-e-performance\/","og_locale":"pt_BR","og_type":"article","og_title":"M\u00e1quina de Caf\u00e9 Jetinno JL22: Inova\u00e7\u00e3o, Sabor e Alta Performance","og_description":"Se voc\u00ea busca modernidade, efici\u00eancia e qualidade de caf\u00e9 para o seu ambiente de trabalho, o lan\u00e7amento Jetinno JL22, da Essencial M\u00e1quinas, \u00e9 a escolha...","og_url":"https:\/\/essencialmaquinas.com.br\/blog\/maquina-de-cafe-jetinno-jl22-inovacao-e-performance\/","og_site_name":"Essencial M\u00e1quinas de Caf\u00e9","article_publisher":"https:\/\/www.facebook.com\/essencialmaquinas\/","article_published_time":"2025-09-05T22:10:27+00:00","article_modified_time":"2025-10-23T12:50:06+00:00","og_image":[{"width":1920,"height":1080,"url":"https:\/\/essencialmaquinas.com.br\/blog\/wp-content\/uploads\/2025\/09\/maquina-de-cafe-jetinno_escritorio.webp","type":"image\/webp"}],"author":"Diogo Negrello","twitter_card":"summary_large_image","twitter_misc":{"Escrito por":"Diogo Negrello","Est. tempo de leitura":"2 minutos"},"schema":{"@context":"https:\/\/schema.org","@graph":[{"@type":"Article","@id":"https:\/\/essencialmaquinas.com.br\/blog\/maquina-de-cafe-jetinno-jl22-inovacao-e-performance\/#article","isPartOf":{"@id":"https:\/\/essencialmaquinas.com.br\/blog\/maquina-de-cafe-jetinno-jl22-inovacao-e-performance\/"},"author":{"name":"Diogo Negrello","@id":"https:\/\/essencialmaquinas.com.br\/#\/schema\/person\/c321763d791f5ab47f06f495e1c03e24"},"headline":"M\u00e1quina de Caf\u00e9 Jetinno JL22: Inova\u00e7\u00e3o, Sabor e Alta Performance","datePublished":"2025-09-05T22:10:27+00:00","dateModified":"2025-10-23T12:50:06+00:00","mainEntityOfPage":{"@id":"https:\/\/essencialmaquinas.com.br\/blog\/maquina-de-cafe-jetinno-jl22-inovacao-e-performance\/"},"wordCount":402,"publisher":{"@id":"https:\/\/essencialmaquinas.com.br\/#organization"},"image":{"@id":"https:\/\/essencialmaquinas.com.br\/blog\/maquina-de-cafe-jetinno-jl22-inovacao-e-performance\/#primaryimage"},"thumbnailUrl":"https:\/\/essencialmaquinas.com.br\/blog\/wp-content\/uploads\/2025\/09\/maquina-de-cafe-jetinno_escritorio.webp","keywords":["alta performance","gr\u00e3o","m\u00e1quina de caf\u00e9","sol\u00favel"],"articleSection":["M\u00e1quinas de Caf\u00e9"],"inLanguage":"pt-BR"},{"@type":"WebPage","@id":"https:\/\/essencialmaquinas.com.br\/blog\/maquina-de-cafe-jetinno-jl22-inovacao-e-performance\/","url":"https:\/\/essencialmaquinas.com.br\/blog\/maquina-de-cafe-jetinno-jl22-inovacao-e-performance\/","name":"M\u00e1quina de Caf\u00e9 Jetinno JL22: Inova\u00e7\u00e3o, Sabor e Alta Performance","isPartOf":{"@id":"https:\/\/essencialmaquinas.com.br\/#website"},"primaryImageOfPage":{"@id":"https:\/\/essencialmaquinas.com.br\/blog\/maquina-de-cafe-jetinno-jl22-inovacao-e-performance\/#primaryimage"},"image":{"@id":"https:\/\/essencialmaquinas.com.br\/blog\/maquina-de-cafe-jetinno-jl22-inovacao-e-performance\/#primaryimage"},"thumbnailUrl":"https:\/\/essencialmaquinas.com.br\/blog\/wp-content\/uploads\/2025\/09\/maquina-de-cafe-jetinno_escritorio.webp","datePublished":"2025-09-05T22:10:27+00:00","dateModified":"2025-10-23T12:50:06+00:00","breadcrumb":{"@id":"https:\/\/essencialmaquinas.com.br\/blog\/maquina-de-cafe-jetinno-jl22-inovacao-e-performance\/#breadcrumb"},"inLanguage":"pt-BR","potentialAction":[{"@type":"ReadAction","target":["https:\/\/essencialmaquinas.com.br\/blog\/maquina-de-cafe-jetinno-jl22-inovacao-e-performance\/"]}]},{"@type":"ImageObject","inLanguage":"pt-BR","@id":"https:\/\/essencialmaquinas.com.br\/blog\/maquina-de-cafe-jetinno-jl22-inovacao-e-performance\/#primaryimage","url":"https:\/\/essencialmaquinas.com.br\/blog\/wp-content\/uploads\/2025\/09\/maquina-de-cafe-jetinno_escritorio.webp","contentUrl":"https:\/\/essencialmaquinas.com.br\/blog\/wp-content\/uploads\/2025\/09\/maquina-de-cafe-jetinno_escritorio.webp","width":1920,"height":1080,"caption":"M\u00e1quina de caf\u00e9 profissional para aluguel em escrit\u00f3rio - solu\u00e7\u00e3o completa com gr\u00e3os e acess\u00f3rios"},{"@type":"BreadcrumbList","@id":"https:\/\/essencialmaquinas.com.br\/blog\/maquina-de-cafe-jetinno-jl22-inovacao-e-performance\/#breadcrumb","itemListElement":[{"@type":"ListItem","position":1,"name":"In\u00edcio","item":"https:\/\/essencialmaquinas.com.br\/blog\/"},{"@type":"ListItem","position":2,"name":"M\u00e1quinas de Caf\u00e9","item":"https:\/\/essencialmaquinas.com.br\/blog\/category\/maquinas-de-cafe\/"},{"@type":"ListItem","position":3,"name":"M\u00e1quina de Caf\u00e9 Jetinno JL22: Inova\u00e7\u00e3o, Sabor e Alta Performance"}]},{"@type":"WebSite","@id":"https:\/\/essencialmaquinas.com.br\/#website","url":"https:\/\/essencialmaquinas.com.br\/","name":"Essencial M\u00e1quinas de Caf\u00e9","description":"Novidades e curiosidades sobre as m\u00e1quinas de caf\u00e9 e insumos","publisher":{"@id":"https:\/\/essencialmaquinas.com.br\/#organization"},"potentialAction":[{"@type":"SearchAction","target":{"@type":"EntryPoint","urlTemplate":"https:\/\/essencialmaquinas.com.br\/?s={search_term_string}"},"query-input":{"@type":"PropertyValueSpecification","valueRequired":true,"valueName":"search_term_string"}}],"inLanguage":"pt-BR"},{"@type":"Organization","@id":"https:\/\/essencialmaquinas.com.br\/#organization","name":"Essencial M\u00e1quinas de Caf\u00e9","url":"https:\/\/essencialmaquinas.com.br\/","logo":{"@type":"ImageObject","inLanguage":"pt-BR","@id":"https:\/\/essencialmaquinas.com.br\/#\/schema\/logo\/image\/","url":"https:\/\/essencialmaquinas.com.br\/blog\/wp-content\/uploads\/2021\/12\/essencial-maquinas-logo.png","contentUrl":"https:\/\/essencialmaquinas.com.br\/blog\/wp-content\/uploads\/2021\/12\/essencial-maquinas-logo.png","width":250,"height":67,"caption":"Essencial M\u00e1quinas de Caf\u00e9"},"image":{"@id":"https:\/\/essencialmaquinas.com.br\/#\/schema\/logo\/image\/"},"sameAs":["https:\/\/www.facebook.com\/essencialmaquinas\/","https:\/\/www.instagram.com\/essencial_maquinas\/","https:\/\/www.youtube.com\/channel\/UCRV9nmg2xPS4gy_Lil7BWVQ"]},{"@type":"Person","@id":"https:\/\/essencialmaquinas.com.br\/#\/schema\/person\/c321763d791f5ab47f06f495e1c03e24","name":"Diogo Negrello","image":{"@type":"ImageObject","inLanguage":"pt-BR","@id":"https:\/\/essencialmaquinas.com.br\/blog\/wp-content\/uploads\/2025\/10\/cropped-diogo-negrello-96x96.webp","url":"https:\/\/essencialmaquinas.com.br\/blog\/wp-content\/uploads\/2025\/10\/cropped-diogo-negrello-96x96.webp","contentUrl":"https:\/\/essencialmaquinas.com.br\/blog\/wp-content\/uploads\/2025\/10\/cropped-diogo-negrello-96x96.webp","caption":"Diogo Negrello"},"description":"Diogo Artur Negrello \u00e9 CEO da Essencial M\u00e1quinas de Caf\u00e9, sediada em Porto Alegre (RS). Formado pela PUC-RS, Diogo lidera a empresa desde sua funda\u00e7\u00e3o em 2015, atuando no mercado de loca\u00e7\u00e3o, venda e manuten\u00e7\u00e3o de m\u00e1quinas autom\u00e1ticas de caf\u00e9 para ambientes corporativos e eventos. Com foco em excel\u00eancia, inova\u00e7\u00e3o e experi\u00eancia de consumo, acredita que \u201cuma boa x\u00edcara de caf\u00e9 pode ser o come\u00e7o de grandes ideias\u201d. Fora do expediente, \u00e9 casado, torcedor do SC Internacional e est\u00e1 sempre aprendendo. Siga-o no Instagram @diogonegrello para acompanhar sua vis\u00e3o e a trajet\u00f3ria da Essencial M\u00e1quinas de Caf\u00e9.","sameAs":["https:\/\/essencialmaquinas.com.br\/","https:\/\/www.instagram.com\/diogonegrello\/"],"url":"https:\/\/essencialmaquinas.com.br\/blog\/author\/negrello_diogo_redator\/"}]}},"_links":{"self":[{"href":"https:\/\/essencialmaquinas.com.br\/blog\/wp-json\/wp\/v2\/posts\/6166","targetHints":{"allow":["GET"]}}],"collection":[{"href":"https:\/\/essencialmaquinas.com.br\/blog\/wp-json\/wp\/v2\/posts"}],"about":[{"href":"https:\/\/essencialmaquinas.com.br\/blog\/wp-json\/wp\/v2\/types\/post"}],"author":[{"embeddable":true,"href":"https:\/\/essencialmaquinas.com.br\/blog\/wp-json\/wp\/v2\/users\/4"}],"replies":[{"embeddable":true,"href":"https:\/\/essencialmaquinas.com.br\/blog\/wp-json\/wp\/v2\/comments?post=6166"}],"version-history":[{"count":6,"href":"https:\/\/essencialmaquinas.com.br\/blog\/wp-json\/wp\/v2\/posts\/6166\/revisions"}],"predecessor-version":[{"id":6180,"href":"https:\/\/essencialmaquinas.com.br\/blog\/wp-json\/wp\/v2\/posts\/6166\/revisions\/6180"}],"wp:featuredmedia":[{"embeddable":true,"href":"https:\/\/essencialmaquinas.com.br\/blog\/wp-json\/wp\/v2\/media\/6167"}],"wp:attachment":[{"href":"https:\/\/essencialmaquinas.com.br\/blog\/wp-json\/wp\/v2\/media?parent=6166"}],"wp:term":[{"taxonomy":"category","embeddable":true,"href":"https:\/\/essencialmaquinas.com.br\/blog\/wp-json\/wp\/v2\/categories?post=6166"},{"taxonomy":"post_tag","embeddable":true,"href":"https:\/\/essencialmaquinas.com.br\/blog\/wp-json\/wp\/v2\/tags?post=6166"}],"curies":[{"name":"wp","href":"https:\/\/api.w.org\/{rel}","templated":true}]}}