{"id":6182,"date":"2025-09-29T14:58:22","date_gmt":"2025-09-29T17:58:22","guid":{"rendered":"https:\/\/blog.essencialmaquinas.com.br\/?p=6182"},"modified":"2025-09-29T16:27:38","modified_gmt":"2025-09-29T19:27:38","slug":"aluguel-maquina-cafe-porto-alegre","status":"publish","type":"post","link":"https:\/\/essencialmaquinas.com.br\/blog\/aluguel-maquina-cafe-porto-alegre\/","title":{"rendered":"Aluguel de M\u00e1quina de Caf\u00e9 em Porto Alegre: experi\u00eancia e qualidade com a Essencial M\u00e1quinas de Caf\u00e9"},"content":{"rendered":"\n<p>Quem n\u00e3o gosta de um bom caf\u00e9 para come\u00e7ar o dia ou para dar aquela pausa revigorante durante o trabalho? Em escrit\u00f3rios, cl\u00ednicas, empresas ou at\u00e9 mesmo em casa, o caf\u00e9 transforma momentos simples em experi\u00eancias especiais.<\/p>\n\n\n\n<p>E se voc\u00ea pudesse ter caf\u00e9 de qualidade todos os dias sem precisar se preocupar com manuten\u00e7\u00e3o ou investimento alto em equipamentos? \u00c9 exatamente isso que o aluguel de m\u00e1quina de caf\u00e9 na Essencial oferece. Somos refer\u00eancia quando o assunto \u00e9 loca\u00e7\u00e3o e venda de m\u00e1quinas autom\u00e1ticas, trazendo praticidade, sabor e suporte especializado para quem n\u00e3o abre m\u00e3o de um bom espresso.<\/p>\n\n\n\n<h2 class=\"wp-block-heading\"><strong>Por que alugar uma m\u00e1quina de caf\u00e9 em Porto Alegre?<\/strong><\/h2>\n\n\n\n<p>Muitas empresas e profissionais j\u00e1 perceberam que o caf\u00e9 vai al\u00e9m do sabor: ele cria momentos de conex\u00e3o, produtividade e acolhimento.<\/p>\n\n\n\n<p>O aluguel de m\u00e1quinas de caf\u00e9 garante:<\/p>\n\n\n\n<ul class=\"wp-block-list\">\n<li>Caf\u00e9 de qualidade sem precisar de alto investimento inicial.<br><\/li>\n\n\n\n<li>Manuten\u00e7\u00e3o inclusa no contrato.<br><\/li>\n\n\n\n<li>Suporte t\u00e9cnico especializado sempre que necess\u00e1rio.<br><\/li>\n\n\n\n<li>Instala\u00e7\u00e3o r\u00e1pida e personalizada para cada ambiente.<br><\/li>\n<\/ul>\n\n\n\n<p>Com a Essencial, voc\u00ea escolhe o equipamento ideal para o seu espa\u00e7o e conta com atendimento \u00e1gil em Porto Alegre e regi\u00e3o.<\/p>\n\n\n\n<h2 class=\"wp-block-heading\"><strong>Lan\u00e7amentos que fazem a diferen\u00e7a<\/strong><\/h2>\n\n\n\n<h3 class=\"wp-block-heading\"><strong>1. M\u00e1quina de Caf\u00e9 Spidem Trevi \u2013 Ideal para at\u00e9 10 pessoas<\/strong><\/h3>\n\n\n\n<p>Se voc\u00ea busca praticidade e economia para pequenos ambientes, como escrit\u00f3rios compactos, consult\u00f3rios ou at\u00e9 mesmo uso dom\u00e9stico, a Spidem Trevi \u00e9 perfeita.<\/p>\n\n\n\n<ul class=\"wp-block-list\">\n<li>Design compacto, ocupa pouco espa\u00e7o.<br><\/li>\n\n\n\n<li>Opera\u00e7\u00e3o simples, sem necessidade de treinamento.<br><\/li>\n\n\n\n<li>Preparo consistente de espressos.<br><\/li>\n\n\n\n<li>Excelente custo-benef\u00edcio.<\/li>\n<\/ul>\n\n\n\n<p>Dispon\u00edvel para venda e loca\u00e7\u00e3o, com instala\u00e7\u00e3o e suporte da Essencial M\u00e1quinas de Caf\u00e9.<\/p>\n\n\n\n<figure class=\"wp-block-gallery has-nested-images columns-default is-cropped wp-block-gallery-1 is-layout-flex wp-block-gallery-is-layout-flex\">\n<figure class=\"wp-block-image size-large\"><img decoding=\"async\" width=\"600\" height=\"356\" data-id=\"6185\" src=\"https:\/\/essencialmaquinas.com.br\/blog\/wp-content\/uploads\/2025\/09\/maquina-cafe-spidem-trevi-frente.webp\" alt=\"\" class=\"wp-image-6185\" srcset=\"https:\/\/essencialmaquinas.com.br\/blog\/wp-content\/uploads\/2025\/09\/maquina-cafe-spidem-trevi-frente.webp 600w, https:\/\/essencialmaquinas.com.br\/blog\/wp-content\/uploads\/2025\/09\/maquina-cafe-spidem-trevi-frente-300x178.webp 300w\" sizes=\"(max-width: 600px) 100vw, 600px\" \/><\/figure>\n\n\n\n<figure class=\"wp-block-image size-large\"><img decoding=\"async\" width=\"600\" height=\"356\" data-id=\"6184\" src=\"https:\/\/essencialmaquinas.com.br\/blog\/wp-content\/uploads\/2025\/09\/maquina-cafe-spidem-trevi-graos.webp\" alt=\"\" class=\"wp-image-6184\" srcset=\"https:\/\/essencialmaquinas.com.br\/blog\/wp-content\/uploads\/2025\/09\/maquina-cafe-spidem-trevi-graos.webp 600w, https:\/\/essencialmaquinas.com.br\/blog\/wp-content\/uploads\/2025\/09\/maquina-cafe-spidem-trevi-graos-300x178.webp 300w\" sizes=\"(max-width: 600px) 100vw, 600px\" \/><\/figure>\n<\/figure>\n\n\n\n<div class=\"wp-block-buttons is-content-justification-center is-layout-flex wp-container-core-buttons-is-layout-16018d1d wp-block-buttons-is-layout-flex\">\n<div class=\"wp-block-button\"><a class=\"wp-block-button__link has-luminous-vivid-orange-background-color has-background has-small-font-size has-custom-font-size wp-element-button\" href=\"https:\/\/essencialmaquinas.com.br\/produtos\/maquina-de-cafe-spidem-trevi-venda-locacao\"><strong><strong>M\u00e1quina de Caf\u00e9 Spidem Trevi<\/strong><\/strong><\/a><\/div>\n<\/div>\n\n\n\n<div style=\"height:3rem\" aria-hidden=\"true\" class=\"wp-block-spacer\"><\/div>\n\n\n\n<h3 class=\"wp-block-heading\"><strong>2. M\u00e1quina de Caf\u00e9 DR. Coffee H10 \u2013 Ideal para at\u00e9 30 pessoas<\/strong><\/h3>\n\n\n\n<p>Para quem deseja mais tecnologia e variedade, a DR. Coffee H10 \u00e9 a escolha certa. Indicada para empresas, cafeterias e ambientes que valorizam experi\u00eancias diferenciadas, ela prepara desde o espresso cl\u00e1ssico at\u00e9 cappuccinos e lattes com vaporiza\u00e7\u00e3o de leite program\u00e1vel.<\/p>\n\n\n\n<ul class=\"wp-block-list\">\n<li>Tela touch de 8\u201d para opera\u00e7\u00e3o f\u00e1cil.<br><\/li>\n\n\n\n<li>Versatilidade: at\u00e9 18 g de caf\u00e9 por dose.<br><\/li>\n\n\n\n<li>R\u00e1pida e confi\u00e1vel, com extra\u00e7\u00e3o de 25 a 50 segundos.<br><\/li>\n\n\n\n<li>Design moderno e robusto.<\/li>\n<\/ul>\n\n\n\n<p>Dispon\u00edvel para loca\u00e7\u00e3o, venda e eventos corporativos, sempre com suporte especializado.<\/p>\n\n\n\n<figure class=\"wp-block-gallery has-nested-images columns-default is-cropped wp-block-gallery-2 is-layout-flex wp-block-gallery-is-layout-flex\">\n<figure class=\"wp-block-image size-large\"><img decoding=\"async\" width=\"600\" height=\"356\" data-id=\"6186\" src=\"https:\/\/essencialmaquinas.com.br\/blog\/wp-content\/uploads\/2025\/09\/maquina-cafe-dr-coffee-h10-frente.webp\" alt=\"\" class=\"wp-image-6186\" srcset=\"https:\/\/essencialmaquinas.com.br\/blog\/wp-content\/uploads\/2025\/09\/maquina-cafe-dr-coffee-h10-frente.webp 600w, https:\/\/essencialmaquinas.com.br\/blog\/wp-content\/uploads\/2025\/09\/maquina-cafe-dr-coffee-h10-frente-300x178.webp 300w\" sizes=\"(max-width: 600px) 100vw, 600px\" \/><\/figure>\n\n\n\n<figure class=\"wp-block-image size-large\"><img decoding=\"async\" width=\"600\" height=\"356\" data-id=\"6187\" src=\"https:\/\/essencialmaquinas.com.br\/blog\/wp-content\/uploads\/2025\/09\/maquina-cafe-dr-coffee-h10-traseira.webp\" alt=\"\" class=\"wp-image-6187\" srcset=\"https:\/\/essencialmaquinas.com.br\/blog\/wp-content\/uploads\/2025\/09\/maquina-cafe-dr-coffee-h10-traseira.webp 600w, https:\/\/essencialmaquinas.com.br\/blog\/wp-content\/uploads\/2025\/09\/maquina-cafe-dr-coffee-h10-traseira-300x178.webp 300w\" sizes=\"(max-width: 600px) 100vw, 600px\" \/><\/figure>\n<\/figure>\n\n\n\n<div class=\"wp-block-buttons is-content-justification-center is-layout-flex wp-container-core-buttons-is-layout-16018d1d wp-block-buttons-is-layout-flex\">\n<div class=\"wp-block-button\"><a class=\"wp-block-button__link has-luminous-vivid-orange-background-color has-background has-small-font-size has-custom-font-size wp-element-button\" href=\"https:\/\/essencialmaquinas.com.br\/produtos\/maquina-de-cafe-dr-coffee-h10-venda-locacao\"><strong>M\u00e1quina de Caf\u00e9 DR. Coffee H10<\/strong><\/a><\/div>\n<\/div>\n\n\n\n<div style=\"height:3rem\" aria-hidden=\"true\" class=\"wp-block-spacer\"><\/div>\n\n\n\n<p><strong>Por que escolher a Essencial M\u00e1quinas de Caf\u00e9?<\/strong><\/p>\n\n\n\n<ul class=\"wp-block-list\">\n<li>Melhor avalia\u00e7\u00e3o dos clientes no Google.<br><\/li>\n\n\n\n<li>Especialista em venda e loca\u00e7\u00e3o de m\u00e1quinas autom\u00e1ticas.<br><\/li>\n\n\n\n<li>Suporte t\u00e9cnico r\u00e1pido e eficiente em Porto Alegre e regi\u00e3o.<br><\/li>\n\n\n\n<li>Portf\u00f3lio de marcas reconhecidas internacionalmente.<br><\/li>\n\n\n\n<li>Experi\u00eancia no atendimento a empresas de diversos segmentos.<br><\/li>\n<\/ul>\n\n\n\n<p>A Essencial entende que caf\u00e9 \u00e9 mais do que bebida: \u00e9 acolhimento, produtividade e bons momentos.<\/p>\n\n\n\n<p><strong>Invista em bons momentos&nbsp;<\/strong><\/p>\n\n\n\n<p>Seja para um pequeno consult\u00f3rio ou para uma grande empresa, existe uma m\u00e1quina certa para o seu ambiente. E com a Essencial, voc\u00ea tem a garantia de caf\u00e9 de qualidade, manuten\u00e7\u00e3o garantida e suporte sempre por perto.<\/p>\n\n\n\n<p>Entre em contato agora mesmo e solicite um or\u00e7amento para venda ou loca\u00e7\u00e3o de m\u00e1quinas de caf\u00e9 em Porto Alegre.<\/p>\n\n\n\n<p>Transforme o seu ambiente com o sabor de um bom espresso todos os dias.<\/p>\n\n\n\n<p><\/p>\n","protected":false},"excerpt":{"rendered":"<p>Quem n\u00e3o gosta de um bom caf\u00e9 para come\u00e7ar o dia ou para dar aquela pausa revigorante durante o trabalho? Em escrit\u00f3rios, cl\u00ednicas, empresas ou&#8230;<\/p>\n","protected":false},"author":4,"featured_media":6194,"comment_status":"closed","ping_status":"closed","sticky":false,"template":"","format":"standard","meta":{"footnotes":""},"categories":[26,23],"tags":[],"class_list":{"0":"post-6182","1":"post","2":"type-post","3":"status-publish","4":"format-standard","5":"has-post-thumbnail","7":"category-dicas","8":"category-maquinas-de-cafe"},"yoast_head":"<!-- This site is optimized with the Yoast SEO plugin v27.5 - https:\/\/yoast.com\/product\/yoast-seo-wordpress\/ -->\n<title>Aluguel de M\u00e1quina de Caf\u00e9 em Porto Alegre | Essencial Caf\u00e9<\/title>\n<meta name=\"description\" content=\"Aluguel de m\u00e1quina de caf\u00e9 em Porto Alegre com a Essencial Caf\u00e9. Qualidade, praticidade e custo-benef\u00edcio para empresas e escrit\u00f3rios. Solicite j\u00e1\" \/>\n<meta name=\"robots\" content=\"index, follow, max-snippet:-1, max-image-preview:large, max-video-preview:-1\" \/>\n<link rel=\"canonical\" href=\"https:\/\/essencialmaquinas.com.br\/blog\/aluguel-maquina-cafe-porto-alegre\/\" \/>\n<meta property=\"og:locale\" content=\"pt_BR\" \/>\n<meta property=\"og:type\" content=\"article\" \/>\n<meta property=\"og:title\" content=\"Aluguel de M\u00e1quina de Caf\u00e9 em Porto Alegre | Essencial Caf\u00e9\" \/>\n<meta property=\"og:description\" content=\"Aluguel de m\u00e1quina de caf\u00e9 em Porto Alegre com a Essencial Caf\u00e9. Qualidade, praticidade e custo-benef\u00edcio para empresas e escrit\u00f3rios. Solicite j\u00e1\" \/>\n<meta property=\"og:url\" content=\"https:\/\/essencialmaquinas.com.br\/blog\/aluguel-maquina-cafe-porto-alegre\/\" \/>\n<meta property=\"og:site_name\" content=\"Essencial M\u00e1quinas de Caf\u00e9\" \/>\n<meta property=\"article:publisher\" content=\"https:\/\/www.facebook.com\/essencialmaquinas\/\" \/>\n<meta property=\"article:published_time\" content=\"2025-09-29T17:58:22+00:00\" \/>\n<meta property=\"article:modified_time\" content=\"2025-09-29T19:27:38+00:00\" \/>\n<meta property=\"og:image\" content=\"https:\/\/essencialmaquinas.com.br\/blog\/wp-content\/uploads\/2025\/09\/coffee_machines_porto_alegre-1.webp\" \/>\n\t<meta property=\"og:image:width\" content=\"1536\" \/>\n\t<meta property=\"og:image:height\" content=\"1024\" \/>\n\t<meta property=\"og:image:type\" content=\"image\/webp\" \/>\n<meta name=\"author\" content=\"Diogo Negrello\" \/>\n<meta name=\"twitter:card\" content=\"summary_large_image\" \/>\n<meta name=\"twitter:label1\" content=\"Escrito por\" \/>\n\t<meta name=\"twitter:data1\" content=\"Diogo Negrello\" \/>\n\t<meta name=\"twitter:label2\" content=\"Est. tempo de leitura\" \/>\n\t<meta name=\"twitter:data2\" content=\"3 minutos\" \/>\n<script type=\"application\/ld+json\" class=\"yoast-schema-graph\">{\"@context\":\"https:\\\/\\\/schema.org\",\"@graph\":[{\"@type\":\"Article\",\"@id\":\"https:\\\/\\\/essencialmaquinas.com.br\\\/blog\\\/aluguel-maquina-cafe-porto-alegre\\\/#article\",\"isPartOf\":{\"@id\":\"https:\\\/\\\/essencialmaquinas.com.br\\\/blog\\\/aluguel-maquina-cafe-porto-alegre\\\/\"},\"author\":{\"name\":\"Diogo Negrello\",\"@id\":\"https:\\\/\\\/essencialmaquinas.com.br\\\/#\\\/schema\\\/person\\\/c321763d791f5ab47f06f495e1c03e24\"},\"headline\":\"Aluguel de M\u00e1quina de Caf\u00e9 em Porto Alegre: experi\u00eancia e qualidade com a Essencial M\u00e1quinas de Caf\u00e9\",\"datePublished\":\"2025-09-29T17:58:22+00:00\",\"dateModified\":\"2025-09-29T19:27:38+00:00\",\"mainEntityOfPage\":{\"@id\":\"https:\\\/\\\/essencialmaquinas.com.br\\\/blog\\\/aluguel-maquina-cafe-porto-alegre\\\/\"},\"wordCount\":568,\"publisher\":{\"@id\":\"https:\\\/\\\/essencialmaquinas.com.br\\\/#organization\"},\"image\":{\"@id\":\"https:\\\/\\\/essencialmaquinas.com.br\\\/blog\\\/aluguel-maquina-cafe-porto-alegre\\\/#primaryimage\"},\"thumbnailUrl\":\"https:\\\/\\\/essencialmaquinas.com.br\\\/blog\\\/wp-content\\\/uploads\\\/2025\\\/09\\\/coffee_machines_porto_alegre-1.webp\",\"articleSection\":[\"Dicas\",\"M\u00e1quinas de Caf\u00e9\"],\"inLanguage\":\"pt-BR\"},{\"@type\":\"WebPage\",\"@id\":\"https:\\\/\\\/essencialmaquinas.com.br\\\/blog\\\/aluguel-maquina-cafe-porto-alegre\\\/\",\"url\":\"https:\\\/\\\/essencialmaquinas.com.br\\\/blog\\\/aluguel-maquina-cafe-porto-alegre\\\/\",\"name\":\"Aluguel de M\u00e1quina de Caf\u00e9 em Porto Alegre | Essencial Caf\u00e9\",\"isPartOf\":{\"@id\":\"https:\\\/\\\/essencialmaquinas.com.br\\\/#website\"},\"primaryImageOfPage\":{\"@id\":\"https:\\\/\\\/essencialmaquinas.com.br\\\/blog\\\/aluguel-maquina-cafe-porto-alegre\\\/#primaryimage\"},\"image\":{\"@id\":\"https:\\\/\\\/essencialmaquinas.com.br\\\/blog\\\/aluguel-maquina-cafe-porto-alegre\\\/#primaryimage\"},\"thumbnailUrl\":\"https:\\\/\\\/essencialmaquinas.com.br\\\/blog\\\/wp-content\\\/uploads\\\/2025\\\/09\\\/coffee_machines_porto_alegre-1.webp\",\"datePublished\":\"2025-09-29T17:58:22+00:00\",\"dateModified\":\"2025-09-29T19:27:38+00:00\",\"description\":\"Aluguel de m\u00e1quina de caf\u00e9 em Porto Alegre com a Essencial Caf\u00e9. Qualidade, praticidade e custo-benef\u00edcio para empresas e escrit\u00f3rios. Solicite j\u00e1\",\"breadcrumb\":{\"@id\":\"https:\\\/\\\/essencialmaquinas.com.br\\\/blog\\\/aluguel-maquina-cafe-porto-alegre\\\/#breadcrumb\"},\"inLanguage\":\"pt-BR\",\"potentialAction\":[{\"@type\":\"ReadAction\",\"target\":[\"https:\\\/\\\/essencialmaquinas.com.br\\\/blog\\\/aluguel-maquina-cafe-porto-alegre\\\/\"]}]},{\"@type\":\"ImageObject\",\"inLanguage\":\"pt-BR\",\"@id\":\"https:\\\/\\\/essencialmaquinas.com.br\\\/blog\\\/aluguel-maquina-cafe-porto-alegre\\\/#primaryimage\",\"url\":\"https:\\\/\\\/essencialmaquinas.com.br\\\/blog\\\/wp-content\\\/uploads\\\/2025\\\/09\\\/coffee_machines_porto_alegre-1.webp\",\"contentUrl\":\"https:\\\/\\\/essencialmaquinas.com.br\\\/blog\\\/wp-content\\\/uploads\\\/2025\\\/09\\\/coffee_machines_porto_alegre-1.webp\",\"width\":1536,\"height\":1024,\"caption\":\"M\u00e1quinas de caf\u00e9 modernas H10 Dr.coffee e Spim Trevi em escrit\u00f3rio com vista para Porto Alegre, representando aluguel de m\u00e1quinas de caf\u00e9 com experi\u00eancia e qualidade da Essencial M\u00e1quinas de Caf\u00e9.\"},{\"@type\":\"BreadcrumbList\",\"@id\":\"https:\\\/\\\/essencialmaquinas.com.br\\\/blog\\\/aluguel-maquina-cafe-porto-alegre\\\/#breadcrumb\",\"itemListElement\":[{\"@type\":\"ListItem\",\"position\":1,\"name\":\"In\u00edcio\",\"item\":\"https:\\\/\\\/essencialmaquinas.com.br\\\/blog\\\/\"},{\"@type\":\"ListItem\",\"position\":2,\"name\":\"M\u00e1quinas de Caf\u00e9\",\"item\":\"https:\\\/\\\/essencialmaquinas.com.br\\\/blog\\\/category\\\/maquinas-de-cafe\\\/\"},{\"@type\":\"ListItem\",\"position\":3,\"name\":\"Aluguel de M\u00e1quina de Caf\u00e9 em Porto Alegre: experi\u00eancia e qualidade com a Essencial M\u00e1quinas de Caf\u00e9\"}]},{\"@type\":\"WebSite\",\"@id\":\"https:\\\/\\\/essencialmaquinas.com.br\\\/#website\",\"url\":\"https:\\\/\\\/essencialmaquinas.com.br\\\/\",\"name\":\"Essencial M\u00e1quinas de Caf\u00e9\",\"description\":\"Novidades e curiosidades sobre as m\u00e1quinas de caf\u00e9 e insumos\",\"publisher\":{\"@id\":\"https:\\\/\\\/essencialmaquinas.com.br\\\/#organization\"},\"potentialAction\":[{\"@type\":\"SearchAction\",\"target\":{\"@type\":\"EntryPoint\",\"urlTemplate\":\"https:\\\/\\\/essencialmaquinas.com.br\\\/?s={search_term_string}\"},\"query-input\":{\"@type\":\"PropertyValueSpecification\",\"valueRequired\":true,\"valueName\":\"search_term_string\"}}],\"inLanguage\":\"pt-BR\"},{\"@type\":\"Organization\",\"@id\":\"https:\\\/\\\/essencialmaquinas.com.br\\\/#organization\",\"name\":\"Essencial M\u00e1quinas de Caf\u00e9\",\"url\":\"https:\\\/\\\/essencialmaquinas.com.br\\\/\",\"logo\":{\"@type\":\"ImageObject\",\"inLanguage\":\"pt-BR\",\"@id\":\"https:\\\/\\\/essencialmaquinas.com.br\\\/#\\\/schema\\\/logo\\\/image\\\/\",\"url\":\"https:\\\/\\\/essencialmaquinas.com.br\\\/blog\\\/wp-content\\\/uploads\\\/2021\\\/12\\\/essencial-maquinas-logo.png\",\"contentUrl\":\"https:\\\/\\\/essencialmaquinas.com.br\\\/blog\\\/wp-content\\\/uploads\\\/2021\\\/12\\\/essencial-maquinas-logo.png\",\"width\":250,\"height\":67,\"caption\":\"Essencial M\u00e1quinas de Caf\u00e9\"},\"image\":{\"@id\":\"https:\\\/\\\/essencialmaquinas.com.br\\\/#\\\/schema\\\/logo\\\/image\\\/\"},\"sameAs\":[\"https:\\\/\\\/www.facebook.com\\\/essencialmaquinas\\\/\",\"https:\\\/\\\/www.instagram.com\\\/essencial_maquinas\\\/\",\"https:\\\/\\\/www.youtube.com\\\/channel\\\/UCRV9nmg2xPS4gy_Lil7BWVQ\"]},{\"@type\":\"Person\",\"@id\":\"https:\\\/\\\/essencialmaquinas.com.br\\\/#\\\/schema\\\/person\\\/c321763d791f5ab47f06f495e1c03e24\",\"name\":\"Diogo Negrello\",\"image\":{\"@type\":\"ImageObject\",\"inLanguage\":\"pt-BR\",\"@id\":\"https:\\\/\\\/essencialmaquinas.com.br\\\/blog\\\/wp-content\\\/uploads\\\/2025\\\/10\\\/cropped-diogo-negrello-96x96.webp\",\"url\":\"https:\\\/\\\/essencialmaquinas.com.br\\\/blog\\\/wp-content\\\/uploads\\\/2025\\\/10\\\/cropped-diogo-negrello-96x96.webp\",\"contentUrl\":\"https:\\\/\\\/essencialmaquinas.com.br\\\/blog\\\/wp-content\\\/uploads\\\/2025\\\/10\\\/cropped-diogo-negrello-96x96.webp\",\"caption\":\"Diogo Negrello\"},\"description\":\"Diogo Artur Negrello \u00e9 CEO da Essencial M\u00e1quinas de Caf\u00e9, sediada em Porto Alegre (RS). Formado pela PUC-RS, Diogo lidera a empresa desde sua funda\u00e7\u00e3o em 2015, atuando no mercado de loca\u00e7\u00e3o, venda e manuten\u00e7\u00e3o de m\u00e1quinas autom\u00e1ticas de caf\u00e9 para ambientes corporativos e eventos. Com foco em excel\u00eancia, inova\u00e7\u00e3o e experi\u00eancia de consumo, acredita que \u201cuma boa x\u00edcara de caf\u00e9 pode ser o come\u00e7o de grandes ideias\u201d. Fora do expediente, \u00e9 casado, torcedor do SC Internacional e est\u00e1 sempre aprendendo. Siga-o no Instagram @diogonegrello para acompanhar sua vis\u00e3o e a trajet\u00f3ria da Essencial M\u00e1quinas de Caf\u00e9.\",\"sameAs\":[\"https:\\\/\\\/essencialmaquinas.com.br\\\/\",\"https:\\\/\\\/www.instagram.com\\\/diogonegrello\\\/\"],\"url\":\"https:\\\/\\\/essencialmaquinas.com.br\\\/blog\\\/author\\\/negrello_diogo_redator\\\/\"}]}<\/script>\n<!-- \/ Yoast SEO plugin. -->","yoast_head_json":{"title":"Aluguel de M\u00e1quina de Caf\u00e9 em Porto Alegre | Essencial Caf\u00e9","description":"Aluguel de m\u00e1quina de caf\u00e9 em Porto Alegre com a Essencial Caf\u00e9. Qualidade, praticidade e custo-benef\u00edcio para empresas e escrit\u00f3rios. Solicite j\u00e1","robots":{"index":"index","follow":"follow","max-snippet":"max-snippet:-1","max-image-preview":"max-image-preview:large","max-video-preview":"max-video-preview:-1"},"canonical":"https:\/\/essencialmaquinas.com.br\/blog\/aluguel-maquina-cafe-porto-alegre\/","og_locale":"pt_BR","og_type":"article","og_title":"Aluguel de M\u00e1quina de Caf\u00e9 em Porto Alegre | Essencial Caf\u00e9","og_description":"Aluguel de m\u00e1quina de caf\u00e9 em Porto Alegre com a Essencial Caf\u00e9. Qualidade, praticidade e custo-benef\u00edcio para empresas e escrit\u00f3rios. Solicite j\u00e1","og_url":"https:\/\/essencialmaquinas.com.br\/blog\/aluguel-maquina-cafe-porto-alegre\/","og_site_name":"Essencial M\u00e1quinas de Caf\u00e9","article_publisher":"https:\/\/www.facebook.com\/essencialmaquinas\/","article_published_time":"2025-09-29T17:58:22+00:00","article_modified_time":"2025-09-29T19:27:38+00:00","og_image":[{"width":1536,"height":1024,"url":"https:\/\/essencialmaquinas.com.br\/blog\/wp-content\/uploads\/2025\/09\/coffee_machines_porto_alegre-1.webp","type":"image\/webp"}],"author":"Diogo Negrello","twitter_card":"summary_large_image","twitter_misc":{"Escrito por":"Diogo Negrello","Est. tempo de leitura":"3 minutos"},"schema":{"@context":"https:\/\/schema.org","@graph":[{"@type":"Article","@id":"https:\/\/essencialmaquinas.com.br\/blog\/aluguel-maquina-cafe-porto-alegre\/#article","isPartOf":{"@id":"https:\/\/essencialmaquinas.com.br\/blog\/aluguel-maquina-cafe-porto-alegre\/"},"author":{"name":"Diogo Negrello","@id":"https:\/\/essencialmaquinas.com.br\/#\/schema\/person\/c321763d791f5ab47f06f495e1c03e24"},"headline":"Aluguel de M\u00e1quina de Caf\u00e9 em Porto Alegre: experi\u00eancia e qualidade com a Essencial M\u00e1quinas de Caf\u00e9","datePublished":"2025-09-29T17:58:22+00:00","dateModified":"2025-09-29T19:27:38+00:00","mainEntityOfPage":{"@id":"https:\/\/essencialmaquinas.com.br\/blog\/aluguel-maquina-cafe-porto-alegre\/"},"wordCount":568,"publisher":{"@id":"https:\/\/essencialmaquinas.com.br\/#organization"},"image":{"@id":"https:\/\/essencialmaquinas.com.br\/blog\/aluguel-maquina-cafe-porto-alegre\/#primaryimage"},"thumbnailUrl":"https:\/\/essencialmaquinas.com.br\/blog\/wp-content\/uploads\/2025\/09\/coffee_machines_porto_alegre-1.webp","articleSection":["Dicas","M\u00e1quinas de Caf\u00e9"],"inLanguage":"pt-BR"},{"@type":"WebPage","@id":"https:\/\/essencialmaquinas.com.br\/blog\/aluguel-maquina-cafe-porto-alegre\/","url":"https:\/\/essencialmaquinas.com.br\/blog\/aluguel-maquina-cafe-porto-alegre\/","name":"Aluguel de M\u00e1quina de Caf\u00e9 em Porto Alegre | Essencial Caf\u00e9","isPartOf":{"@id":"https:\/\/essencialmaquinas.com.br\/#website"},"primaryImageOfPage":{"@id":"https:\/\/essencialmaquinas.com.br\/blog\/aluguel-maquina-cafe-porto-alegre\/#primaryimage"},"image":{"@id":"https:\/\/essencialmaquinas.com.br\/blog\/aluguel-maquina-cafe-porto-alegre\/#primaryimage"},"thumbnailUrl":"https:\/\/essencialmaquinas.com.br\/blog\/wp-content\/uploads\/2025\/09\/coffee_machines_porto_alegre-1.webp","datePublished":"2025-09-29T17:58:22+00:00","dateModified":"2025-09-29T19:27:38+00:00","description":"Aluguel de m\u00e1quina de caf\u00e9 em Porto Alegre com a Essencial Caf\u00e9. Qualidade, praticidade e custo-benef\u00edcio para empresas e escrit\u00f3rios. Solicite j\u00e1","breadcrumb":{"@id":"https:\/\/essencialmaquinas.com.br\/blog\/aluguel-maquina-cafe-porto-alegre\/#breadcrumb"},"inLanguage":"pt-BR","potentialAction":[{"@type":"ReadAction","target":["https:\/\/essencialmaquinas.com.br\/blog\/aluguel-maquina-cafe-porto-alegre\/"]}]},{"@type":"ImageObject","inLanguage":"pt-BR","@id":"https:\/\/essencialmaquinas.com.br\/blog\/aluguel-maquina-cafe-porto-alegre\/#primaryimage","url":"https:\/\/essencialmaquinas.com.br\/blog\/wp-content\/uploads\/2025\/09\/coffee_machines_porto_alegre-1.webp","contentUrl":"https:\/\/essencialmaquinas.com.br\/blog\/wp-content\/uploads\/2025\/09\/coffee_machines_porto_alegre-1.webp","width":1536,"height":1024,"caption":"M\u00e1quinas de caf\u00e9 modernas H10 Dr.coffee e Spim Trevi em escrit\u00f3rio com vista para Porto Alegre, representando aluguel de m\u00e1quinas de caf\u00e9 com experi\u00eancia e qualidade da Essencial M\u00e1quinas de Caf\u00e9."},{"@type":"BreadcrumbList","@id":"https:\/\/essencialmaquinas.com.br\/blog\/aluguel-maquina-cafe-porto-alegre\/#breadcrumb","itemListElement":[{"@type":"ListItem","position":1,"name":"In\u00edcio","item":"https:\/\/essencialmaquinas.com.br\/blog\/"},{"@type":"ListItem","position":2,"name":"M\u00e1quinas de Caf\u00e9","item":"https:\/\/essencialmaquinas.com.br\/blog\/category\/maquinas-de-cafe\/"},{"@type":"ListItem","position":3,"name":"Aluguel de M\u00e1quina de Caf\u00e9 em Porto Alegre: experi\u00eancia e qualidade com a Essencial M\u00e1quinas de Caf\u00e9"}]},{"@type":"WebSite","@id":"https:\/\/essencialmaquinas.com.br\/#website","url":"https:\/\/essencialmaquinas.com.br\/","name":"Essencial M\u00e1quinas de Caf\u00e9","description":"Novidades e curiosidades sobre as m\u00e1quinas de caf\u00e9 e insumos","publisher":{"@id":"https:\/\/essencialmaquinas.com.br\/#organization"},"potentialAction":[{"@type":"SearchAction","target":{"@type":"EntryPoint","urlTemplate":"https:\/\/essencialmaquinas.com.br\/?s={search_term_string}"},"query-input":{"@type":"PropertyValueSpecification","valueRequired":true,"valueName":"search_term_string"}}],"inLanguage":"pt-BR"},{"@type":"Organization","@id":"https:\/\/essencialmaquinas.com.br\/#organization","name":"Essencial M\u00e1quinas de Caf\u00e9","url":"https:\/\/essencialmaquinas.com.br\/","logo":{"@type":"ImageObject","inLanguage":"pt-BR","@id":"https:\/\/essencialmaquinas.com.br\/#\/schema\/logo\/image\/","url":"https:\/\/essencialmaquinas.com.br\/blog\/wp-content\/uploads\/2021\/12\/essencial-maquinas-logo.png","contentUrl":"https:\/\/essencialmaquinas.com.br\/blog\/wp-content\/uploads\/2021\/12\/essencial-maquinas-logo.png","width":250,"height":67,"caption":"Essencial M\u00e1quinas de Caf\u00e9"},"image":{"@id":"https:\/\/essencialmaquinas.com.br\/#\/schema\/logo\/image\/"},"sameAs":["https:\/\/www.facebook.com\/essencialmaquinas\/","https:\/\/www.instagram.com\/essencial_maquinas\/","https:\/\/www.youtube.com\/channel\/UCRV9nmg2xPS4gy_Lil7BWVQ"]},{"@type":"Person","@id":"https:\/\/essencialmaquinas.com.br\/#\/schema\/person\/c321763d791f5ab47f06f495e1c03e24","name":"Diogo Negrello","image":{"@type":"ImageObject","inLanguage":"pt-BR","@id":"https:\/\/essencialmaquinas.com.br\/blog\/wp-content\/uploads\/2025\/10\/cropped-diogo-negrello-96x96.webp","url":"https:\/\/essencialmaquinas.com.br\/blog\/wp-content\/uploads\/2025\/10\/cropped-diogo-negrello-96x96.webp","contentUrl":"https:\/\/essencialmaquinas.com.br\/blog\/wp-content\/uploads\/2025\/10\/cropped-diogo-negrello-96x96.webp","caption":"Diogo Negrello"},"description":"Diogo Artur Negrello \u00e9 CEO da Essencial M\u00e1quinas de Caf\u00e9, sediada em Porto Alegre (RS). Formado pela PUC-RS, Diogo lidera a empresa desde sua funda\u00e7\u00e3o em 2015, atuando no mercado de loca\u00e7\u00e3o, venda e manuten\u00e7\u00e3o de m\u00e1quinas autom\u00e1ticas de caf\u00e9 para ambientes corporativos e eventos. Com foco em excel\u00eancia, inova\u00e7\u00e3o e experi\u00eancia de consumo, acredita que \u201cuma boa x\u00edcara de caf\u00e9 pode ser o come\u00e7o de grandes ideias\u201d. Fora do expediente, \u00e9 casado, torcedor do SC Internacional e est\u00e1 sempre aprendendo. Siga-o no Instagram @diogonegrello para acompanhar sua vis\u00e3o e a trajet\u00f3ria da Essencial M\u00e1quinas de Caf\u00e9.","sameAs":["https:\/\/essencialmaquinas.com.br\/","https:\/\/www.instagram.com\/diogonegrello\/"],"url":"https:\/\/essencialmaquinas.com.br\/blog\/author\/negrello_diogo_redator\/"}]}},"_links":{"self":[{"href":"https:\/\/essencialmaquinas.com.br\/blog\/wp-json\/wp\/v2\/posts\/6182","targetHints":{"allow":["GET"]}}],"collection":[{"href":"https:\/\/essencialmaquinas.com.br\/blog\/wp-json\/wp\/v2\/posts"}],"about":[{"href":"https:\/\/essencialmaquinas.com.br\/blog\/wp-json\/wp\/v2\/types\/post"}],"author":[{"embeddable":true,"href":"https:\/\/essencialmaquinas.com.br\/blog\/wp-json\/wp\/v2\/users\/4"}],"replies":[{"embeddable":true,"href":"https:\/\/essencialmaquinas.com.br\/blog\/wp-json\/wp\/v2\/comments?post=6182"}],"version-history":[{"count":3,"href":"https:\/\/essencialmaquinas.com.br\/blog\/wp-json\/wp\/v2\/posts\/6182\/revisions"}],"predecessor-version":[{"id":6190,"href":"https:\/\/essencialmaquinas.com.br\/blog\/wp-json\/wp\/v2\/posts\/6182\/revisions\/6190"}],"wp:featuredmedia":[{"embeddable":true,"href":"https:\/\/essencialmaquinas.com.br\/blog\/wp-json\/wp\/v2\/media\/6194"}],"wp:attachment":[{"href":"https:\/\/essencialmaquinas.com.br\/blog\/wp-json\/wp\/v2\/media?parent=6182"}],"wp:term":[{"taxonomy":"category","embeddable":true,"href":"https:\/\/essencialmaquinas.com.br\/blog\/wp-json\/wp\/v2\/categories?post=6182"},{"taxonomy":"post_tag","embeddable":true,"href":"https:\/\/essencialmaquinas.com.br\/blog\/wp-json\/wp\/v2\/tags?post=6182"}],"curies":[{"name":"wp","href":"https:\/\/api.w.org\/{rel}","templated":true}]}}