{"id":6199,"date":"2025-10-23T10:15:55","date_gmt":"2025-10-23T13:15:55","guid":{"rendered":"https:\/\/blog.essencialmaquinas.com.br\/?p=6199"},"modified":"2025-10-23T10:20:30","modified_gmt":"2025-10-23T13:20:30","slug":"cantinho-do-cafe-corporativo-dicas-para-um-espaco-inspirador","status":"publish","type":"post","link":"https:\/\/essencialmaquinas.com.br\/blog\/cantinho-do-cafe-corporativo-dicas-para-um-espaco-inspirador\/","title":{"rendered":"Cantinho do Caf\u00e9 Corporativo: Como Criar um Espa\u00e7o que Inspire Criatividade"},"content":{"rendered":"\n<p>Voc\u00ea j\u00e1 reparou que as melhores ideias costumam surgir com uma boa x\u00edcara de caf\u00e9?<\/p>\n\n\n\n<p>Em muitas empresas, o cantinho do caf\u00e9 deixou de ser apenas um local de pausa para se tornar um verdadeiro ponto de encontro de ideias, conex\u00f5es e criatividade.<\/p>\n\n\n\n<p>Mas o que faz desse espa\u00e7o algo t\u00e3o essencial dentro de um ambiente corporativo moderno? E como montar um cantinho do caf\u00e9 que realmente inspire?<\/p>\n\n\n\n<p>Acompanhe com a sua caneca favorita \u2014 e vamos conversar sobre isso.<\/p>\n\n\n\n<h2 class=\"wp-block-heading\">Por que o cantinho do caf\u00e9 \u00e9 t\u00e3o importante?<\/h2>\n\n\n\n<p>Pense naquele momento entre uma reuni\u00e3o e outra. A cabe\u00e7a est\u00e1 cheia, o corpo pede uma pausa e o caf\u00e9 surge como um abra\u00e7o quente.<\/p>\n\n\n\n<p>\u00c9 nesse instante que a mente descansa \u2014 e a criatividade desperta.<\/p>\n\n\n\n<p>Diversos estudos mostram que pequenas pausas durante o expediente aumentam a produtividade e melhoram o foco. O caf\u00e9, al\u00e9m de ser um estimulante natural, cria uma atmosfera de acolhimento que favorece trocas e colabora\u00e7\u00f5es.<\/p>\n\n\n\n<p>O resultado? Equipes mais conectadas, ideias mais flu\u00eddas e um ambiente de trabalho mais humano.<\/p>\n\n\n\n<h2 class=\"wp-block-heading\">Como montar o cantinho do caf\u00e9 ideal para sua empresa<\/h2>\n\n\n\n<ol class=\"wp-block-list\">\n<li>Escolha do local e tamanho do espa\u00e7o<br><br>Busque um espa\u00e7o de f\u00e1cil acesso para todos, mas com certa privacidade. Um cantinho pr\u00f3ximo a uma janela com luz natural ajuda a criar um clima leve e inspirador.<br><\/li>\n\n\n\n<li>Invista na experi\u00eancia do caf\u00e9<br><br>Aqui entra a <a href=\"https:\/\/essencialmaquinas.com.br\/\">Essencial M\u00e1quinas<\/a> \u2014 refer\u00eancia na loca\u00e7\u00e3o, venda e comodato de m\u00e1quinas de caf\u00e9 expresso e bebidas quentes autom\u00e1ticas.<strong><br><br><\/strong> A empresa, fundada em 2015, atua com uma estrutura completa de aluguel de m\u00e1quinas para empresas, eventos, contratos de comodato e venda, oferecendo manuten\u00e7\u00e3o, insumos e suporte t\u00e9cnico incluso.<br><br>O aroma que se espalha, o som do caf\u00e9 sendo preparado e o sabor encorpado estimulam todos os sentidos e ajudam o c\u00e9rebro a entrar num estado criativo.<br><br>Dica: ofere\u00e7a op\u00e7\u00f5es variadas \u2014 expresso, cappuccino, mocha \u2014 para que cada colaborador encontre sua pausa ideal.<br><\/li>\n\n\n\n<li>Crie um ambiente acolhedor<br><br>Use plantas, quadros e cores quentes para dar vida ao espa\u00e7o. Verde e tons terrosos remetem \u00e0 natureza e ao pr\u00f3prio gr\u00e3o do caf\u00e9.<br><br>Frases inspiradoras, como \u201cGrandes ideias nascem de pequenas pausas,\u201d ajudam a lembrar o valor do momento.<br><\/li>\n\n\n\n<li>Ofere\u00e7a conforto<br><br>Poltronas acolhedoras, bancos altos ou um sof\u00e1 transformam o cantinho em espa\u00e7o de descontra\u00e7\u00e3o criativa. Quanto mais confort\u00e1vel o colaborador estiver, mais ideias ir\u00e3o fluir.<br><\/li>\n\n\n\n<li>Estimule o compartilhamento<br><br>Um quadro de recados, livros ou at\u00e9 playlists colaborativas transformam o cantinho do caf\u00e9 num ponto de troca de inspira\u00e7\u00f5es.<br><\/li>\n<\/ol>\n\n\n\n<h2 class=\"wp-block-heading\">Caf\u00e9 e criatividade: uma combina\u00e7\u00e3o essencial<\/h2>\n\n\n\n<p>A cafe\u00edna estimula o sistema nervoso central, aumentando foco, energia e capacidade de resolver problemas.<\/p>\n\n\n\n<p>Mas o que realmente faz diferen\u00e7a \u00e9 o ritual do caf\u00e9 \u2014 aquele momento de pausa consciente que abre espa\u00e7o para novas ideias.<\/p>\n\n\n\n<p>Quando a empresa oferece isso com qualidade, demonstra cuidado com seu time, promove bem-estar e refor\u00e7a um ambiente colaborativo e criativo.<\/p>\n\n\n\n<h2 class=\"wp-block-heading\">Transforme seu espa\u00e7o com a Essencial M\u00e1quinas<\/h2>\n\n\n\n<p>Montar um cantinho do caf\u00e9 \u00e9 mais do que decorar: \u00e9 cultivar uma cultura de inspira\u00e7\u00e3o, acolhimento e boas ideias.<\/p>\n\n\n\n<p>Com as solu\u00e7\u00f5es da Essencial M\u00e1quinas \u2014 m\u00e1quinas modernas, manuten\u00e7\u00e3o inclusa, insumos e suporte \u2014 voc\u00ea pode oferecer uma experi\u00eancia premium, pr\u00e1tica e confi\u00e1vel para seu escrit\u00f3rio.<\/p>\n\n\n\n<p>Leve mais aroma, sabor e criatividade para o seu ambiente. <a href=\"https:\/\/essencialmaquinas.com.br\/contato-essencial-maquinas-de-cafe\">Entre em contato<\/a> com a Essencial M\u00e1quinas e descubra como tornar seu caf\u00e9 um ponto de inspira\u00e7\u00e3o.<\/p>\n\n\n\n<p><strong>Cr\u00e9dito da(s) foto(s):<\/strong><br>https:\/\/br.freepik.com\/fotos-gratis\/colegas-comendo-pizza-e-cafe-durante-um-intervalo-de-reuniao-de-escritorio_12065618.htm<\/p>\n\n\n\n<div class=\"wp-block-group is-layout-flow wp-block-group-is-layout-flow\">\n<div class=\"wp-block-cover aligncenter has-parallax is-light has-white-color has-text-color has-link-color wp-elements-7bd5d06bb064756df6c127ce23aab4b7\" style=\"min-height:20rem;aspect-ratio:unset;\"><span aria-hidden=\"true\" class=\"wp-block-cover__background has-background-dim-0 has-background-dim\"><\/span><div class=\"wp-block-cover__image-background wp-image-5948 has-parallax\" style=\"background-position:50% 50%;background-image:url(https:\/\/essencialmaquinas.com.br\/blog\/wp-content\/uploads\/2021\/12\/coffee-cup-parallax.jpg)\"><\/div><div class=\"wp-block-cover__inner-container is-layout-flow wp-block-cover-is-layout-flow\">\n<div class=\"wp-block-columns is-layout-flex wp-container-core-columns-is-layout-9d6595d7 wp-block-columns-is-layout-flex\">\n<div class=\"wp-block-column is-layout-flow wp-block-column-is-layout-flow\" style=\"flex-basis:69%\">\n<div class=\"wp-block-buttons is-layout-flex wp-block-buttons-is-layout-flex\">\n<div class=\"wp-block-button has-custom-font-size is-style-outline is-style-outline--1\" style=\"font-size:15px\"><a class=\"wp-block-button__link wp-element-button\" href=\"https:\/\/essencialmaquinas.com.br\/aluguel-de-maquina-de-cafe\" target=\"_blank\" rel=\"noreferrer noopener\"> Aluguel de M\u00e1quina de Caf\u00e9<\/a><\/div>\n\n\n\n<div class=\"wp-block-button has-custom-font-size is-style-outline is-style-outline--2\" style=\"font-size:15px\"><a class=\"wp-block-button__link wp-element-button\" href=\"https:\/\/essencialmaquinas.com.br\/maquina-de-cafe-para-venda\" target=\"_blank\" rel=\"noreferrer noopener\"> M\u00e1quina de Caf\u00e9 para Venda <\/a><\/div>\n\n\n\n<div class=\"wp-block-button has-custom-font-size is-style-outline is-style-outline--3\" style=\"font-size:15px\"><a class=\"wp-block-button__link wp-element-button\" href=\"https:\/\/essencialmaquinas.com.br\/maquina-de-cafe-comodato\" target=\"_blank\" rel=\"noreferrer noopener\">M\u00e1quina de Caf\u00e9 em Comodato<\/a><\/div>\n\n\n\n<div class=\"wp-block-button has-custom-font-size is-style-outline is-style-outline--4\" style=\"font-size:15px\"><a class=\"wp-block-button__link wp-element-button\" href=\"https:\/\/essencialmaquinas.com.br\/maquina-de-cafe-para-evento\" target=\"_blank\" rel=\"noreferrer noopener\">M\u00e1quina de Caf\u00e9 para Evento<\/a><\/div>\n<\/div>\n<\/div>\n\n\n\n<div class=\"wp-block-column is-layout-flow wp-block-column-is-layout-flow\"><\/div>\n<\/div>\n<\/div><\/div>\n\n\n\n<p>Ligue em um dos nossos telefones &#8211; <a href=\"tel:+55-51-35190772\">(51) 3519.0772<\/a> ou <a href=\"tel:+55-51-35190772\">(51) <\/a><a href=\"tel:+55-51-35190776\">3519.0776<\/a>, <a rel=\"noreferrer noopener\" href=\"https:\/\/essencialmaquinas.com.br\/\" target=\"_blank\">visite nosso site<\/a> ou nos chame no <a rel=\"noreferrer noopener\" href=\"https:\/\/api.whatsapp.com\/send?phone=5551997172863\" target=\"_blank\">WhatsApp da Essencial M\u00e1quina de Caf\u00e9<\/a> e fique por dentro de todos os produtos que oferecemos, al\u00e9m das condi\u00e7\u00f5es de contrato e op\u00e7\u00f5es para o seu escrit\u00f3rio.<\/p>\n<\/div>\n","protected":false},"excerpt":{"rendered":"<p>Voc\u00ea j\u00e1 reparou que as melhores ideias costumam surgir com uma boa x\u00edcara de caf\u00e9? Em muitas empresas, o cantinho do caf\u00e9 deixou de ser&#8230;<\/p>\n","protected":false},"author":4,"featured_media":6200,"comment_status":"closed","ping_status":"closed","sticky":false,"template":"","format":"standard","meta":{"footnotes":""},"categories":[26,23],"tags":[116,117],"class_list":{"0":"post-6199","1":"post","2":"type-post","3":"status-publish","4":"format-standard","5":"has-post-thumbnail","7":"category-dicas","8":"category-maquinas-de-cafe","9":"tag-cafe-corporativo","10":"tag-cantinho-do-cafe"},"yoast_head":"<!-- This site is optimized with the Yoast SEO plugin v27.5 - https:\/\/yoast.com\/product\/yoast-seo-wordpress\/ -->\n<title>Cantinho do Caf\u00e9 Corporativo: Dicas para um Espa\u00e7o Inspirador<\/title>\n<meta name=\"description\" content=\"Descubra como montar um cantinho do caf\u00e9 corporativo que estimule criatividade, integra\u00e7\u00e3o e bem-estar no ambiente de trabalho.\" \/>\n<meta name=\"robots\" content=\"index, follow, max-snippet:-1, max-image-preview:large, max-video-preview:-1\" \/>\n<link rel=\"canonical\" href=\"https:\/\/essencialmaquinas.com.br\/blog\/cantinho-do-cafe-corporativo-dicas-para-um-espaco-inspirador\/\" \/>\n<meta property=\"og:locale\" content=\"pt_BR\" \/>\n<meta property=\"og:type\" content=\"article\" \/>\n<meta property=\"og:title\" content=\"Cantinho do Caf\u00e9 Corporativo: Dicas para um Espa\u00e7o Inspirador\" \/>\n<meta property=\"og:description\" content=\"Descubra como montar um cantinho do caf\u00e9 corporativo que estimule criatividade, integra\u00e7\u00e3o e bem-estar no ambiente de trabalho.\" \/>\n<meta property=\"og:url\" content=\"https:\/\/essencialmaquinas.com.br\/blog\/cantinho-do-cafe-corporativo-dicas-para-um-espaco-inspirador\/\" \/>\n<meta property=\"og:site_name\" content=\"Essencial M\u00e1quinas de Caf\u00e9\" \/>\n<meta property=\"article:publisher\" content=\"https:\/\/www.facebook.com\/essencialmaquinas\/\" \/>\n<meta property=\"article:published_time\" content=\"2025-10-23T13:15:55+00:00\" \/>\n<meta property=\"article:modified_time\" content=\"2025-10-23T13:20:30+00:00\" \/>\n<meta property=\"og:image\" content=\"https:\/\/essencialmaquinas.com.br\/blog\/wp-content\/uploads\/2025\/10\/Cantinho-do-Cafe-Corporativo.webp\" \/>\n\t<meta property=\"og:image:width\" content=\"2000\" \/>\n\t<meta property=\"og:image:height\" content=\"1539\" \/>\n\t<meta property=\"og:image:type\" content=\"image\/webp\" \/>\n<meta name=\"author\" content=\"Diogo Negrello\" \/>\n<meta name=\"twitter:card\" content=\"summary_large_image\" \/>\n<meta name=\"twitter:label1\" content=\"Escrito por\" \/>\n\t<meta name=\"twitter:data1\" content=\"Diogo Negrello\" \/>\n\t<meta name=\"twitter:label2\" content=\"Est. tempo de leitura\" \/>\n\t<meta name=\"twitter:data2\" content=\"3 minutos\" \/>\n<script type=\"application\/ld+json\" class=\"yoast-schema-graph\">{\"@context\":\"https:\\\/\\\/schema.org\",\"@graph\":[{\"@type\":\"Article\",\"@id\":\"https:\\\/\\\/essencialmaquinas.com.br\\\/blog\\\/cantinho-do-cafe-corporativo-dicas-para-um-espaco-inspirador\\\/#article\",\"isPartOf\":{\"@id\":\"https:\\\/\\\/essencialmaquinas.com.br\\\/blog\\\/cantinho-do-cafe-corporativo-dicas-para-um-espaco-inspirador\\\/\"},\"author\":{\"name\":\"Diogo Negrello\",\"@id\":\"https:\\\/\\\/essencialmaquinas.com.br\\\/#\\\/schema\\\/person\\\/c321763d791f5ab47f06f495e1c03e24\"},\"headline\":\"Cantinho do Caf\u00e9 Corporativo: Como Criar um Espa\u00e7o que Inspire Criatividade\",\"datePublished\":\"2025-10-23T13:15:55+00:00\",\"dateModified\":\"2025-10-23T13:20:30+00:00\",\"mainEntityOfPage\":{\"@id\":\"https:\\\/\\\/essencialmaquinas.com.br\\\/blog\\\/cantinho-do-cafe-corporativo-dicas-para-um-espaco-inspirador\\\/\"},\"wordCount\":625,\"publisher\":{\"@id\":\"https:\\\/\\\/essencialmaquinas.com.br\\\/#organization\"},\"image\":{\"@id\":\"https:\\\/\\\/essencialmaquinas.com.br\\\/blog\\\/cantinho-do-cafe-corporativo-dicas-para-um-espaco-inspirador\\\/#primaryimage\"},\"thumbnailUrl\":\"https:\\\/\\\/essencialmaquinas.com.br\\\/blog\\\/wp-content\\\/uploads\\\/2025\\\/10\\\/Cantinho-do-Cafe-Corporativo.webp\",\"keywords\":[\"Caf\u00e9 Corporativo\",\"cantinho do caf\u00e9\"],\"articleSection\":[\"Dicas\",\"M\u00e1quinas de Caf\u00e9\"],\"inLanguage\":\"pt-BR\"},{\"@type\":\"WebPage\",\"@id\":\"https:\\\/\\\/essencialmaquinas.com.br\\\/blog\\\/cantinho-do-cafe-corporativo-dicas-para-um-espaco-inspirador\\\/\",\"url\":\"https:\\\/\\\/essencialmaquinas.com.br\\\/blog\\\/cantinho-do-cafe-corporativo-dicas-para-um-espaco-inspirador\\\/\",\"name\":\"Cantinho do Caf\u00e9 Corporativo: Dicas para um Espa\u00e7o Inspirador\",\"isPartOf\":{\"@id\":\"https:\\\/\\\/essencialmaquinas.com.br\\\/#website\"},\"primaryImageOfPage\":{\"@id\":\"https:\\\/\\\/essencialmaquinas.com.br\\\/blog\\\/cantinho-do-cafe-corporativo-dicas-para-um-espaco-inspirador\\\/#primaryimage\"},\"image\":{\"@id\":\"https:\\\/\\\/essencialmaquinas.com.br\\\/blog\\\/cantinho-do-cafe-corporativo-dicas-para-um-espaco-inspirador\\\/#primaryimage\"},\"thumbnailUrl\":\"https:\\\/\\\/essencialmaquinas.com.br\\\/blog\\\/wp-content\\\/uploads\\\/2025\\\/10\\\/Cantinho-do-Cafe-Corporativo.webp\",\"datePublished\":\"2025-10-23T13:15:55+00:00\",\"dateModified\":\"2025-10-23T13:20:30+00:00\",\"description\":\"Descubra como montar um cantinho do caf\u00e9 corporativo que estimule criatividade, integra\u00e7\u00e3o e bem-estar no ambiente de trabalho.\",\"breadcrumb\":{\"@id\":\"https:\\\/\\\/essencialmaquinas.com.br\\\/blog\\\/cantinho-do-cafe-corporativo-dicas-para-um-espaco-inspirador\\\/#breadcrumb\"},\"inLanguage\":\"pt-BR\",\"potentialAction\":[{\"@type\":\"ReadAction\",\"target\":[\"https:\\\/\\\/essencialmaquinas.com.br\\\/blog\\\/cantinho-do-cafe-corporativo-dicas-para-um-espaco-inspirador\\\/\"]}]},{\"@type\":\"ImageObject\",\"inLanguage\":\"pt-BR\",\"@id\":\"https:\\\/\\\/essencialmaquinas.com.br\\\/blog\\\/cantinho-do-cafe-corporativo-dicas-para-um-espaco-inspirador\\\/#primaryimage\",\"url\":\"https:\\\/\\\/essencialmaquinas.com.br\\\/blog\\\/wp-content\\\/uploads\\\/2025\\\/10\\\/Cantinho-do-Cafe-Corporativo.webp\",\"contentUrl\":\"https:\\\/\\\/essencialmaquinas.com.br\\\/blog\\\/wp-content\\\/uploads\\\/2025\\\/10\\\/Cantinho-do-Cafe-Corporativo.webp\",\"width\":2000,\"height\":1539,\"caption\":\"Photo by https:\\\/\\\/br.freepik.com\\\/fotos-gratis\\\/colegas-comendo-pizza-e-cafe-durante-um-intervalo-de-reuniao-de-escritorio_12065618.htm\"},{\"@type\":\"BreadcrumbList\",\"@id\":\"https:\\\/\\\/essencialmaquinas.com.br\\\/blog\\\/cantinho-do-cafe-corporativo-dicas-para-um-espaco-inspirador\\\/#breadcrumb\",\"itemListElement\":[{\"@type\":\"ListItem\",\"position\":1,\"name\":\"In\u00edcio\",\"item\":\"https:\\\/\\\/essencialmaquinas.com.br\\\/blog\\\/\"},{\"@type\":\"ListItem\",\"position\":2,\"name\":\"Dicas\",\"item\":\"https:\\\/\\\/essencialmaquinas.com.br\\\/blog\\\/category\\\/dicas\\\/\"},{\"@type\":\"ListItem\",\"position\":3,\"name\":\"Cantinho do Caf\u00e9 Corporativo: Como Criar um Espa\u00e7o que Inspire Criatividade\"}]},{\"@type\":\"WebSite\",\"@id\":\"https:\\\/\\\/essencialmaquinas.com.br\\\/#website\",\"url\":\"https:\\\/\\\/essencialmaquinas.com.br\\\/\",\"name\":\"Essencial M\u00e1quinas de Caf\u00e9\",\"description\":\"Novidades e curiosidades sobre as m\u00e1quinas de caf\u00e9 e insumos\",\"publisher\":{\"@id\":\"https:\\\/\\\/essencialmaquinas.com.br\\\/#organization\"},\"potentialAction\":[{\"@type\":\"SearchAction\",\"target\":{\"@type\":\"EntryPoint\",\"urlTemplate\":\"https:\\\/\\\/essencialmaquinas.com.br\\\/?s={search_term_string}\"},\"query-input\":{\"@type\":\"PropertyValueSpecification\",\"valueRequired\":true,\"valueName\":\"search_term_string\"}}],\"inLanguage\":\"pt-BR\"},{\"@type\":\"Organization\",\"@id\":\"https:\\\/\\\/essencialmaquinas.com.br\\\/#organization\",\"name\":\"Essencial M\u00e1quinas de Caf\u00e9\",\"url\":\"https:\\\/\\\/essencialmaquinas.com.br\\\/\",\"logo\":{\"@type\":\"ImageObject\",\"inLanguage\":\"pt-BR\",\"@id\":\"https:\\\/\\\/essencialmaquinas.com.br\\\/#\\\/schema\\\/logo\\\/image\\\/\",\"url\":\"https:\\\/\\\/essencialmaquinas.com.br\\\/blog\\\/wp-content\\\/uploads\\\/2021\\\/12\\\/essencial-maquinas-logo.png\",\"contentUrl\":\"https:\\\/\\\/essencialmaquinas.com.br\\\/blog\\\/wp-content\\\/uploads\\\/2021\\\/12\\\/essencial-maquinas-logo.png\",\"width\":250,\"height\":67,\"caption\":\"Essencial M\u00e1quinas de Caf\u00e9\"},\"image\":{\"@id\":\"https:\\\/\\\/essencialmaquinas.com.br\\\/#\\\/schema\\\/logo\\\/image\\\/\"},\"sameAs\":[\"https:\\\/\\\/www.facebook.com\\\/essencialmaquinas\\\/\",\"https:\\\/\\\/www.instagram.com\\\/essencial_maquinas\\\/\",\"https:\\\/\\\/www.youtube.com\\\/channel\\\/UCRV9nmg2xPS4gy_Lil7BWVQ\"]},{\"@type\":\"Person\",\"@id\":\"https:\\\/\\\/essencialmaquinas.com.br\\\/#\\\/schema\\\/person\\\/c321763d791f5ab47f06f495e1c03e24\",\"name\":\"Diogo Negrello\",\"image\":{\"@type\":\"ImageObject\",\"inLanguage\":\"pt-BR\",\"@id\":\"https:\\\/\\\/essencialmaquinas.com.br\\\/blog\\\/wp-content\\\/uploads\\\/2025\\\/10\\\/cropped-diogo-negrello-96x96.webp\",\"url\":\"https:\\\/\\\/essencialmaquinas.com.br\\\/blog\\\/wp-content\\\/uploads\\\/2025\\\/10\\\/cropped-diogo-negrello-96x96.webp\",\"contentUrl\":\"https:\\\/\\\/essencialmaquinas.com.br\\\/blog\\\/wp-content\\\/uploads\\\/2025\\\/10\\\/cropped-diogo-negrello-96x96.webp\",\"caption\":\"Diogo Negrello\"},\"description\":\"Diogo Artur Negrello \u00e9 CEO da Essencial M\u00e1quinas de Caf\u00e9, sediada em Porto Alegre (RS). Formado pela PUC-RS, Diogo lidera a empresa desde sua funda\u00e7\u00e3o em 2015, atuando no mercado de loca\u00e7\u00e3o, venda e manuten\u00e7\u00e3o de m\u00e1quinas autom\u00e1ticas de caf\u00e9 para ambientes corporativos e eventos. Com foco em excel\u00eancia, inova\u00e7\u00e3o e experi\u00eancia de consumo, acredita que \u201cuma boa x\u00edcara de caf\u00e9 pode ser o come\u00e7o de grandes ideias\u201d. Fora do expediente, \u00e9 casado, torcedor do SC Internacional e est\u00e1 sempre aprendendo. Siga-o no Instagram @diogonegrello para acompanhar sua vis\u00e3o e a trajet\u00f3ria da Essencial M\u00e1quinas de Caf\u00e9.\",\"sameAs\":[\"https:\\\/\\\/essencialmaquinas.com.br\\\/\",\"https:\\\/\\\/www.instagram.com\\\/diogonegrello\\\/\"],\"url\":\"https:\\\/\\\/essencialmaquinas.com.br\\\/blog\\\/author\\\/negrello_diogo_redator\\\/\"}]}<\/script>\n<!-- \/ Yoast SEO plugin. -->","yoast_head_json":{"title":"Cantinho do Caf\u00e9 Corporativo: Dicas para um Espa\u00e7o Inspirador","description":"Descubra como montar um cantinho do caf\u00e9 corporativo que estimule criatividade, integra\u00e7\u00e3o e bem-estar no ambiente de trabalho.","robots":{"index":"index","follow":"follow","max-snippet":"max-snippet:-1","max-image-preview":"max-image-preview:large","max-video-preview":"max-video-preview:-1"},"canonical":"https:\/\/essencialmaquinas.com.br\/blog\/cantinho-do-cafe-corporativo-dicas-para-um-espaco-inspirador\/","og_locale":"pt_BR","og_type":"article","og_title":"Cantinho do Caf\u00e9 Corporativo: Dicas para um Espa\u00e7o Inspirador","og_description":"Descubra como montar um cantinho do caf\u00e9 corporativo que estimule criatividade, integra\u00e7\u00e3o e bem-estar no ambiente de trabalho.","og_url":"https:\/\/essencialmaquinas.com.br\/blog\/cantinho-do-cafe-corporativo-dicas-para-um-espaco-inspirador\/","og_site_name":"Essencial M\u00e1quinas de Caf\u00e9","article_publisher":"https:\/\/www.facebook.com\/essencialmaquinas\/","article_published_time":"2025-10-23T13:15:55+00:00","article_modified_time":"2025-10-23T13:20:30+00:00","og_image":[{"width":2000,"height":1539,"url":"https:\/\/essencialmaquinas.com.br\/blog\/wp-content\/uploads\/2025\/10\/Cantinho-do-Cafe-Corporativo.webp","type":"image\/webp"}],"author":"Diogo Negrello","twitter_card":"summary_large_image","twitter_misc":{"Escrito por":"Diogo Negrello","Est. tempo de leitura":"3 minutos"},"schema":{"@context":"https:\/\/schema.org","@graph":[{"@type":"Article","@id":"https:\/\/essencialmaquinas.com.br\/blog\/cantinho-do-cafe-corporativo-dicas-para-um-espaco-inspirador\/#article","isPartOf":{"@id":"https:\/\/essencialmaquinas.com.br\/blog\/cantinho-do-cafe-corporativo-dicas-para-um-espaco-inspirador\/"},"author":{"name":"Diogo Negrello","@id":"https:\/\/essencialmaquinas.com.br\/#\/schema\/person\/c321763d791f5ab47f06f495e1c03e24"},"headline":"Cantinho do Caf\u00e9 Corporativo: Como Criar um Espa\u00e7o que Inspire Criatividade","datePublished":"2025-10-23T13:15:55+00:00","dateModified":"2025-10-23T13:20:30+00:00","mainEntityOfPage":{"@id":"https:\/\/essencialmaquinas.com.br\/blog\/cantinho-do-cafe-corporativo-dicas-para-um-espaco-inspirador\/"},"wordCount":625,"publisher":{"@id":"https:\/\/essencialmaquinas.com.br\/#organization"},"image":{"@id":"https:\/\/essencialmaquinas.com.br\/blog\/cantinho-do-cafe-corporativo-dicas-para-um-espaco-inspirador\/#primaryimage"},"thumbnailUrl":"https:\/\/essencialmaquinas.com.br\/blog\/wp-content\/uploads\/2025\/10\/Cantinho-do-Cafe-Corporativo.webp","keywords":["Caf\u00e9 Corporativo","cantinho do caf\u00e9"],"articleSection":["Dicas","M\u00e1quinas de Caf\u00e9"],"inLanguage":"pt-BR"},{"@type":"WebPage","@id":"https:\/\/essencialmaquinas.com.br\/blog\/cantinho-do-cafe-corporativo-dicas-para-um-espaco-inspirador\/","url":"https:\/\/essencialmaquinas.com.br\/blog\/cantinho-do-cafe-corporativo-dicas-para-um-espaco-inspirador\/","name":"Cantinho do Caf\u00e9 Corporativo: Dicas para um Espa\u00e7o Inspirador","isPartOf":{"@id":"https:\/\/essencialmaquinas.com.br\/#website"},"primaryImageOfPage":{"@id":"https:\/\/essencialmaquinas.com.br\/blog\/cantinho-do-cafe-corporativo-dicas-para-um-espaco-inspirador\/#primaryimage"},"image":{"@id":"https:\/\/essencialmaquinas.com.br\/blog\/cantinho-do-cafe-corporativo-dicas-para-um-espaco-inspirador\/#primaryimage"},"thumbnailUrl":"https:\/\/essencialmaquinas.com.br\/blog\/wp-content\/uploads\/2025\/10\/Cantinho-do-Cafe-Corporativo.webp","datePublished":"2025-10-23T13:15:55+00:00","dateModified":"2025-10-23T13:20:30+00:00","description":"Descubra como montar um cantinho do caf\u00e9 corporativo que estimule criatividade, integra\u00e7\u00e3o e bem-estar no ambiente de trabalho.","breadcrumb":{"@id":"https:\/\/essencialmaquinas.com.br\/blog\/cantinho-do-cafe-corporativo-dicas-para-um-espaco-inspirador\/#breadcrumb"},"inLanguage":"pt-BR","potentialAction":[{"@type":"ReadAction","target":["https:\/\/essencialmaquinas.com.br\/blog\/cantinho-do-cafe-corporativo-dicas-para-um-espaco-inspirador\/"]}]},{"@type":"ImageObject","inLanguage":"pt-BR","@id":"https:\/\/essencialmaquinas.com.br\/blog\/cantinho-do-cafe-corporativo-dicas-para-um-espaco-inspirador\/#primaryimage","url":"https:\/\/essencialmaquinas.com.br\/blog\/wp-content\/uploads\/2025\/10\/Cantinho-do-Cafe-Corporativo.webp","contentUrl":"https:\/\/essencialmaquinas.com.br\/blog\/wp-content\/uploads\/2025\/10\/Cantinho-do-Cafe-Corporativo.webp","width":2000,"height":1539,"caption":"Photo by https:\/\/br.freepik.com\/fotos-gratis\/colegas-comendo-pizza-e-cafe-durante-um-intervalo-de-reuniao-de-escritorio_12065618.htm"},{"@type":"BreadcrumbList","@id":"https:\/\/essencialmaquinas.com.br\/blog\/cantinho-do-cafe-corporativo-dicas-para-um-espaco-inspirador\/#breadcrumb","itemListElement":[{"@type":"ListItem","position":1,"name":"In\u00edcio","item":"https:\/\/essencialmaquinas.com.br\/blog\/"},{"@type":"ListItem","position":2,"name":"Dicas","item":"https:\/\/essencialmaquinas.com.br\/blog\/category\/dicas\/"},{"@type":"ListItem","position":3,"name":"Cantinho do Caf\u00e9 Corporativo: Como Criar um Espa\u00e7o que Inspire Criatividade"}]},{"@type":"WebSite","@id":"https:\/\/essencialmaquinas.com.br\/#website","url":"https:\/\/essencialmaquinas.com.br\/","name":"Essencial M\u00e1quinas de Caf\u00e9","description":"Novidades e curiosidades sobre as m\u00e1quinas de caf\u00e9 e insumos","publisher":{"@id":"https:\/\/essencialmaquinas.com.br\/#organization"},"potentialAction":[{"@type":"SearchAction","target":{"@type":"EntryPoint","urlTemplate":"https:\/\/essencialmaquinas.com.br\/?s={search_term_string}"},"query-input":{"@type":"PropertyValueSpecification","valueRequired":true,"valueName":"search_term_string"}}],"inLanguage":"pt-BR"},{"@type":"Organization","@id":"https:\/\/essencialmaquinas.com.br\/#organization","name":"Essencial M\u00e1quinas de Caf\u00e9","url":"https:\/\/essencialmaquinas.com.br\/","logo":{"@type":"ImageObject","inLanguage":"pt-BR","@id":"https:\/\/essencialmaquinas.com.br\/#\/schema\/logo\/image\/","url":"https:\/\/essencialmaquinas.com.br\/blog\/wp-content\/uploads\/2021\/12\/essencial-maquinas-logo.png","contentUrl":"https:\/\/essencialmaquinas.com.br\/blog\/wp-content\/uploads\/2021\/12\/essencial-maquinas-logo.png","width":250,"height":67,"caption":"Essencial M\u00e1quinas de Caf\u00e9"},"image":{"@id":"https:\/\/essencialmaquinas.com.br\/#\/schema\/logo\/image\/"},"sameAs":["https:\/\/www.facebook.com\/essencialmaquinas\/","https:\/\/www.instagram.com\/essencial_maquinas\/","https:\/\/www.youtube.com\/channel\/UCRV9nmg2xPS4gy_Lil7BWVQ"]},{"@type":"Person","@id":"https:\/\/essencialmaquinas.com.br\/#\/schema\/person\/c321763d791f5ab47f06f495e1c03e24","name":"Diogo Negrello","image":{"@type":"ImageObject","inLanguage":"pt-BR","@id":"https:\/\/essencialmaquinas.com.br\/blog\/wp-content\/uploads\/2025\/10\/cropped-diogo-negrello-96x96.webp","url":"https:\/\/essencialmaquinas.com.br\/blog\/wp-content\/uploads\/2025\/10\/cropped-diogo-negrello-96x96.webp","contentUrl":"https:\/\/essencialmaquinas.com.br\/blog\/wp-content\/uploads\/2025\/10\/cropped-diogo-negrello-96x96.webp","caption":"Diogo Negrello"},"description":"Diogo Artur Negrello \u00e9 CEO da Essencial M\u00e1quinas de Caf\u00e9, sediada em Porto Alegre (RS). Formado pela PUC-RS, Diogo lidera a empresa desde sua funda\u00e7\u00e3o em 2015, atuando no mercado de loca\u00e7\u00e3o, venda e manuten\u00e7\u00e3o de m\u00e1quinas autom\u00e1ticas de caf\u00e9 para ambientes corporativos e eventos. Com foco em excel\u00eancia, inova\u00e7\u00e3o e experi\u00eancia de consumo, acredita que \u201cuma boa x\u00edcara de caf\u00e9 pode ser o come\u00e7o de grandes ideias\u201d. Fora do expediente, \u00e9 casado, torcedor do SC Internacional e est\u00e1 sempre aprendendo. Siga-o no Instagram @diogonegrello para acompanhar sua vis\u00e3o e a trajet\u00f3ria da Essencial M\u00e1quinas de Caf\u00e9.","sameAs":["https:\/\/essencialmaquinas.com.br\/","https:\/\/www.instagram.com\/diogonegrello\/"],"url":"https:\/\/essencialmaquinas.com.br\/blog\/author\/negrello_diogo_redator\/"}]}},"_links":{"self":[{"href":"https:\/\/essencialmaquinas.com.br\/blog\/wp-json\/wp\/v2\/posts\/6199","targetHints":{"allow":["GET"]}}],"collection":[{"href":"https:\/\/essencialmaquinas.com.br\/blog\/wp-json\/wp\/v2\/posts"}],"about":[{"href":"https:\/\/essencialmaquinas.com.br\/blog\/wp-json\/wp\/v2\/types\/post"}],"author":[{"embeddable":true,"href":"https:\/\/essencialmaquinas.com.br\/blog\/wp-json\/wp\/v2\/users\/4"}],"replies":[{"embeddable":true,"href":"https:\/\/essencialmaquinas.com.br\/blog\/wp-json\/wp\/v2\/comments?post=6199"}],"version-history":[{"count":4,"href":"https:\/\/essencialmaquinas.com.br\/blog\/wp-json\/wp\/v2\/posts\/6199\/revisions"}],"predecessor-version":[{"id":6206,"href":"https:\/\/essencialmaquinas.com.br\/blog\/wp-json\/wp\/v2\/posts\/6199\/revisions\/6206"}],"wp:featuredmedia":[{"embeddable":true,"href":"https:\/\/essencialmaquinas.com.br\/blog\/wp-json\/wp\/v2\/media\/6200"}],"wp:attachment":[{"href":"https:\/\/essencialmaquinas.com.br\/blog\/wp-json\/wp\/v2\/media?parent=6199"}],"wp:term":[{"taxonomy":"category","embeddable":true,"href":"https:\/\/essencialmaquinas.com.br\/blog\/wp-json\/wp\/v2\/categories?post=6199"},{"taxonomy":"post_tag","embeddable":true,"href":"https:\/\/essencialmaquinas.com.br\/blog\/wp-json\/wp\/v2\/tags?post=6199"}],"curies":[{"name":"wp","href":"https:\/\/api.w.org\/{rel}","templated":true}]}}